{"id":1153472,"date":"2026-07-09T05:00:15","date_gmt":"2026-07-09T05:00:15","guid":{"rendered":"https:\/\/www.europesays.com\/de\/1153472\/"},"modified":"2026-07-09T05:00:15","modified_gmt":"2026-07-09T05:00:15","slug":"fahrgaeste-aergern-sich-immer-noch-probleme-mit-der-buslinie-38-in-augsburg-berheim","status":"publish","type":"post","link":"https:\/\/www.europesays.com\/de\/1153472\/","title":{"rendered":"Fahrg\u00e4ste \u00e4rgern sich: Immer noch Probleme mit der Buslinie 38 in Augsburg-Berheim"},"content":{"rendered":"<p class=\"mb-6 text-xs-varying md:text-m lg:text-l font-serif group-[.font-sans]:font-sans \">\n    Die Buslinie 38 von <a href=\"https:\/\/www.augsburger-allgemeine.de\/augsburg\/ort\/bergheim\" target=\"_self\" class=\"underline \" rel=\"nofollow noopener\">Bergheim<\/a> nach Inningen bleibt das Sorgenkind der Bergheimer. Zwar haben die Stadtwerke einen Gro\u00dfteil der Versp\u00e4tungsprobleme durch Einsatz eines dritten Busses entsch\u00e4rft \u2013 aber noch immer bleiben Fahrg\u00e4ste an den Haltestellen stehen, weil die Busse \u00fcberf\u00fcllt sind oder weil die Fahrer Haltestellen auslassen, um Zeit zu sparen, berichten Fahrg\u00e4ste.\n  <\/p>\n<p>            Probleme mit der P\u00fcnktlichkeit und zahlreiche Beschwerden der Anwohner<\/p>\n<p class=\"mb-6 text-xs-varying md:text-m lg:text-l font-serif group-[.font-sans]:font-sans \">\n    <a href=\"https:\/\/www.augsburger-allgemeine.de\/augsburg\/zusaetzlicher-bus-auf-der-linie-38-114005570\" target=\"_self\" class=\"underline \" rel=\"nofollow noopener\">Seit dem 20. April fahren auf der Linie jetzt drei Busse, obwohl sich am Takt nichts ge\u00e4ndert hat.<\/a> Vorausgegangen waren der Entscheidung der Stadtwerke gro\u00dfe Probleme mit der P\u00fcnktlichkeit und zahlreiche Beschwerden der Anwohner. Grunds\u00e4tzlich ist die Linie seit Jahren extern an private Busunternehmen vergeben, doch um nun schnell nachzusteuern, hat die Stadt die Stadtwerke mit dem Zusatzfahrzeug beauftragt. F\u00fcr die Kosten der bis zu den Sommerferien befristeten Ma\u00dfnahme kommt die Stadt auf.\n  <\/p>\n<p class=\"mb-6 text-xs-varying md:text-m lg:text-l font-serif group-[.font-sans]:font-sans \">\n    Nach Angaben der Stadtwerke hat sich die Situation auf der Linie 38 durch den Einsatz des dritten Busses wie erwartet deutlich stabilisiert. Der zus\u00e4tzliche Bus dient vor allem als Puffer an den Endhaltestellen. Bislang kamen die Fahrzeuge wegen Versp\u00e4tungen auf der Strecke bereits versp\u00e4tet an und starteten dadurch auch ihren n\u00e4chsten Umlauf zu sp\u00e4t. Auf der folgenden Fahrt bauten sich wegen der bekannten Probleme \u2013 zus\u00e4tzlicher Tempo-30-Regelungen und enger, teils durch Hindernisse blockierter Fahrbahnen \u2013 weitere Verz\u00f6gerungen auf. Die Versp\u00e4tungen summierten sich dadurch \u00fcber mehrere Uml\u00e4ufe hinweg.\n  <\/p>\n<p>            Der Dritte Bus hat die Versp\u00e4tungskette unterbrochen<\/p>\n<p class=\"mb-6 text-xs-varying md:text-m lg:text-l font-serif group-[.font-sans]:font-sans \">\n    Mit dem dritten Bus werde diese Kette nun unterbrochen: Zwar tr\u00e4fen die Busse weiterhin mit Versp\u00e4tung an den Endhaltestellen ein, den n\u00e4chsten Umlauf k\u00f6nne aber bereits das Zusatzfahrzeug p\u00fcnktlich \u00fcbernehmen. Eine \u00c4nderung des Fahrplans habe es nicht gegeben. Den Eindruck, die Fahrer w\u00fcrden nun schneller fahren, wie manche Fahrg\u00e4ste vermutet hatten, weisen die Stadtwerke zur\u00fcck. Dies w\u00fcrde bedeuten, dass sich die Fahrer \u00fcber die Stra\u00dfenverkehrsordnung hinwegsetzen oder zuvor bewusst langsam gefahren w\u00e4ren \u2013 beides treffe nicht zu.\n  <\/p>\n<p class=\"mb-6 text-xs-varying md:text-m lg:text-l font-serif group-[.font-sans]:font-sans \">\n    \u201eDie Busse sind jetzt wirklich wesentlich p\u00fcnktlicher, aber was ist, wenn die Ma\u00dfnahme zu den Sommerferien ausl\u00e4uft\u201c, will die Bergheimerin Gertraud Buchroth wissen. Die Seniorin hatte sich im Fr\u00fchjahr bei den Stadtwerken beschwert und dabei auch eine Unterschriftenliste vorgelegt, auf der etliche Bergheimer unterschrieben haben. Sie f\u00fcrchtet, dass die Probleme ohne den dritten Bus wieder von vorne losgehen k\u00f6nnten.\n  <\/p>\n<p>            Arge Vorsitzende gibt noch keine Entwarnung<\/p>\n<p class=\"mb-6 text-xs-varying md:text-m lg:text-l font-serif group-[.font-sans]:font-sans \">\n    Nach Einsch\u00e4tzung der Bergheimer Arge-Vorsitzenden Verena H\u00f6lzle hat sich die Lage auf der Linie 38 zwar verbessert, Entwarnung gibt sie aber nicht. \u201eDie Versp\u00e4tungen haben auf jeden Fall abgenommen\u201c, sagt sie. Der zus\u00e4tzliche Buseinsatz mache sich bemerkbar. \u201eEs ist auf jeden Fall deutlich besser geworden.\u201c Dennoch sei \u201edas Thema nicht erledigt\u201c. Immer wieder werde ihr von Versp\u00e4tungen und sogar Ausf\u00e4llen berichtet.\n  <\/p>\n<p class=\"mb-6 text-xs-varying md:text-m lg:text-l font-serif group-[.font-sans]:font-sans \">\n    Eltern erz\u00e4hlten ihr, dass Busse vorzeitig nach Inningen abbiegen oder Schulkinder an Haltestellen zur\u00fcckbleiben, weil die Fahrzeuge \u00fcberf\u00fcllt seien oder \u201ewirklich direkt vor der Nase wegfahren\u201c. Die Folge: \u201eGanze Kolonnen an Elterntaxis\u201c w\u00fcrden die Kinder mittags abholen. Gro\u00dfe Sorgen bereitet H\u00f6lzle zudem die Parksituation. Die Bergheimer Hauptstra\u00dfe und die Bergheimer Stra\u00dfe in Inningen seien \u201eso zugeparkt, dass da keiner durchkommt\u201c. Betroffen seien nicht nur die Busse. Nach R\u00fcckmeldungen der Feuerwehr h\u00e4tten auch Einsatzfahrzeuge Probleme, die Stra\u00dfen zu passieren, ebenso wie Landwirte mit ihren Zugmaschinen. Deshalb fordert H\u00f6lzle weitere Halteverbote und nachhaltige L\u00f6sungen f\u00fcr die Verkehrssituation.\n  <\/p>\n","protected":false},"excerpt":{"rendered":"Die Buslinie 38 von Bergheim nach Inningen bleibt das Sorgenkind der Bergheimer. Zwar haben die Stadtwerke einen Gro\u00dfteil&hellip;\n","protected":false},"author":2,"featured_media":1153473,"comment_status":"","ping_status":"","sticky":false,"template":"","format":"standard","meta":{"footnotes":"","_share_on_mastodon":"0"},"categories":[1846],"tags":[680,772,37213,87298,3364,29,548,663,3934,514,985,30,242063,6513,13,155397,14,15,12,6397,242062,2898],"class_list":["post-1153472","post","type-post","status-publish","format-standard","has-post-thumbnail","category-augsburg","tag-augsburg","tag-bayern","tag-bergheim","tag-bergheimer-strasse","tag-de","tag-deutschland","tag-eu","tag-europa","tag-europe","tag-fahrzeug","tag-feuerwehr","tag-germany","tag-gertraud-buchroth","tag-haltestelle","tag-headlines","tag-inningen","tag-nachrichten","tag-news","tag-schlagzeilen","tag-stadtwerke","tag-verena-hoelzle","tag-verspaetung"],"share_on_mastodon":{"url":"https:\/\/pubeurope.com\/@de\/116888261562088099","error":""},"_links":{"self":[{"href":"https:\/\/www.europesays.com\/de\/wp-json\/wp\/v2\/posts\/1153472","targetHints":{"allow":["GET"]}}],"collection":[{"href":"https:\/\/www.europesays.com\/de\/wp-json\/wp\/v2\/posts"}],"about":[{"href":"https:\/\/www.europesays.com\/de\/wp-json\/wp\/v2\/types\/post"}],"author":[{"embeddable":true,"href":"https:\/\/www.europesays.com\/de\/wp-json\/wp\/v2\/users\/2"}],"replies":[{"embeddable":true,"href":"https:\/\/www.europesays.com\/de\/wp-json\/wp\/v2\/comments?post=1153472"}],"version-history":[{"count":0,"href":"https:\/\/www.europesays.com\/de\/wp-json\/wp\/v2\/posts\/1153472\/revisions"}],"wp:featuredmedia":[{"embeddable":true,"href":"https:\/\/www.europesays.com\/de\/wp-json\/wp\/v2\/media\/1153473"}],"wp:attachment":[{"href":"https:\/\/www.europesays.com\/de\/wp-json\/wp\/v2\/media?parent=1153472"}],"wp:term":[{"taxonomy":"category","embeddable":true,"href":"https:\/\/www.europesays.com\/de\/wp-json\/wp\/v2\/categories?post=1153472"},{"taxonomy":"post_tag","embeddable":true,"href":"https:\/\/www.europesays.com\/de\/wp-json\/wp\/v2\/tags?post=1153472"}],"curies":[{"name":"wp","href":"https:\/\/api.w.org\/{rel}","templated":true}]}}