{"id":1153514,"date":"2026-07-09T05:26:16","date_gmt":"2026-07-09T05:26:16","guid":{"rendered":"https:\/\/www.europesays.com\/de\/1153514\/"},"modified":"2026-07-09T05:26:16","modified_gmt":"2026-07-09T05:26:16","slug":"moers-23-kuenstler-verwandeln-laeden-in-galerien","status":"publish","type":"post","link":"https:\/\/www.europesays.com\/de\/1153514\/","title":{"rendered":"Moers: 23 K\u00fcnstler verwandeln L\u00e4den in Galerien"},"content":{"rendered":"<p class=\"text_ohne_einzug richtext text-em-55 !leading-serif mx-6 desktop:mx-0\">  Kunst erleben und shoppen k\u00f6nnen die Besucherinnen und Besucher der Moerser Innenstadt ab Dienstag, 14. Juli. Bis zum 31. August findet erstmals der Moerser Kunstbummel statt.<\/p>\n<p class=\"richtext text-em-55 !leading-serif mx-6 desktop:mx-0\">Die Idee dazu hatten die beiden Moerser K\u00fcnstlerinnen Gaby Kienle und Christine Cleef beim letzten Moerser KunstFr\u00fchling des Kulturb\u00fcros Moers. Das Kulturb\u00fcro unterst\u00fctzt auch die neue Veranstaltung. In 28 Einzelhandelsgesch\u00e4ften pr\u00e4sentieren 23 regionale K\u00fcnstlerinnen und K\u00fcnstler ihr Schaffen.<\/p>\n<p>Werke von realistisch bis abstrakt       <\/p>\n<p class=\"richtext text-em-55 !leading-serif mx-6 desktop:mx-0\">\u201eZu sehen sind Werke von realistisch bis abstrakt \u2013 darunter Gem\u00e4lde in \u00d6l, Acryl und Aquarell, Fotografien sowie Arbeiten in Mischtechnik\u201c, erkl\u00e4rt Christine Cleef. Die Kunstwerke in der Preisspanne von 35 bis 1800 Euro k\u00f6nnen auch gekauft werden.<\/p>\n<p class=\"richtext text-em-55 !leading-serif mx-6 desktop:mx-0\">\u201eUnser Ziel ist es, lokale Kunstschaffende sichtbar zu machen sowie die Aufenthaltsqualit\u00e4t und kulturelle Attraktivit\u00e4t der Innenstadt zu st\u00e4rken\u201c, erl\u00e4utert Gaby Kienle. Am Freitag, 17. Juli, findet ab 10 Uhr am Neumarkt vor dem Teehaus Geschwendner eine kleine Begegnungsrunde mit einigen der beteiligten K\u00fcnstlerinnen und K\u00fcnstler statt. Bei einem gemeinsamen Teeumtrunk haben Interessierte die Gelegenheit, mit ihnen ins Gespr\u00e4ch zu kommen. Dort und in den anderen teilnehmenden Gesch\u00e4ften ist auch ein Flyer erh\u00e4ltlich, in dem alle Ort sowie K\u00fcnstlerinnen und K\u00fcnstler aufgef\u00fchrt sind.<\/p>\n","protected":false},"excerpt":{"rendered":"Kunst erleben und shoppen k\u00f6nnen die Besucherinnen und Besucher der Moerser Innenstadt ab Dienstag, 14. Juli. Bis zum&hellip;\n","protected":false},"author":2,"featured_media":1153515,"comment_status":"","ping_status":"","sticky":false,"template":"","format":"standard","meta":{"footnotes":"","_share_on_mastodon":"0"},"categories":[1838],"tags":[3807,57363,3364,29,3715,242070,15327,6409,30,64201,2065,3910,4815,4818,25500,1209,27898],"class_list":["post-1153514","post","type-post","status-publish","format-standard","has-post-thumbnail","category-duisburg","tag-moers","tag-57363","tag-de","tag-deutschland","tag-duisburg","tag-einzelhandelsgeschaeften","tag-fotografien","tag-gemaelde","tag-germany","tag-geschaeften","tag-innenstadt","tag-kuenstler","tag-kuenstlerinnen","tag-kunstwerke","tag-moerser","tag-nordrhein-westfalen","tag-werke"],"share_on_mastodon":{"url":"https:\/\/pubeurope.com\/@de\/116888363925993702","error":""},"_links":{"self":[{"href":"https:\/\/www.europesays.com\/de\/wp-json\/wp\/v2\/posts\/1153514","targetHints":{"allow":["GET"]}}],"collection":[{"href":"https:\/\/www.europesays.com\/de\/wp-json\/wp\/v2\/posts"}],"about":[{"href":"https:\/\/www.europesays.com\/de\/wp-json\/wp\/v2\/types\/post"}],"author":[{"embeddable":true,"href":"https:\/\/www.europesays.com\/de\/wp-json\/wp\/v2\/users\/2"}],"replies":[{"embeddable":true,"href":"https:\/\/www.europesays.com\/de\/wp-json\/wp\/v2\/comments?post=1153514"}],"version-history":[{"count":0,"href":"https:\/\/www.europesays.com\/de\/wp-json\/wp\/v2\/posts\/1153514\/revisions"}],"wp:featuredmedia":[{"embeddable":true,"href":"https:\/\/www.europesays.com\/de\/wp-json\/wp\/v2\/media\/1153515"}],"wp:attachment":[{"href":"https:\/\/www.europesays.com\/de\/wp-json\/wp\/v2\/media?parent=1153514"}],"wp:term":[{"taxonomy":"category","embeddable":true,"href":"https:\/\/www.europesays.com\/de\/wp-json\/wp\/v2\/categories?post=1153514"},{"taxonomy":"post_tag","embeddable":true,"href":"https:\/\/www.europesays.com\/de\/wp-json\/wp\/v2\/tags?post=1153514"}],"curies":[{"name":"wp","href":"https:\/\/api.w.org\/{rel}","templated":true}]}}