{"id":1153803,"date":"2026-07-09T08:18:15","date_gmt":"2026-07-09T08:18:15","guid":{"rendered":"https:\/\/www.europesays.com\/de\/1153803\/"},"modified":"2026-07-09T08:18:15","modified_gmt":"2026-07-09T08:18:15","slug":"medizinkonzept-fuer-zukunftssichere-versorgung-nuernberg","status":"publish","type":"post","link":"https:\/\/www.europesays.com\/de\/1153803\/","title":{"rendered":"Medizinkonzept f\u00fcr zukunftssichere Versorgung | N\u00dcRNBERG"},"content":{"rendered":"<p>09.07.2026<\/p>\n<p><strong>Zum 1. Januar 2027 \u00fcbernimmt das Klinikum N\u00fcrnberg die Klinik Hallerwiese-Cnopfsche Kinderklinik. Mit einem gemeinsamen Medizinkonzept haben beide H\u00e4user jetzt die Grundlage f\u00fcr die k\u00fcnftige medizinische Zusammenarbeit geschaffen. Das Konzept setzt Schwerpunkte f\u00fcr die Weiterentwicklung der N\u00fcrnberger Klinikstandorte und sichert eine langfristig leistungsf\u00e4hige Versorgung von Kindern, Jugendlichen und Erwachsenen in der Region. F\u00fcr Mitarbeitende und Patienten bleibt das medizinische Angebot im Jahr 2027 weitgehend unver\u00e4ndert.<\/strong><\/p>\n<p>Seit M\u00e4rz 2026 analysieren und entwickeln Expertenteams beider Kliniken die medizinischen Angebote und Versorgungsstrukturen gemeinsam weiter. Ziel ist es, bei der Integration der Klinik Hallerwiese-Cnopfsche Kinderklinik in das Klinikum N\u00fcrnberg ab 1. Januar 2027 die St\u00e4rken der Standorte gezielt zu nutzen, Doppelstrukturen zu vermeiden und Kompetenzen auszubauen. Die Arbeitsgruppen ber\u00fccksichtigen organisatorische und wirtschaftliche Bedingungen ebenso wie Strukturvorgaben der Krankenhausreform und den Versorgungsbedarf im Raum N\u00fcrnberg.<\/p>\n<p>Das Medizinkonzept, das den Mitarbeitenden beider H\u00e4user am 8. Juli vorgestellt wurde, legt die k\u00fcnftige fachliche Ausrichtung der Klinikstandorte fest. Es sieht je nach Fachbereich \u00f6rtliche B\u00fcndelungen, Spezialisierungen und Verlagerungen vor. Die Umsetzung erfolgt schrittweise. Im \u00dcbergangsjahr 2027 geht der Betrieb f\u00fcr Mitarbeitende sowie f\u00fcr Patientinnen und Patienten im Wesentlichen wie gewohnt weiter. Die meisten strukturellen \u00c4nderungen greifen ab 2028, also erst, wenn die aktuell entstehenden Kinderklinik-Neubauten beider H\u00e4user in Betrieb sind.<\/p>\n<p><strong>Klinik Hallerwiese wird als Frauenklinik mit Geburtshilfe gest\u00e4rkt<\/strong><\/p>\n<p>In der <strong>Geburtshilfe <\/strong>behalten sowohl der Campus S\u00fcd in N\u00fcrnberg-Langwasser als auch der k\u00fcnftige Campus Hallerwiese in St. Johannis ihre gro\u00dfen Abteilungen langfristig mit bew\u00e4hrter Kapazit\u00e4t bei. Mittelfristig wird der Campus Hallerwiese in seiner langen Tradition als Frauenklinik gest\u00e4rkt: Ab 2028 verlagert das Klinikum N\u00fcrnberg seine Frauenheilkunde \u2013 also die gyn\u00e4kologische Versorgung mit Ausnahme des Bereichs Geburtshilfe \u2013 vollst\u00e4ndig dorthin. Somit entsteht auf dem Campus Hallerwiese eine gro\u00dfe Frauenklinik mit etabliertem Brustzentrum und familienorientierter Geburtshilfe; die Klinik kann k\u00fcnftig sektoren\u00fcbergreifend hochspezialisierte Behandlungen unter einem Dach anbieten.<\/p>\n<p>In der<strong> Kinder- und Jugendmedizin<\/strong> setzen der Campus S\u00fcd und die Klinik Hallerwiese-Cnopfsche Kinderklinik die p\u00e4diatrische, kinderchirurgische und -orthop\u00e4dische Versorgung langfristig an beiden Standorten fort. Dabei werden \u00f6rtliche Schwerpunkte entstehen, etwa in der Kinder- und Jugendchirurgie durch die gezielte Verteilung von operativen Eingriffen f\u00fcr verbesserte Planbarkeit. Das Perinatalzentrum der h\u00f6chsten Versorgungsstufe (Level 1) f\u00fcr Risikoschwangere, Fr\u00fch- und Neugeborene mit schweren Erkrankungen konzentriert sich ab 2028 auf dem Campus S\u00fcd. Die Cnopfsche Kinderklinik ist k\u00fcnftig weiterhin \u201eperinataler Schwerpunkt\u201c mit umfassenden M\u00f6glichkeiten zur \u00dcberwachung von Neugeborenen. Beide Standorte betreiben ihre Kindernotaufnahmen rund um die Uhr weiter. Die Kinderonkologie bleibt zun\u00e4chst in den gewohnten R\u00e4umen auf dem Campus Hallerwiese, bevor sie perspektivisch auf den Campus S\u00fcd ziehen soll.<\/p>\n<p>In der <strong>Erwachsenenmedizin <\/strong>werden ab 2028 die Innere Medizin, Zentrale Notaufnahme und Intensivmedizin auf dem Campus Nord des Klinikums N\u00fcrnberg zusammengef\u00fchrt. Die Belegabteilungen f\u00fcr Hals-Nasen-Ohrenheilkunde und Mund-Kiefer-Gesichtschirurgie der Klinik Hallerwiese-Cnopfsche Kinderklinik bleiben bestehen, in enger Abstimmung mit den jeweiligen Hauptabteilungen des Klinikums N\u00fcrnberg. Die Allgemein- und Viszeralchirurgie auf dem Campus Hallerwiese bleibt ebenfalls bestehen und wird im Verbund mit der Allgemein-, Viszeral- und Thoraxchirurgie des Klinikums N\u00fcrnberg individuelle Schwerpunkte f\u00fcr die beiden Standorte etablieren, um die verf\u00fcgbaren OP-Kapazit\u00e4ten m\u00f6glichst effizient zu nutzen.<\/p>\n<p>Traditionsreiche Namen leben auf dem Campus Hallerwiese fort<\/p>\n<p>S\u00e4mtliche Fachgebiete arbeiten ab 1. Januar 2027 jeweils unter einer gemeinsamen, standort\u00ad\u00fcbergreifenden Leitungsstruktur, um die geplanten Entwicklungen bestm\u00f6glich zu koordinieren und die Leistungsangebote beider H\u00e4user im Sinne der Patientenversorgung weiter auszubauen. Das Klinikum N\u00fcrnberg hat die Planungen eng mit dem Bayerischen Staatsministerium f\u00fcr Gesundheit, Pflege und Pr\u00e4vention sowie mit dem Verwaltungsrat des Klinikums abgestimmt.<\/p>\n<p>Nach dem Tr\u00e4gerwechsel bleiben bekannte Namenstraditionen gewahrt. Das \u201eKlinikum N\u00fcrnberg\u201c wird zur Dachmarke f\u00fcr alle Standorte. Die heutige Klinik Hallerwiese-Cnopfsche Kinderklinik an der St.-Johannis-M\u00fchlgasse wird k\u00fcnftig als \u201eCampus Hallerwiese\u201c in die Marke \u201eKlinikum N\u00fcrnberg\u201c aufgenommen, analog zu dessen \u201eCampus Nord\u201c an der Prof.-Ernst-Nathan-Stra\u00dfe und zum \u201eCampus S\u00fcd\u201c an der Breslauer Stra\u00dfe. Das Klinikum N\u00fcrnberg f\u00fchrt k\u00fcnftig standort\u00fcbergreifend die Untermarke \u201eKinderklinikum N\u00fcrnberg\u201c f\u00fcr alle p\u00e4diatrischen und kinderchirurgischen Angebote. Der Name \u201eCnopfsche Kinderklinik\u201c bleibt darin als Ortsbezeichnung bestehen. Er erg\u00e4nzt das k\u00fcnftige \u201eFriedl Sch\u00f6ller-Haus\u201c, den Neubau des Kinderklinikums auf dem Campus S\u00fcd, der mit seinem Namen an die wichtige Stifterin erinnert.<\/p>\n<p>\u201eDas Medizinkonzept ist eine Gemeinschaftsleistung aller Berufsgruppen beider H\u00e4user. Ihnen gilt unser Dank f\u00fcr die strategische Arbeit\u201c, sagt Prof. Dr. Achim Jockwig, Vorstandsvorsitzender des Klinikums N\u00fcrnberg. \u201eWas wir damit vorlegen, ist ein Rahmenwerk, das die klare Richtung vorgibt und nun ab 2027 schrittweise umgesetzt wird. Unser Ziel ist klar: Wir wollen die medizinische Versorgung in der Region nachhaltig st\u00e4rken. Durch die gezielte B\u00fcndelung von Kompetenzen, eine sinnvolle Schwerpunktbildung und den Abbau von Doppelstrukturen schaffen wir die Voraussetzungen f\u00fcr mehr Qualit\u00e4t, Versorgungssicherheit und langfristige Zukunftsf\u00e4higkeit. Dabei orientieren wir uns konsequent an den Anforderungen der Krankenhausreform und stellen die Interessen unserer Patientinnen und Patienten in den Mittelpunkt.\u201c<\/p>\n<p>Die Klinik Hallerwiese-Cnopfsche Kinderklinik und das Klinikum N\u00fcrnberg als Maximalversorger spielen eine wichtige Rolle f\u00fcr die station\u00e4re Versorgung in der Metropolregion N\u00fcrnberg, insbesondere von Neugeborenen, Kindern und Jugendlichen sowie Schwangeren. In der Geburtshilfe betreuten beide H\u00e4user zuletzt jeweils rund 3.000 Geburten pro Jahr. In den Bereichen P\u00e4diatrie, Neonatologie und Kinderchirurgie behandelt jedes Haus insgesamt rund 7.000 station\u00e4re Patienten pro Jahr. Das medizinische Angebot inklusive Notfallversorgung steht rund um die Uhr bereit. Beide Krankenh\u00e4user errichten aktuell an ihrem jeweiligen Standort einen Neubau f\u00fcr ihre Kindermedizin. Die Fertigstellung beider Bauprojekte ist f\u00fcr 2027 geplant.<\/p>\n<p>Das Klinikum N\u00fcrnberg und Diakoneo als Tr\u00e4ger der Klinik Hallerwiese-Cnopfsche Kinderklinik besiegelten im Februar 2026 nach langen Verhandlungen die \u00dcbernahme zum 1. Januar 2027 durch das Klinikum N\u00fcrnberg. Diakoneo bleibt bis dahin Tr\u00e4ger und verantwortlich f\u00fcr den Klinikbetrieb. Mit der Integration der Klinik Hallerwiese-Cnopfsche Kinderklinik in das Klinikum N\u00fcrnberg entsteht eine der gr\u00f6\u00dften Geburtskliniken und einer der gr\u00f6\u00dften p\u00e4diatrischen und kinderchirurgischen Versorger bundesweit.<\/p>\n<p><strong>Bild: <\/strong>Zusammen in eine starke Zukunft: Die Vorstandsmitglieder des Klinikums N\u00fcrnberg Prof. Dr. Achim Jockwig (4. v. re.), Tobias Ludwig (Mitte hinten) und Sabine Be\u00dfler (6. v. li.) gemeinsam mit Mitarbeitenden verschiedener medizinisch-pflegerischer Berufe der Klinik Hallerwiese-Cnopfsche Kinderklinik und des Klinikums N\u00fcrnberg.<\/p>\n<p><strong>Foto: <\/strong>Rudi Ott, Klinikum N\u00fcrnberg<\/p>\n<p><a href=\"https:\/\/www.klinikum-nuernberg.de\/fileadmin\/user_upload\/Flyer_Dokumente_Verwaltung\/Unternehmenskommunikation_UK\/Pressemitteilungen_PDF_2026\/Pressemitteilung_Medizinkonzept_Hallerwiese_Cnopfsche_Klinikum_Nuernberg.pdf\" rel=\"nofollow noopener\" target=\"_blank\">Pressemitteilung zum Herunterladen (PDF)<\/a><\/p>\n","protected":false},"excerpt":{"rendered":"09.07.2026 Zum 1. Januar 2027 \u00fcbernimmt das Klinikum N\u00fcrnberg die Klinik Hallerwiese-Cnopfsche Kinderklinik. Mit einem gemeinsamen Medizinkonzept haben&hellip;\n","protected":false},"author":2,"featured_media":4958,"comment_status":"","ping_status":"","sticky":false,"template":"","format":"standard","meta":{"footnotes":"","_share_on_mastodon":"0"},"categories":[1837],"tags":[4353,4350,4351,4352,4355,4354,1187,142,4356,4357,4361,4360,772,4343,4362,3364,4363,29,4364,4336,4341,4388,4340,4346,4348,4365,4347,4366,4367,4368,4370,4371,30,4372,4373,4377,4378,4380,4384,4383,4386,4387,4389,4390,4376,4345,4385,4391,4379,4394,4344,4392,3263,4393,4349,4374,4395,4358,4338,4359,4342,3783,4337,4375,4396,4382,4369,4339,4381],"class_list":["post-1153803","post","type-post","status-publish","format-standard","has-post-thumbnail","category-nuernberg","tag-a-r-z","tag-allgemeinchirurgie","tag-altersmedizin-alterstraumazentrum","tag-ambulante-rehabilitation","tag-anaesthesiologie","tag-arz","tag-arzt","tag-aerzte","tag-aesthetische-chirurgie","tag-aufnahme","tag-augenheilkunde-brustzentrum","tag-augenklinik","tag-bayern","tag-clinic","tag-darmkrebszentrum","tag-de","tag-dermatologie","tag-deutschland","tag-diabetologie","tag-doctor","tag-doktor","tag-e-herz-erkrankungen","tag-emergency","tag-erlangen","tag-franken","tag-fuer-erwachsene-gastroenterologie-fuer-erwachsene-geburtshilfe","tag-fuerth","tag-gefaesschirurgie","tag-geriatrie","tag-geriatrische","tag-gerinnungsambulanz-klinikum-nord","tag-gerinnungsambulanz-klinikum-sued","tag-germany","tag-gynaekologie","tag-hals","tag-haematologie","tag-haematologisch-onkologische-ambulanz","tag-hand-chirurgie","tag-haut-tumorzentrum","tag-hautklinik","tag-hepatologie","tag-herz-chirurgi","tag-herz-gefaess-zentrum","tag-hgz","tag-hno","tag-hospital","tag-htz","tag-hygiene","tag-im-ambulanten-behandlungscentrum-klinikum-nord","tag-infektiologie-hypertensiologie","tag-kliniken","tag-klinikhygiene","tag-krankenhaus","tag-mikrobiologie","tag-mittelfranken-abdominalchirurgie-allergologie","tag-nasen","tag-nbg","tag-notaufnahme","tag-notfall","tag-notfallambulanz","tag-nuremberg","tag-nuernberg","tag-nurse","tag-ohrenheilkunde","tag-schoen","tag-schwerbrandverletzte","tag-tagesklinik","tag-treatment","tag-verbrennungszentrum"],"share_on_mastodon":{"url":"","error":"Validation failed: Text character limit of 500 exceeded"},"_links":{"self":[{"href":"https:\/\/www.europesays.com\/de\/wp-json\/wp\/v2\/posts\/1153803","targetHints":{"allow":["GET"]}}],"collection":[{"href":"https:\/\/www.europesays.com\/de\/wp-json\/wp\/v2\/posts"}],"about":[{"href":"https:\/\/www.europesays.com\/de\/wp-json\/wp\/v2\/types\/post"}],"author":[{"embeddable":true,"href":"https:\/\/www.europesays.com\/de\/wp-json\/wp\/v2\/users\/2"}],"replies":[{"embeddable":true,"href":"https:\/\/www.europesays.com\/de\/wp-json\/wp\/v2\/comments?post=1153803"}],"version-history":[{"count":0,"href":"https:\/\/www.europesays.com\/de\/wp-json\/wp\/v2\/posts\/1153803\/revisions"}],"wp:featuredmedia":[{"embeddable":true,"href":"https:\/\/www.europesays.com\/de\/wp-json\/wp\/v2\/media\/4958"}],"wp:attachment":[{"href":"https:\/\/www.europesays.com\/de\/wp-json\/wp\/v2\/media?parent=1153803"}],"wp:term":[{"taxonomy":"category","embeddable":true,"href":"https:\/\/www.europesays.com\/de\/wp-json\/wp\/v2\/categories?post=1153803"},{"taxonomy":"post_tag","embeddable":true,"href":"https:\/\/www.europesays.com\/de\/wp-json\/wp\/v2\/tags?post=1153803"}],"curies":[{"name":"wp","href":"https:\/\/api.w.org\/{rel}","templated":true}]}}