{"id":1153900,"date":"2026-07-09T09:23:18","date_gmt":"2026-07-09T09:23:18","guid":{"rendered":"https:\/\/www.europesays.com\/de\/1153900\/"},"modified":"2026-07-09T09:23:18","modified_gmt":"2026-07-09T09:23:18","slug":"daxlander-strassenfest-2026-eroeffnet-mit-fassanstich-und-musikprogramm-2","status":"publish","type":"post","link":"https:\/\/www.europesays.com\/de\/1153900\/","title":{"rendered":"Daxlander Stra\u00dfenfest 2026 er\u00f6ffnet mit Fassanstich und Musikprogramm"},"content":{"rendered":"<p>            Stra\u00dfenfestverein Daxlanden l\u00e4dt zum Festwochenende ein<\/p>\n<p class=\"mb-6 text-xs-varying md:text-m lg:text-l font-serif group-[.font-sans]:font-sans \">\n    An diesem Wochenende ist es wieder so weit: <strong class=\"font-bold\">Am 10. und 11. Juli 2026 l\u00e4dt der Stra\u00dfenfestverein Daxlanden zum 22. Daxlander Stra\u00dfenfest ein.<\/strong> Besucher erwarten zwei abwechslungsreiche Tage voller Musik, Begegnungen und guter Stimmung. Das verspricht der Stra\u00dfenfestverein Daxlanden in einer Pressemitteilung.\n  <\/p>\n<p>            Vereine aus Daxlanden st\u00e4rken Jugendarbeit durch Stra\u00dfenfest<\/p>\n<p class=\"mb-6 text-xs-varying md:text-m lg:text-l font-serif group-[.font-sans]:font-sans \">\n    <strong class=\"font-bold\">Offiziell er\u00f6ffnet wird das Stra\u00dfenfest am Freitag, 10. Juli, um 17 Uhr mit dem traditionellen Fassanstich durch B\u00fcrgermeister Albert K\u00e4uflein<\/strong>. F\u00fcr den musikalischen Rahmen sorgt der Musikverein Daxlanden, der den Auftakt des Festwochenendes begleitet.\n  <\/p>\n<p class=\"mb-6 text-xs-varying md:text-m lg:text-l font-serif group-[.font-sans]:font-sans \">\n    Mit den Einnahmen aus dem Verkauf von Speisen, Getr\u00e4nken und weiteren Angeboten finanzieren die teilnehmenden Vereine ihre Arbeit und st\u00e4rken insbesondere die Jugendarbeit. Damit tr\u00e4gt das Fest jedes Jahr dazu bei, das vielf\u00e4ltige Vereinsleben und den Zusammenhalt in Daxlanden zu f\u00f6rdern. <a href=\"https:\/\/www.ka-news.de\/karlsruhe\/freizeit-und-veranstaltungen\/feste-karlsruhe-2026-termine-programm-und-highlights-im-sommer-4-113082849\" target=\"_self\" class=\"underline \" rel=\"nofollow noopener\">Weitere Stra\u00dfenfeste und Kerwen finden Sie in der ka-news \u00dcbersicht.<\/a>\n  <\/p>\n<ul rel=\"\" class=\"[&amp;&gt;li]:relative list-none  [&amp;&gt;li]:pl-[1.2em] [&amp;&gt;li]:marker:text-[0] [&amp;&gt;li]:relative [&amp;&gt;li]:before:absolute [&amp;&gt;li]:before:w-3 [&amp;&gt;li]:before:h-3 [&amp;&gt;li]:before:bg-brand [&amp;&gt;li]:before:left-0 [&amp;&gt;li]:before:rounded-full [&amp;&gt;li]:before:top-[8px] md:[&amp;&gt;li]:before:top-[9px] lg:[&amp;&gt;li]:before:top-[11px]  my-5\">\n<li class=\" mb-3 text-xs-varying md:text-m lg:text-l\">Uhrzeit: Keine Angabe<\/li>\n<li class=\" mb-3 text-xs-varying md:text-m lg:text-l\">Wo: Schlaucherplatz, Inselstra\u00dfe\u00a0<\/li>\n<li class=\" mb-3 text-xs-varying md:text-m lg:text-l\">Haltestelle: \u00a0Kirchplatz, Hammweg oder Waidweg<\/li>\n<\/ul>\n","protected":false},"excerpt":{"rendered":"Stra\u00dfenfestverein Daxlanden l\u00e4dt zum Festwochenende ein An diesem Wochenende ist es wieder so weit: Am 10. und 11.&hellip;\n","protected":false},"author":2,"featured_media":1152748,"comment_status":"","ping_status":"","sticky":false,"template":"","format":"standard","meta":{"footnotes":"","_share_on_mastodon":"0"},"categories":[1844],"tags":[1634,138723,3364,29,54812,30,8903,242162,29008,241965,17660],"class_list":["post-1153900","post","type-post","status-publish","format-standard","has-post-thumbnail","category-karlsruhe","tag-baden-wuerttemberg","tag-daxlanden","tag-de","tag-deutschland","tag-festwochenende","tag-germany","tag-karlsruhe","tag-schlaucherplatz","tag-strassenfest","tag-strassenfestverein","tag-vereinsleben"],"share_on_mastodon":{"url":"https:\/\/pubeurope.com\/@de\/116889296433545270","error":""},"_links":{"self":[{"href":"https:\/\/www.europesays.com\/de\/wp-json\/wp\/v2\/posts\/1153900","targetHints":{"allow":["GET"]}}],"collection":[{"href":"https:\/\/www.europesays.com\/de\/wp-json\/wp\/v2\/posts"}],"about":[{"href":"https:\/\/www.europesays.com\/de\/wp-json\/wp\/v2\/types\/post"}],"author":[{"embeddable":true,"href":"https:\/\/www.europesays.com\/de\/wp-json\/wp\/v2\/users\/2"}],"replies":[{"embeddable":true,"href":"https:\/\/www.europesays.com\/de\/wp-json\/wp\/v2\/comments?post=1153900"}],"version-history":[{"count":0,"href":"https:\/\/www.europesays.com\/de\/wp-json\/wp\/v2\/posts\/1153900\/revisions"}],"wp:featuredmedia":[{"embeddable":true,"href":"https:\/\/www.europesays.com\/de\/wp-json\/wp\/v2\/media\/1152748"}],"wp:attachment":[{"href":"https:\/\/www.europesays.com\/de\/wp-json\/wp\/v2\/media?parent=1153900"}],"wp:term":[{"taxonomy":"category","embeddable":true,"href":"https:\/\/www.europesays.com\/de\/wp-json\/wp\/v2\/categories?post=1153900"},{"taxonomy":"post_tag","embeddable":true,"href":"https:\/\/www.europesays.com\/de\/wp-json\/wp\/v2\/tags?post=1153900"}],"curies":[{"name":"wp","href":"https:\/\/api.w.org\/{rel}","templated":true}]}}