{"id":1154031,"date":"2026-07-09T10:38:30","date_gmt":"2026-07-09T10:38:30","guid":{"rendered":"https:\/\/www.europesays.com\/de\/1154031\/"},"modified":"2026-07-09T10:38:30","modified_gmt":"2026-07-09T10:38:30","slug":"falsches-signal-delphin-retter-gehen-auf-den-thw-kiel-los-sportmix","status":"publish","type":"post","link":"https:\/\/www.europesays.com\/de\/1154031\/","title":{"rendered":"\u201eFalsches Signal\u201c: Delphin-Retter gehen auf den THW Kiel los | Sportmix"},"content":{"rendered":"<p><b>Die Teilnahme des deutschen <\/b><a href=\"https:\/\/sportbild.bild.de\/sportmix\/handball\/handball\/home-49760070.sport.html\" class=\"text-link\" rel=\"nofollow noopener\" target=\"_blank\"><b>Handball<\/b><\/a><b>-Rekordmeisters THW Kiel an einem Vorbereitungs-Turnier in Torshavn (F\u00e4r\u00f6er Inseln) ist in den Fokus der Gesellschaft zur Rettung der Delphine e.V. (GRD) ger\u00fcckt. <\/b><\/p>\n<p>Die GRD hat den Klub von der Ostsee in einem offiziellen Statement scharf kritisiert. Grund ist, dass der THW Kiel vom  13. bis 16. August an der Erstauflage des \u201eWenzel Nordic Cups\u201c teilnimmt. Spielort ist Torshavn, wo jedes Jahr eine Treibjagd auf Grindwale, Wei\u00dfseiten-Delphine und Gro\u00dfe T\u00fcmmler stattfindet. Vorsitzender der GRD ist der deutsche Schauspieler Sigmar Solbach (79), bundesweit bekannt vor allem durch seine Hauptrolle in der TV-Serie \u201eDr. Stefan Frank \u2013 Der Arzt, dem die Frauen vertrauen\u201c.<\/p>\n<p>Handball: Delphin-Retter gehen auf THW Kiel los<\/p>\n<p>Die GRD schreibt in ihrem Statement, dass \u201edie Inselgruppe steht seit Jahrzehnten aufgrund der allj\u00e4hrlichen T\u00f6tungen von hunderten Delphinen international in der Kritik\u201c stehe. Die Gesellschaft \u201efordert den THW Kiel daher auf, sich seiner Vorbildfunktion bewusst zu sein, die Teilnahme am Wenzel Nordic Cup zu \u00fcberdenken und nicht ungewollt zur Image-Profilierung der F\u00e4r\u00f6er-Inseln beizutragen\u201c.<\/p>\n<p><a class=\"article-image__anchor\" href=\"https:\/\/www.dyn.sport\/sport_handball\" target=\"_blank\" rel=\"noopener nofollow\"><img decoding=\"async\" width=\"992\" height=\"92\" alt=\"\" loading=\"lazy\" src=\"https:\/\/www.europesays.com\/de\/wp-content\/uploads\/2026\/07\/66104097c2920fce974c08f4a19d7b24,792a689f.jpeg\"   class=\"dynamic\"\/><\/a><\/p>\n<p>Foto: Dyn<\/p>\n<p>Solbach spielt in der scharfen Kritik auf das Kieler Engagement bei der Initiative \u201eF\u00f6r de K\u00fcste\u201c an. Der Schauspieler: \u201eWer sich \u00f6ffentlich f\u00fcr den Schutz der Meere einsetzt, sollte vermeiden, einer Veranstaltung auf den F\u00e4r\u00f6er-Inseln eine internationale Aufmerksamkeit zu verleihen, solange dort Jahr f\u00fcr Jahr Wei\u00dfseitendelfine, Gro\u00dfe T\u00fcmmler und Grindwale zu Hunderten brutal geschlachtet werden.\u201c<\/p>\n<p><img decoding=\"async\" width=\"992\" height=\"558\" alt=\"Der Schauspieler Sigmar Solbach ist Vorsitzender der GRD\" loading=\"lazy\" src=\"https:\/\/www.europesays.com\/de\/wp-content\/uploads\/2026\/07\/c5a038243373f4859a96f6b32eb74a40,a4428d03.jpeg\"   class=\"landscape\"\/><\/p>\n<p class=\"fig__caption__text\">Der Schauspieler Sigmar Solbach ist Vorsitzender der GRD<\/p>\n<p>Foto: Robert Gongoll<\/p>\n<p>Der THW Kiel hat auf die Kritik der GRD bereits reagiert. Gesch\u00e4ftsf\u00fchrerin Anja Niemann \u00e4u\u00dferte sich gegen\u00fcber der Plattform \u201eHandball-World\u201c. Sie sagt, dass die Teilnahme am Turnier \u201eausschlie\u00dflich sportlich motiviert und dem Handball gewidmet\u201c ist.<\/p>\n<p>Niemann weiter: \u201eWir erkennen das Engagement der GRD f\u00fcr den Schutz von Meeress\u00e4ugern ausdr\u00fccklich an. Mit unserem &#8218;F\u00f6r de K\u00fcste&#8216;-Projekt h\u00e4tten wir dem Verein in unserem Netzwerk f\u00fcr den Meeresschutz eine nachhaltige und reichweitenstarke Plattform f\u00fcr sein Engagement bieten k\u00f6nnen.\u201c Jedoch sei \u201eein wirklich sach- und l\u00f6sungsorientierter Dialog mit der GRD leider nicht gelungen, denn bedauerlicherweise fanden unsere Erl\u00e4uterungen und das Angebot nach einem konstruktiven Austausch kein Geh\u00f6r\u201c. <\/p>\n","protected":false},"excerpt":{"rendered":"Die Teilnahme des deutschen Handball-Rekordmeisters THW Kiel an einem Vorbereitungs-Turnier in Torshavn (F\u00e4r\u00f6er Inseln) ist in den Fokus&hellip;\n","protected":false},"author":2,"featured_media":1154032,"comment_status":"","ping_status":"","sticky":false,"template":"","format":"standard","meta":{"footnotes":"","_share_on_mastodon":"0"},"categories":[1852],"tags":[3364,198650,29,1932,548,663,3934,72612,123846,30,1391,5009,13,9661,11334,4949,14,15,12,1971,101714,542,7748,10094,77263,16202],"class_list":["post-1154031","post","type-post","status-publish","format-standard","has-post-thumbnail","category-kiel","tag-de","tag-delfin","tag-deutschland","tag-dyn-handball","tag-eu","tag-europa","tag-europe","tag-faeroeer","tag-faeroeer-inseln","tag-germany","tag-handball","tag-hbl","tag-headlines","tag-hofmann-kurt","tag-jagd","tag-kiel","tag-nachrichten","tag-news","tag-schlagzeilen","tag-schleswig-holstein","tag-skipagotu-elias-ellefsen-a","tag-sport-leuchtturm-hamburg","tag-thw-kiel","tag-tierquaelerei","tag-tuemmler","tag-wale"],"share_on_mastodon":{"url":"https:\/\/pubeurope.com\/@de\/116889592922641483","error":""},"_links":{"self":[{"href":"https:\/\/www.europesays.com\/de\/wp-json\/wp\/v2\/posts\/1154031","targetHints":{"allow":["GET"]}}],"collection":[{"href":"https:\/\/www.europesays.com\/de\/wp-json\/wp\/v2\/posts"}],"about":[{"href":"https:\/\/www.europesays.com\/de\/wp-json\/wp\/v2\/types\/post"}],"author":[{"embeddable":true,"href":"https:\/\/www.europesays.com\/de\/wp-json\/wp\/v2\/users\/2"}],"replies":[{"embeddable":true,"href":"https:\/\/www.europesays.com\/de\/wp-json\/wp\/v2\/comments?post=1154031"}],"version-history":[{"count":0,"href":"https:\/\/www.europesays.com\/de\/wp-json\/wp\/v2\/posts\/1154031\/revisions"}],"wp:featuredmedia":[{"embeddable":true,"href":"https:\/\/www.europesays.com\/de\/wp-json\/wp\/v2\/media\/1154032"}],"wp:attachment":[{"href":"https:\/\/www.europesays.com\/de\/wp-json\/wp\/v2\/media?parent=1154031"}],"wp:term":[{"taxonomy":"category","embeddable":true,"href":"https:\/\/www.europesays.com\/de\/wp-json\/wp\/v2\/categories?post=1154031"},{"taxonomy":"post_tag","embeddable":true,"href":"https:\/\/www.europesays.com\/de\/wp-json\/wp\/v2\/tags?post=1154031"}],"curies":[{"name":"wp","href":"https:\/\/api.w.org\/{rel}","templated":true}]}}