{"id":1154037,"date":"2026-07-09T10:42:17","date_gmt":"2026-07-09T10:42:17","guid":{"rendered":"https:\/\/www.europesays.com\/de\/1154037\/"},"modified":"2026-07-09T10:42:17","modified_gmt":"2026-07-09T10:42:17","slug":"moenchengladbach-schulden-stagnieren-auf-hohem-niveau","status":"publish","type":"post","link":"https:\/\/www.europesays.com\/de\/1154037\/","title":{"rendered":"M\u00f6nchengladbach: Schulden stagnieren auf hohem Niveau"},"content":{"rendered":"<p class=\"text_ohne_einzug richtext text-em-55 !leading-serif mx-6 desktop:mx-0\">  Die kommunale Verschuldung ist in <a href=\"https:\/\/rp-online.de\/thema\/moenchengladbach\/\" rel=\"nofollow noopener\" target=\"_blank\">M\u00f6nchengladbach<\/a> im Jahr 2025 im Vergleich zum Vorjahr stagniert. Wie aus neuen Daten des Statistischen Landesamtes IT.NRW hervorgeht, war die Kommune mit 765,6 Millionen Euro verschuldet \u2013 eine Reduktion um 196.000 Euro im Vergleich zum Vorjahr. 2024 hatte die H\u00f6he der Schulden 765,8 Millionen Euro betragen.<\/p>\n<p class=\"richtext text-em-55 !leading-serif mx-6 desktop:mx-0\">Die Summe enth\u00e4lt sowohl Liquidit\u00e4ts- als auch Investitionskredite. Aus Liquidit\u00e4tskrediten ergeben sich f\u00fcr M\u00f6nchengladbach Schulden in H\u00f6he von rund 492,2 Millionen Euro. Das waren rund zehn Millionen Euro weniger als noch im Vorjahr. Liquidit\u00e4tskredite dienen dazu, kurzfristige Finanzierungsl\u00fccken im Haushalt zu schlie\u00dfen.<\/p>\n<p class=\"richtext text-em-55 !leading-serif mx-6 desktop:mx-0\">Die Investitionskredite haben 2025 wiederum zugenommen \u2013 hier lag die Verschuldung bei rund 273,4 Millionen Euro, eine Zunahme um rund zehn Millionen Euro. Weiterhin erfasst die Statistik Schulden von kommunalen Unternehmen, an denen eine Kommune unmittelbar zu 100 Prozent beteiligt ist. Dazu geh\u00f6rt in M\u00f6nchengladbach etwa die Stadttochter Mags. Hier liegt die Schuldensumme bei 224,2 Millionen Euro.<\/p>\n<p class=\"richtext text-em-55 !leading-serif mx-6 desktop:mx-0\">Damit ergibt sich eine Pro-Kopf-Verschuldung von rund 2869 Euro. So liegt M\u00f6nchengladbach noch unter dem Durchschnitt in <a href=\"https:\/\/rp-online.de\/thema\/nordrhein-westfalen\/\" rel=\"nofollow noopener\" target=\"_blank\">Nordrhein-Westfalen<\/a> \u2013 dieser lag 2025 bei rund 3560 Euro. Die h\u00f6chste Pro-Kopf-Verschuldung hatten M\u00fclheim an der <a href=\"https:\/\/rp-online.de\/thema\/ruhr\/\" rel=\"nofollow noopener\" target=\"_blank\">Ruhr<\/a> mit rund 10.700 Euro je Einwohner und <a href=\"https:\/\/rp-online.de\/thema\/oberhausen\/\" rel=\"nofollow noopener\" target=\"_blank\">Oberhausen<\/a> mit rund 10.320 Euro. Die Mehrheit der Schulden stammte laut IT.NRW bei beiden St\u00e4dten aus Liquidit\u00e4tskrediten.<\/p>\n<p class=\"richtext text-em-55 !leading-serif mx-6 desktop:mx-0\">Zuletzt hatte in M\u00f6nchengladbach <a href=\"https:\/\/rp-online.de\/nrw\/staedte\/moenchengladbach\/moenchengladbach-kaemmerer-michael-heck-protestiert-in-berlin_aid-151051453\" rel=\"nofollow noopener\" target=\"_blank\">K\u00e4mmerer Michael Heck<\/a> mitgeteilt, dass f\u00fcr das laufende Jahr Kostenpflichtiger Inhalt <a href=\"https:\/\/rp-online.de\/nrw\/staedte\/moenchengladbach\/moenchengladbach-kaemmerer-michael-heck-verhaengt-haushaltssperre_aid-150758205\" rel=\"nofollow noopener\" target=\"_blank\">eine Haushaltssperre verh\u00e4ngt<\/a> werde. Diese gilt bis Ende des Jahres und ist eine Vorstufe zur Haushaltssicherung, bei der die Bezirksregierung in <a href=\"https:\/\/rp-online.de\/thema\/duesseldorf\/\" rel=\"nofollow noopener\" target=\"_blank\">D\u00fcsseldorf<\/a> die komplette Kontrolle \u00fcbernehmen w\u00fcrde. Denn die Ergebnisplanung weist laut K\u00e4mmerer f\u00fcr das laufende Haushaltsjahr einen Fehlbetrag von 107,7 Millionen Euro aus.<\/p>\n","protected":false},"excerpt":{"rendered":"Die kommunale Verschuldung ist in M\u00f6nchengladbach im Jahr 2025 im Vergleich zum Vorjahr stagniert. Wie aus neuen Daten&hellip;\n","protected":false},"author":2,"featured_media":1154038,"comment_status":"","ping_status":"","sticky":false,"template":"","format":"standard","meta":{"footnotes":"","_share_on_mastodon":"0"},"categories":[1849],"tags":[75234,48,3364,29,548,4788,663,3934,30,13,5463,242187,4455,14,15,1209,12,1620,6781,20297],"class_list":["post-1154037","post","type-post","status-publish","format-standard","has-post-thumbnail","category-moenchengladbach","tag-verschuldung","tag-48","tag-de","tag-deutschland","tag-eu","tag-euro","tag-europa","tag-europe","tag-germany","tag-headlines","tag-hohe","tag-investitionskredite","tag-moenchengladbach","tag-nachrichten","tag-news","tag-nordrhein-westfalen","tag-schlagzeilen","tag-schulden","tag-vergleich","tag-vorjahr"],"share_on_mastodon":{"url":"https:\/\/pubeurope.com\/@de\/116889606377843575","error":""},"_links":{"self":[{"href":"https:\/\/www.europesays.com\/de\/wp-json\/wp\/v2\/posts\/1154037","targetHints":{"allow":["GET"]}}],"collection":[{"href":"https:\/\/www.europesays.com\/de\/wp-json\/wp\/v2\/posts"}],"about":[{"href":"https:\/\/www.europesays.com\/de\/wp-json\/wp\/v2\/types\/post"}],"author":[{"embeddable":true,"href":"https:\/\/www.europesays.com\/de\/wp-json\/wp\/v2\/users\/2"}],"replies":[{"embeddable":true,"href":"https:\/\/www.europesays.com\/de\/wp-json\/wp\/v2\/comments?post=1154037"}],"version-history":[{"count":0,"href":"https:\/\/www.europesays.com\/de\/wp-json\/wp\/v2\/posts\/1154037\/revisions"}],"wp:featuredmedia":[{"embeddable":true,"href":"https:\/\/www.europesays.com\/de\/wp-json\/wp\/v2\/media\/1154038"}],"wp:attachment":[{"href":"https:\/\/www.europesays.com\/de\/wp-json\/wp\/v2\/media?parent=1154037"}],"wp:term":[{"taxonomy":"category","embeddable":true,"href":"https:\/\/www.europesays.com\/de\/wp-json\/wp\/v2\/categories?post=1154037"},{"taxonomy":"post_tag","embeddable":true,"href":"https:\/\/www.europesays.com\/de\/wp-json\/wp\/v2\/tags?post=1154037"}],"curies":[{"name":"wp","href":"https:\/\/api.w.org\/{rel}","templated":true}]}}