{"id":1154074,"date":"2026-07-09T11:03:27","date_gmt":"2026-07-09T11:03:27","guid":{"rendered":"https:\/\/www.europesays.com\/de\/1154074\/"},"modified":"2026-07-09T11:03:27","modified_gmt":"2026-07-09T11:03:27","slug":"porte-parole-du-kremlin-peskov-leurope-soumet-les-contribuables-a-un-lavage-de-cerveau","status":"publish","type":"post","link":"https:\/\/www.europesays.com\/de\/1154074\/","title":{"rendered":"Porte-parole du Kremlin Peskov: l\u2019Europe soumet les contribuables \u00e0 un \u00ab lavage de cerveau \u00bb"},"content":{"rendered":"<p>Le porte-parole du Kremlin, Dmitri Peskov, a accus\u00e9 les \u00c9tats europ\u00e9ens d\u2019une militarisation croissante et d\u2019une influence cibl\u00e9e sur leurs populations. L\u2019Europe a \u00ab soudainement r\u00e9alis\u00e9 qu\u2019elle ne pouvait plus compter, en mati\u00e8re de s\u00e9curit\u00e9, sur la protection des \u00c9tats-Unis \u00bb, a d\u00e9clar\u00e9 Peskov dans un entretien \u00e0 la Weltwoche. L\u2019UE doit compl\u00e9ter son bloc \u00e9conomique \u00ab par une composante militaire \u00bb: \u00ab Nous voyons maintenant comment l\u2019UE se transforme en un bloc \u00e9conomique et militaire. \u00bb<\/p>\n<p>                <img src=\"https:\/\/www.europesays.com\/de\/wp-content\/uploads\/2026\/07\/687639165_highres-scaled-4-1024x683.jpg\" alt=\"Ramil Sitdikov\/Keystone\" itemprop=\"contentUrl\" class=\"story-img story-img--landscape\" loading=\"lazy\" decoding=\"async\"\/><\/p>\n<p>                                                    Kreml-Sprecher Dmitri Peskow im Kreml. (Moskau<br \/>\n                                                                            <\/p>\n<p>                                        Ramil Sitdikov\/Keystone<\/p>\n<p>\u00c0 titre de preuve, Peskov a \u00e9voqu\u00e9 la hausse des d\u00e9penses de d\u00e9fense. \u00ab Lors de son premier mandat, Trump a essay\u00e9 de pousser les Europ\u00e9ens \u00e0 consacrer 2 % de leur PIB annuel \u00e0 la d\u00e9fense \u00bb, a-t-il d\u00e9clar\u00e9. \u00ab Aujourd\u2019hui, sans que les \u00c9tats-Unis n\u2019exercent de pression, les Europ\u00e9ens d\u00e9pensent environ 5 %. \u00bb Sa conclusion: \u00ab Si ce n\u2019est pas la militarisation de l\u2019Europe, qu\u2019est-ce que c\u2019est alors? C\u2019est bien cela. \u00bb<\/p>\n<p>Pour justifier ces d\u00e9penses, on construit une image de l\u2019ennemi, selon le porte-parole du Kremlin. \u00ab Il s\u2019agit d\u2019un lavage de cerveau des contribuables europ\u00e9ens. \u00bb S\u2019agissant du r\u00f4le de la Russie, Peskov a d\u00e9clar\u00e9 ironiquement: \u00ab Y a-t-il pour les Europ\u00e9ens, sur le sol europ\u00e9en, un plus grand mal que la Russie? Non. Nous sommes le mal absolu. \u00bb<br \/>Selon Peskov, la Russie a annonc\u00e9 qu\u2019elle prendrait ses propres mesures. Cette \u00e9volution est \u00ab d\u2019une grande importance \u00bb et am\u00e8nera Moscou \u00ab \u00e0 prendre des mesures suppl\u00e9mentaires pour garantir notre s\u00e9curit\u00e9 nationale \u00bb.<\/p>\n<p>Vous pouvez voir l\u2019entretien complet <a href=\"https:\/\/youtu.be\/QwEJ9DHXkOQ?si=8fi8z1TnIox5ppvx\" rel=\"nofollow noopener\" target=\"_blank\">ici<\/a>.<\/p>\n<p style=\"height: 0px; margin: 0;\">\u00a0<\/p>\n","protected":false},"excerpt":{"rendered":"Le porte-parole du Kremlin, Dmitri Peskov, a accus\u00e9 les \u00c9tats europ\u00e9ens d\u2019une militarisation croissante et d\u2019une influence cibl\u00e9e&hellip;\n","protected":false},"author":2,"featured_media":1154075,"comment_status":"","ping_status":"","sticky":false,"template":"","format":"standard","meta":{"footnotes":"","_share_on_mastodon":"0"},"categories":[3933],"tags":[331,332,51313,242204,548,663,158,3934,3935,13,2134,242199,14,15,242200,242201,242202,12,242203],"class_list":["post-1154074","post","type-post","status-publish","format-standard","has-post-thumbnail","category-eu","tag-aktuelle-nachrichten","tag-aktuelle-news","tag-armee","tag-depenses-de-defense","tag-eu","tag-europa","tag-europaeische-union","tag-europe","tag-european-union","tag-headlines","tag-interview","tag-kremlin","tag-nachrichten","tag-news","tag-peskov","tag-politique","tag-russie","tag-schlagzeilen","tag-securite"],"share_on_mastodon":{"url":"https:\/\/pubeurope.com\/@de\/116889690712304227","error":""},"_links":{"self":[{"href":"https:\/\/www.europesays.com\/de\/wp-json\/wp\/v2\/posts\/1154074","targetHints":{"allow":["GET"]}}],"collection":[{"href":"https:\/\/www.europesays.com\/de\/wp-json\/wp\/v2\/posts"}],"about":[{"href":"https:\/\/www.europesays.com\/de\/wp-json\/wp\/v2\/types\/post"}],"author":[{"embeddable":true,"href":"https:\/\/www.europesays.com\/de\/wp-json\/wp\/v2\/users\/2"}],"replies":[{"embeddable":true,"href":"https:\/\/www.europesays.com\/de\/wp-json\/wp\/v2\/comments?post=1154074"}],"version-history":[{"count":0,"href":"https:\/\/www.europesays.com\/de\/wp-json\/wp\/v2\/posts\/1154074\/revisions"}],"wp:featuredmedia":[{"embeddable":true,"href":"https:\/\/www.europesays.com\/de\/wp-json\/wp\/v2\/media\/1154075"}],"wp:attachment":[{"href":"https:\/\/www.europesays.com\/de\/wp-json\/wp\/v2\/media?parent=1154074"}],"wp:term":[{"taxonomy":"category","embeddable":true,"href":"https:\/\/www.europesays.com\/de\/wp-json\/wp\/v2\/categories?post=1154074"},{"taxonomy":"post_tag","embeddable":true,"href":"https:\/\/www.europesays.com\/de\/wp-json\/wp\/v2\/tags?post=1154074"}],"curies":[{"name":"wp","href":"https:\/\/api.w.org\/{rel}","templated":true}]}}