{"id":1154212,"date":"2026-07-09T12:20:22","date_gmt":"2026-07-09T12:20:22","guid":{"rendered":"https:\/\/www.europesays.com\/de\/1154212\/"},"modified":"2026-07-09T12:20:22","modified_gmt":"2026-07-09T12:20:22","slug":"russlands-nukleardebatte-signalpolitik-mit-strategischem-kalkuel","status":"publish","type":"post","link":"https:\/\/www.europesays.com\/de\/1154212\/","title":{"rendered":"Russlands Nukleardebatte: Signalpolitik mit strategischem Kalk\u00fcl"},"content":{"rendered":"<p>                            <img loading=\"lazy\" decoding=\"async\" src=\"https:\/\/www.europesays.com\/de\/wp-content\/uploads\/2026\/07\/shutterstock_1861533250-ce39b1792336df8d.jpeg\"  width=\"5933\" height=\"3333\"  alt=\"Mobile Interkontinentalrakete auf dem Roten Platz\" class=\"img-responsive\"\/><\/p>\n<p class=\"caption akwa-caption__text\">Was bedeutet Russlands Neujustierung der Nuklear-Strategie?<\/p>\n<p class=\"source akwa-caption__source\">(Bild:\u00a0Andrey Kryuchenko\/<a href=\"https:\/\/www.shutterstock.com\/de\/image-photo\/june-20-2020-moscow-russia-icbm-1861533250?trackingId=d78cd603-3e77-49a1-9b62-5c617c004625&amp;listId=searchResults\" target=\"_blank\" rel=\"external noopener nofollow\">Shutterstock.com<\/a>)<\/p>\n<p class=\"lead beitraganriss\">Atomare Ambitionen, europ\u00e4ische \u00c4ngste: Sind die russischen Nuklear-Debatten Vorboten eines Dammbruchs oder leere Drohung? Eine Analyse.<\/p>\n<p>Im November 2024 <a href=\"https:\/\/www.derstandard.de\/story\/3000000245608\/putin-unterzeichnet-eine-neue-atomdoktrin-mehr-als-eine-leere-drohung\" rel=\"external noopener nofollow\" target=\"_blank\">unterzeichnete<\/a> Russlands Pr\u00e4sident Wladimir Putin eine neue Nukleardoktrin \u2013 <a href=\"https:\/\/das-blaettchen.de\/wordpress\/wp-content\/uploads\/2024\/11\/Blaettchen-55-Auszug-dgksp-dp-de-NukDoktrin-LV-271124.pdf\" rel=\"external noopener nofollow\" target=\"_blank\">Anweisung 991<\/a>. Gegen\u00fcber der Vorg\u00e4ngerversion von 2020 <a href=\"https:\/\/www.dw.com\/de\/russische-nukleardoktrin-putin-droht-mit-einsatz-von-atomwaffen\/a-70367932\" rel=\"external noopener nofollow\" target=\"_blank\">versch\u00e4rfte<\/a> diese zwei entscheidende Stellen: Ein Atomwaffeneinsatz ist bereits als Antwort auf einen konventionellen Angriff m\u00f6glich, der eine &#8222;kritische Bedrohung&#8220; f\u00fcr die territoriale Integrit\u00e4t darstellt.<\/p>\n<p>        Weiterlesen nach der Anzeige<\/p>\n<p>Zuvor musste die &#8222;Existenz des Staates&#8220; auf dem Spiel stehen. <a href=\"https:\/\/www.deutschlandfunk.de\/putin-genehmigt-neue-nukleardoktrin-100.html\" rel=\"external noopener nofollow\" target=\"_blank\">Zweitens f\u00fchrte<\/a> Moskau eine Extra-Klausel ein: Ein Angriff eines nicht nuklearen Staates auf Russland gilt als &#8222;gemeinsamer Angriff&#8220;, sobald dabei ein Atomstaat unterst\u00fctzt oder beteiligt ist \u2013 eine Formel mit Blick auf Kiews Verb\u00fcndete Frankreich, Gro\u00dfbritannien, die USA.<\/p>\n<p>Der <a href=\"https:\/\/www.hamburg-armscontrol.de\/personen\/alexander-graef\/\" rel=\"external noopener nofollow\" target=\"_blank\">R\u00fcstungskontroll-Experte Alexander Graef <\/a>(Institut f\u00fcr Friedensforschung und Sicherheitspolitik) <a href=\"https:\/\/das-blaettchen.de\/2024\/11\/zur-russischen-nukleardoktrin-%E2%80%93-ein-nachtrag-70617.html\" rel=\"external noopener nofollow\" target=\"_blank\">urteilte<\/a>, Russland habe die Schwelle f\u00fcr einen Atomschlag als Reaktion auf einen m\u00f6glichen konventionellen Angriff gesenkt. Und heute?<\/p>\n<p>Signale statt Doktrin<\/p>\n<p>Offizielle \u00c4nderungen gab es seither keine, das Dokument gilt unver\u00e4ndert. Doch die innerrussische Debatte um weitere Versch\u00e4rfungen hat sich zuletzt zugespitzt \u2013 parallel zum Auslaufen des letzten gemeinsamen R\u00fcstungskontrollvertrags mit Washington: New Start <a href=\"https:\/\/www.tagesschau.de\/ausland\/amerika\/atomwaffenvertrag-new-start-endet-100.html\" rel=\"external noopener nofollow\" target=\"_blank\">endete<\/a> im Februar 2026, blockiert durch die USA.<\/p>\n<p>Der Mai 2026 wurde zum bislang intensivsten Monat nuklearer Symbolpolitik: Nach einem Testabschuss am 12. Mai probte Russland zudem eine kurzfristig angek\u00fcndigte \u00dcbung seiner stragischen Nuklearstreitkr\u00e4fte.<\/p>\n<p>Insbesondere gegen\u00fcber Belarus verst\u00e4rkte Moskau seine Bem\u00fchungen: neben dem gemeinsamen <a href=\"https:\/\/www.telepolis.de\/article\/Zapad-2025-Russlands-Machtprobe-am-Rande-der-Eskalation-10668407.html\" rel=\"external noopener nofollow\" target=\"_blank\">Gro\u00dfman\u00f6ver Zapad<\/a>, sollen im Lukaschenko-Land <a href=\"https:\/\/www.deutschlandfunk.de\/oreschnik-was-hinter-russlands-hyperschallrakete-steckt-100.html\" rel=\"external noopener nofollow\" target=\"_blank\">Oreschnik-Raketen stationiert sein<\/a>.<\/p>\n<p>        Weiterlesen nach der Anzeige<\/p>\n<p>Von Furcht und Schock<\/p>\n<p>Die sichtbarste Forderung nach einer weiteren Absenkung der Einsatzschwelle \u2013 bis hin zu begrenzten pr\u00e4ventiven Nuklearschl\u00e4gen gegen europ\u00e4ische Ziele \u2013 stammt von <a href=\"https:\/\/de.wikipedia.org\/wiki\/Sergei_Alexandrowitsch_Karaganow\" rel=\"external noopener nofollow\" target=\"_blank\">Sergej Karaganow<\/a>. Bereits 2023 argumentierte er in <a href=\"https:\/\/eng.globalaffairs.ru\/articles\/a-difficult-but-necessary-decision\/\" rel=\"external noopener nofollow\" target=\"_blank\">einem Aufsatz<\/a>, die Furcht vor einem Atomkrieg sei im Westen geschwunden; Russland m\u00fcsse diese Furcht wiederherstellen.<\/p>\n<p>Der Westen m\u00fcsse einer Art nuklearer Schocktherapie unterzogen werden \u2013 erst dann sei die Gefahr einer Kriegsniederlage f\u00fcr Russland gebannt.<\/p>\n<p>Karaganow ist kein Rand-Ph\u00e4nomene: Er gilt als <a href=\"https:\/\/www.newstatesman.com\/world\/europe\/ukraine\/2024\/05\/russia-cannot-afford-lose-need-victory-sergey-karaganov-what-putin-wants\" rel=\"external noopener nofollow\" target=\"_blank\">renommiertester russischer Politikwissenschaftler<\/a>, ist Dekan der Fakult\u00e4t f\u00fcr Weltwirtschaft und internationale Politik an der Higher School of Economics in Moskau, war einst Berater von Primakow, Jelzin und Putin und gilt bis heute als enger Vertrauter von Au\u00dfenminister Lawrow.<\/p>\n<p>Publiziert wurden seine Thesen nicht in der Nische, sondern im einflussreichsten russischen Fachmedium \u2013 Russia in Global Affairs, dem \u00f6stlichen US-Pendant zu Foreign Affairs. Das allein sowie die rege publizistische T\u00e4tigkeit Karaganows sprechen daf\u00fcr, dass seine Positionen in der politischen Klasse Russlands zumindest willkommen sind.<\/p>\n<p>Fl\u00fcsterer oder n\u00fctzliche Idioten?<\/p>\n<p>Zwei Lesarten sind demnach denkbar: Da sich Karaganow nicht isoliert positioniert \u2013 unter anderem <a href=\"https:\/\/academic.oup.com\/isagsq\/article\/6\/2\/ksag072\/8661591\" rel=\"external noopener nofollow\" target=\"_blank\">schlossen sich<\/a> der fr\u00fchere Diplomat Dmitri Trenin und <a href=\"https:\/\/www.freitag.de\/autoren\/russlandschneider\/iwan-timofejew-im-gespraech-es-geht-bei-diplomatie-nicht-um-werte\" rel=\"external noopener nofollow\" target=\"_blank\">Waldai-Klub-Programmdirektor Iwan Timofejew <\/a>\u00f6ffentlich an \u2013, k\u00f6nnte dies auf reales Interesse einflussreicher au\u00dfen- und sicherheitspolitischer Kreise an einer weiteren Verschiebung hindeuten.<\/p>\n<p>Zweitens, aktuell plausibler: Da die russische F\u00fchrung trotz anhaltender Debatte bislang keine Anstalten macht, dem Druck Taten folgen zu lassen, d\u00fcrften solche Wortmeldungen prim\u00e4r an ein westliches Publikum gerichtet sein.<\/p>\n<p>Daf\u00fcr spricht auch, dass warnende Gegenstimmen in Russland selbst \u2013 <a href=\"https:\/\/www.bpb.de\/themen\/europa\/russland-analysen\/nr-439\/523870\/kommentar-russisches-nuklearroulette-die-atomschlagdebatte-in-der-russischen-think-tank-fachoeffentlichkeit\/\" rel=\"external noopener nofollow\" target=\"_blank\">Fachleute wie Alexej Arbatow, Konstantin Bogdanow oder Fjodor Lukjanow<\/a> \u2013 das Vorgehen f\u00fcr hochriskant halten und darin keinen strategischen Fortschritt erkennen wollen.<\/p>\n<p>Karaganows Einfluss d\u00fcrfte zudem \u00fcbersch\u00e4tzt werden \u2013 \u00e4hnlich wie einst jener des zum hochstilisierten <a href=\"https:\/\/www.bpb.de\/themen\/deutschlandarchiv\/506103\/der-philosoph-hinter-putin\/\" rel=\"external noopener nofollow\" target=\"_blank\">&#8222;Philosophen hinter Putin&#8220; Alexander Dugin<\/a>. Zudem <a href=\"https:\/\/mid.ru\/de\/foreign_policy\/news\/2073858\/\" rel=\"external noopener nofollow\" target=\"_blank\">signalisierte<\/a> der Kreml wiederholt Verhandlungsbereitschaft, zuletzt im Herbst 2025 mit dem Vorschlag einer einj\u00e4hrigen New-Start-Verl\u00e4ngerung.<\/p>\n<p>Belarus als Nagelprobe<\/p>\n<p>Mit strategischer Vorausschau <a href=\"https:\/\/commonslibrary.parliament.uk\/research-briefings\/cbp-9091\/\" rel=\"external noopener nofollow\" target=\"_blank\">nahm Moskau Belarus<\/a> bereits 2024 offizi\u00f6s unter seinen Nuklearschirm. Auch die belarussische Milit\u00e4rdoktrin <a href=\"https:\/\/dgap.org\/en\/research\/publications\/russias-nuclear-signaling-2026-and-implications-european-security\" rel=\"external noopener nofollow\" target=\"_blank\">schreibt<\/a> die Stationierung russischer Kernwaffen inzwischen als &#8222;wichtiges Element pr\u00e4ventiver Abschreckung&#8220; fest.<\/p>\n<p>Minsk hat zudem wahrscheinlich eigene Tr\u00e4gersysteme erworben. Gemeinsame Milit\u00e4rman\u00f6ver, zuletzt Zapad im September 2025, sorgten im Westen wiederholt f\u00fcr Alarm \u2013 gedeutet als Vorboten einer Eskalation Richtung Baltikum.<\/p>\n<p>Genau hier d\u00fcrfte der Schl\u00fcssel zur aktuellen Zuspitzung liegen: Ukraine-Pr\u00e4sident Selenskyj <a href=\"https:\/\/www.reuters.com\/world\/europe\/kremlin-accuses-ukraine-threatening-sovereignty-close-russian-ally-belarus-2026-06-22\/\" rel=\"external noopener nofollow\" target=\"_blank\">forderte Minsk zuletzt auf<\/a>, Einrichtungen zu beseitigen, die nach ukrainischer Darstellung russische Drohnenangriffe unterst\u00fctzen \u2013 andernfalls behalte sich Kiew Ma\u00dfnahmen vor. Der Kreml wertete dies als unzul\u00e4ssigen Druck auf Belarus.<\/p>\n<p>Lukaschenko <a href=\"https:\/\/www.jungewelt.de\/artikel\/525527.eskalationspolitik-lukaschenko-warnt-ukraine-vor-ausweitung-des-krieges.html\" rel=\"external noopener nofollow\" target=\"_blank\">warnt <\/a>seit Ende Juni \u00f6ffentlich vor einem Hineinziehen seines Landes in den Krieg. Eine solche Eskalationspolitik k\u00e4me Kiew gelegen: Nach der au\u00dfenpolitischen Kehrtwende Washingtons braucht die Selenskyj-Administration immer neue Argumente, um westliche Geldgeber weiter zu \u00fcberzeugen \u2013 eine vermeintlich vom Gegner ausgehende Eskalation w\u00e4re daf\u00fcr hochwillkommen.<\/p>\n<p>Die letzte rote Linie<\/p>\n<p>F\u00fcr Moskau markiert die Nuklear-Debatte damit eine Art letzte Verteidigungslinie. Konventionell k\u00f6nnte Russland Belarus kaum milit\u00e4risch halten, und die Gefahr eines westlich unterst\u00fctzten Machtwechsels gegen Lukaschenko \u2013 <a href=\"https:\/\/ecfr.eu\/event\/the-eu-and-belarus-in-2021\/\" rel=\"external noopener nofollow\" target=\"_blank\">wie m\u00f6glicherweise 2021 versucht<\/a> \u2013 w\u00fcrde bei milit\u00e4rischer Eskalation drastisch steigen. Ein Verlust von Minsk w\u00e4re der Verlust des engsten Partners, den weder Nordkorea noch China aus geografischen Gr\u00fcnden ersetzen k\u00f6nnten.<\/p>\n<p>Belarus ist Russlands <a href=\"https:\/\/www.cicero.de\/aussenpolitik\/machtkampf-belarus-moskau-optionen-alexander-lukaschenko-wladimir-putin\" rel=\"external noopener nofollow\" target=\"_blank\">strategische Tiefe<\/a> im Westen: Ohne dieses Land <a href=\"https:\/\/jamestown.org\/russia-and-belarus-preparing-for-escalation-with-ukraine-and-nato\/\" rel=\"external noopener nofollow\" target=\"_blank\">st\u00fcnden<\/a> Nato-nahe Truppen direkt an der russischen Westgrenze bei Smolensk, Russland <a href=\"https:\/\/laender-analysen.de\/belarus-analysen\/66\/die-integration-von-belarus-und-russland-die-roadmaps-des-unionsstaates\/\" rel=\"external noopener nofollow\" target=\"_blank\">verl\u00f6re Fr\u00fchwarnsysteme<\/a>, Stationierungspl\u00e4tze und einen <a href=\"https:\/\/www.german-economic-team.com\/newsletter\/belarus-zunehmende-wirtschaftliche-abhaengigkeit-von-russland\/\" rel=\"external noopener nofollow\" target=\"_blank\">Korridor f\u00fcr Handel und Sanktionsumgehung<\/a>.<\/p>\n<p>Nicht zuletzt spielte das Narrativ einer m\u00f6glichen ukrainischen Nuklearbewaffnung f\u00fcr die russische Kriegserz\u00e4hlung eine zentrale Rolle: Bereits am 24. Februar 2022 behauptete Putin in seiner Rede, die Ukraine k\u00f6nne theoretisch eigene Atomwaffen entwickeln.<\/p>\n<p>Keine Einheit<\/p>\n<p>Der Westen reagiert derweil uneinheitlich: Washington antwortet mit diffusen Drohgeb\u00e4rden und einem einseitigen Milliarden-Modernisierungsprogramm, verhandelte aber gleichzeitig mit Moskau. Die Nato doktert seit Jahren an einer \u00f6ffentlich kaum greifbaren Nuklearstrategie und k\u00fcndigt an, ab 2026 atomwaffenf\u00e4hige Tomahawks in Deutschland zu stationieren.<\/p>\n<p>Berlin klammert sich an die nukleare Teilhabe unter US-Regie und lehnt Macrons Angebot einer &#8222;europ\u00e4isierten&#8220; franz\u00f6sischen Abschreckung <a href=\"https:\/\/www.handelsblatt.com\/politik\/deutschland\/atomwaffen-wie-frankreichs-nuklearschirm-deutschland-schuetzen-koennte\/100196122.html\" rel=\"external noopener nofollow\" target=\"_blank\">br\u00fcsk ab<\/a>. Die EU als Institution gl\u00e4nzt durch Abwesenheit und \u00fcberl\u00e4sst das Feld einzelnen Hauptst\u00e4dten.<\/p>\n<p>Diese Nicht-Antwort blendet aus, dass Moskau den Ukraine-Krieg nicht isoliert betrachtet, sondern als Folge einer jahrzehntelangen Verschiebung der Sicherheitsordnung, der Nato-Ausdehnung bis an russische Grenzen interpretiert. Aus russischer Sicht geht es um mehr als die Ukraine: um die Angst vor strategischer Einkreisung und die Instabilit\u00e4t an der Grenze zu Belarus.<\/p>\n<p>Der Westen antwortet vor allem mit Abschreckung und Aufr\u00fcstung \u2013 und versch\u00e4rft damit aus Moskauer Sicht genau jene Dynamik, die die russische-inszenierte Nuklear-Debatte einfangen sollte. Die ukrainische Kriegsf\u00fchrung, finanziell ein Fass ohne Boden, d\u00fcrfte f\u00fcr weitere, langanhaltende russische Nukleardebatten sorgen. Noch ist es nicht zu sp\u00e4t f\u00fcr einen Neustart von New Start.<\/p>\n","protected":false},"excerpt":{"rendered":"Was bedeutet Russlands Neujustierung der Nuklear-Strategie? (Bild:\u00a0Andrey Kryuchenko\/Shutterstock.com) Atomare Ambitionen, europ\u00e4ische \u00c4ngste: Sind die russischen Nuklear-Debatten Vorboten eines&hellip;\n","protected":false},"author":2,"featured_media":1154213,"comment_status":"","ping_status":"","sticky":false,"template":"","format":"standard","meta":{"footnotes":"","_share_on_mastodon":"0"},"categories":[4013],"tags":[331,332,662,1403,13,451,14,15,242218,16,4043,4044,850,307,12],"class_list":["post-1154212","post","type-post","status-publish","format-standard","has-post-thumbnail","category-russland","tag-aktuelle-nachrichten","tag-aktuelle-news","tag-atomwaffen","tag-geopolitik","tag-headlines","tag-militaer","tag-nachrichten","tag-news","tag-nukleares-wettruesten","tag-politik","tag-russia","tag-russian-federation","tag-russische-foederation","tag-russland","tag-schlagzeilen"],"share_on_mastodon":{"url":"https:\/\/pubeurope.com\/@de\/116889993970410332","error":""},"_links":{"self":[{"href":"https:\/\/www.europesays.com\/de\/wp-json\/wp\/v2\/posts\/1154212","targetHints":{"allow":["GET"]}}],"collection":[{"href":"https:\/\/www.europesays.com\/de\/wp-json\/wp\/v2\/posts"}],"about":[{"href":"https:\/\/www.europesays.com\/de\/wp-json\/wp\/v2\/types\/post"}],"author":[{"embeddable":true,"href":"https:\/\/www.europesays.com\/de\/wp-json\/wp\/v2\/users\/2"}],"replies":[{"embeddable":true,"href":"https:\/\/www.europesays.com\/de\/wp-json\/wp\/v2\/comments?post=1154212"}],"version-history":[{"count":0,"href":"https:\/\/www.europesays.com\/de\/wp-json\/wp\/v2\/posts\/1154212\/revisions"}],"wp:featuredmedia":[{"embeddable":true,"href":"https:\/\/www.europesays.com\/de\/wp-json\/wp\/v2\/media\/1154213"}],"wp:attachment":[{"href":"https:\/\/www.europesays.com\/de\/wp-json\/wp\/v2\/media?parent=1154212"}],"wp:term":[{"taxonomy":"category","embeddable":true,"href":"https:\/\/www.europesays.com\/de\/wp-json\/wp\/v2\/categories?post=1154212"},{"taxonomy":"post_tag","embeddable":true,"href":"https:\/\/www.europesays.com\/de\/wp-json\/wp\/v2\/tags?post=1154212"}],"curies":[{"name":"wp","href":"https:\/\/api.w.org\/{rel}","templated":true}]}}