{"id":1154476,"date":"2026-07-09T14:55:17","date_gmt":"2026-07-09T14:55:17","guid":{"rendered":"https:\/\/www.europesays.com\/de\/1154476\/"},"modified":"2026-07-09T14:55:17","modified_gmt":"2026-07-09T14:55:17","slug":"willich-tritt-allianz-gegen-einsamkeit-bei","status":"publish","type":"post","link":"https:\/\/www.europesays.com\/de\/1154476\/","title":{"rendered":"Willich tritt Allianz gegen Einsamkeit bei"},"content":{"rendered":"<p class=\"text_ohne_einzug richtext text-em-55 !leading-serif mx-6 desktop:mx-0\"> Die Stadt Willich geh\u00f6rt zu den Erstunterzeichner-Kommunen der \u201eAllianz gegen Einsamkeit\u201c, die jetzt in Berlin im Rahmen der 5. Konferenz \u201eGemeinsam aus der Einsamkeit\u201c von der Bundesministerin f\u00fcr Bildung, Familie, Senioren, Frauen und Jugend, Karin Prien (CDU), offiziell vorgestellt und bundesweit bekannt gemacht worden ist. Darauf macht die Stadt Willich in einer Pressemitteilung aufmerksam.<\/p>\n<p class=\"richtext text-em-55 !leading-serif mx-6 desktop:mx-0\">Die Stadt wolle damit ein deutliches Zeichen im Kampf gegen Einsamkeit setzen \u2013 \u201eund geht weiter ihren Weg, mit Engagement und diversen Aktivit\u00e4ten das Aktionsjahr ,Willich gemeinsam\u2018 ins Bewusstsein der B\u00fcrgerinnen und B\u00fcrger zu r\u00fccken\u201c, informiert die Stadt Willich.<\/p>\n<p class=\"richtext text-em-55 !leading-serif mx-6 desktop:mx-0\">Die Allianz gegen Einsamkeit ist eine Initiative des Bundesministeriums f\u00fcr Bildung, Familie, Senioren, Frauen und Jugend mit dem Ziel, das Thema Einsamkeit st\u00e4rker ins \u00f6ffentliche Bewusstsein zu r\u00fccken, Akteurinnen und Akteure miteinander zu vernetzen und bestehende Unterst\u00fctzungsangebote sichtbarer zu machen.<\/p>\n<p class=\"richtext text-em-55 !leading-serif mx-6 desktop:mx-0\">\u201eEinsamkeit beschreibt das Gef\u00fchl, weniger soziale Kontakte zu haben, als man sich w\u00fcnscht \u2013 und immer mehr Menschen f\u00fchlen sich einsam, unabh\u00e4ngig vom Alter. Und das mit Folgen f\u00fcr die Gesundheit, weniger Teilhabe und Zusammenhalt\u201c, so die Stadt Willich. Daher wolle man Willich als \u201eStadt des Miteinanders\u201c erlebbar machen, etwas gegen Einsamkeit tun, Angebote schaffen und Menschen zusammenbringen.<\/p>\n<p class=\"richtext text-em-55 !leading-serif mx-6 desktop:mx-0\">Auf einer speziellen Webseite finden sich unter anderem Veranstaltungstipps, eine Angebotslandkarte, Mitmachaktionen, Tipps gegen Einsamkeit \u2013 und vieles mehr. In der Angebotslandkarte unter <a href=\"https:\/\/kompetenznetz-einsamkeit.de\/angebotslandkarte\" target=\"_blank\" rel=\"nofollow noopener\">https:\/\/kompetenznetz-einsamkeit.de\/angebotslandkarte<\/a> finden sich in der Stadt Willich bisher die Begegnungsst\u00e4tte und der Netzwerk Neersen, die Willicher Zeitb\u00f6rse, das Netzwerk 50plus Willich, das Freiwilligenzentrum Willich und das Begegnungszentrum Krumm.<\/p>\n","protected":false},"excerpt":{"rendered":"Die Stadt Willich geh\u00f6rt zu den Erstunterzeichner-Kommunen der \u201eAllianz gegen Einsamkeit\u201c, die jetzt in Berlin im Rahmen der&hellip;\n","protected":false},"author":2,"featured_media":1154477,"comment_status":"","ping_status":"","sticky":false,"template":"","format":"standard","meta":{"footnotes":"","_share_on_mastodon":"0"},"categories":[1849],"tags":[12143,752,226645,3364,29,122032,13112,242273,548,663,3934,30,13,30492,25352,4455,14,15,1209,26191,12,6583,17289,15807],"class_list":["post-1154476","post","type-post","status-publish","format-standard","has-post-thumbnail","category-moenchengladbach","tag-allianz","tag-bildung","tag-bundesministerin","tag-de","tag-deutschland","tag-einsam","tag-einsamkeit","tag-erstunterzeichner","tag-eu","tag-europa","tag-europe","tag-germany","tag-headlines","tag-karin-prien","tag-miteinander","tag-moenchengladbach","tag-nachrichten","tag-news","tag-nordrhein-westfalen","tag-offiziell","tag-schlagzeilen","tag-senioren","tag-willich","tag-ziel"],"share_on_mastodon":{"url":"https:\/\/pubeurope.com\/@de\/116890601263741307","error":""},"_links":{"self":[{"href":"https:\/\/www.europesays.com\/de\/wp-json\/wp\/v2\/posts\/1154476","targetHints":{"allow":["GET"]}}],"collection":[{"href":"https:\/\/www.europesays.com\/de\/wp-json\/wp\/v2\/posts"}],"about":[{"href":"https:\/\/www.europesays.com\/de\/wp-json\/wp\/v2\/types\/post"}],"author":[{"embeddable":true,"href":"https:\/\/www.europesays.com\/de\/wp-json\/wp\/v2\/users\/2"}],"replies":[{"embeddable":true,"href":"https:\/\/www.europesays.com\/de\/wp-json\/wp\/v2\/comments?post=1154476"}],"version-history":[{"count":0,"href":"https:\/\/www.europesays.com\/de\/wp-json\/wp\/v2\/posts\/1154476\/revisions"}],"wp:featuredmedia":[{"embeddable":true,"href":"https:\/\/www.europesays.com\/de\/wp-json\/wp\/v2\/media\/1154477"}],"wp:attachment":[{"href":"https:\/\/www.europesays.com\/de\/wp-json\/wp\/v2\/media?parent=1154476"}],"wp:term":[{"taxonomy":"category","embeddable":true,"href":"https:\/\/www.europesays.com\/de\/wp-json\/wp\/v2\/categories?post=1154476"},{"taxonomy":"post_tag","embeddable":true,"href":"https:\/\/www.europesays.com\/de\/wp-json\/wp\/v2\/tags?post=1154476"}],"curies":[{"name":"wp","href":"https:\/\/api.w.org\/{rel}","templated":true}]}}