{"id":1154573,"date":"2026-07-09T15:50:22","date_gmt":"2026-07-09T15:50:22","guid":{"rendered":"https:\/\/www.europesays.com\/de\/1154573\/"},"modified":"2026-07-09T15:50:22","modified_gmt":"2026-07-09T15:50:22","slug":"62-jaehriger-bei-unfall-mit-lastwagen-schwer-verletzt","status":"publish","type":"post","link":"https:\/\/www.europesays.com\/de\/1154573\/","title":{"rendered":"62-J\u00e4hriger bei Unfall mit Lastwagen schwer verletzt"},"content":{"rendered":"<p _ngcontent-sc113=\"\"> 09. Juli 2026 \u2013 Mara Schwarzenberger <\/p>\n<p _ngcontent-sc113=\"\">Ein 62-J\u00e4hriger ger\u00e4t bei einem Unfall unter einen Lastwagen und wird eingeklemmt. Rettungskr\u00e4fte bringen ihn ins Krankenhaus.<\/p>\n<ul _ngcontent-sc85=\"\">\n<li _ngcontent-sc85=\"\">In Wedel wurde ein 62-j\u00e4hriger Mann von seinem f\u00fchrerlosen Lastwagen \u00fcberrollt und schwer verletzt.<\/li>\n<li _ngcontent-sc85=\"\">Der Lkw setzte sich w\u00e4hrend Verladearbeiten aus bislang ungekl\u00e4rter Ursache in Bewegung.<\/li>\n<li _ngcontent-sc85=\"\">Ersthelfer und die Feuerwehr befreiten den Mann, anschlie\u00dfend wurde er ins Krankenhaus gebracht.<\/li>\n<\/ul>\n<p _ngcontent-sc85=\"\" align=\"false\">Bei einem Verkehrsunfall in Wedel (Kreis Pinneberg) ist ein 62 Jahre alter Mann durch einen wegrollenden Lastkraftwagen schwer verletzt worden. Der Mann hatte am Mittwoch Verladearbeiten an seinem Lastwagen durchgef\u00fchrt, als sich das f\u00fchrerlose Fahrzeug in Bewegung setzte, wie die Polizei mitteilte.<\/p>\n<p _ngcontent-sc85=\"\" align=\"false\">Er lief daraufhin auf der Beifahrerseite zur Fahrerkabine, um das Weiterrollen zu stoppen. Aus bislang ungekl\u00e4rter Ursache geriet er dabei unter den Vorderreifen, wurde \u00fcberrollt und eingeklemmt.<\/p>\n<p _ngcontent-sc85=\"\" align=\"false\">Ersthelfer und Einsatzkr\u00e4fte der Freiwilligen Feuerwehr befreiten den Mann. Anschlie\u00dfend wurde er mit einem Rettungswagen in ein Krankenhaus gebracht. Auch ein Rettungshubschrauber war im Einsatz.<\/p>\n<p>Weitere News On Air<\/p>\n<p _ngcontent-sc85=\"\" align=\"false\">Weitere Nachrichten aus Hamburg, Deutschland und der Welt h\u00f6rt ihr immer zur vollen Stunde bei uns im Programm. Holt euch einfach unsere <a _ngcontent-sc132=\"\" href=\"https:\/\/www.radiohamburg.de\/programm\/frequenzen\/Streamen-%C3%BCber-die-App-id388032.html\" rel=\"nofollow noopener\" target=\"_blank\">kostenlose App<\/a>, h\u00f6rt uns \u00fcber euren <a _ngcontent-sc132=\"\" href=\"https:\/\/www.radiohamburg.de\/programm\/frequenzen\/Alexa-spiele-Radio-Hamburg-id387722.html\" rel=\"nofollow noopener\" target=\"_blank\">Smartspeaker<\/a> oder schaltet mit einem Klick unten auf den Playbutton das Webradio ein. Zum Nachh\u00f6ren gibt\u2019s das Ganze nat\u00fcrlich auch noch mal als <a _ngcontent-sc132=\"\" href=\"https:\/\/www.radiohamburg.de\/hoeren\/podcasts\/Radio-Hamburg-Nachrichten-id388455.html\" rel=\"nofollow noopener\" target=\"_blank\">Podcastangebot<\/a>.<\/p>\n<p><img decoding=\"async\" _ngcontent-sc129=\"\" class=\"\" src=\"https:\/\/www.europesays.com\/de\/wp-content\/uploads\/2025\/04\/app.jpg\" alt=\"App, App Store, iOS, Play Store, Google\" title=\"App, App Store, iOS, Play Store, Google\"\/><\/p>\n<p>Foto: Bloomicon \/ Shutterstock.com<\/p>\n<p> F\u00fcr iOS &amp; Android <\/p>\n<p>Holt euch die kostenlose Radio Hamburg App<\/p>\n<p _ngcontent-sc85=\"\" align=\"false\">H\u00f6rt uns an jedem Ort auf der Welt in bester Qualit\u00e4t &amp; st\u00f6rungsfrei \u00fcber unsere kostenlose App. Holt sie euch jetzt f\u00fcr Android oder iOS.<\/p>\n","protected":false},"excerpt":{"rendered":"09. Juli 2026 \u2013 Mara Schwarzenberger Ein 62-J\u00e4hriger ger\u00e4t bei einem Unfall unter einen Lastwagen und wird eingeklemmt.&hellip;\n","protected":false},"author":2,"featured_media":304934,"comment_status":"","ping_status":"","sticky":false,"template":"","format":"standard","meta":{"footnotes":"","_share_on_mastodon":"0"},"categories":[1826],"tags":[127841,242297,29,242293,30,692,3263,2086,242291,242294,242290,242298,121830,13868,6995,30968,242299,242295,3260,242292,242296,72006,242289],"class_list":["post-1154573","post","type-post","status-publish","format-standard","has-post-thumbnail","category-hamburg","tag-blaulicht-hamburg","tag-blaulicht-schleswig-holstein","tag-deutschland","tag-feuerwehr-wedel","tag-germany","tag-hamburg","tag-krankenhaus","tag-kreis-pinneberg","tag-lastwagen-unfall","tag-lkw-rollt-weg","tag-lkw-unfall-wedel","tag-nachrichten-wedel","tag-polizei-schleswig-holstein","tag-rettungseinsatz","tag-rettungshubschrauber","tag-schwer-verletzt","tag-unfall-heute","tag-unfall-schleswig-holstein","tag-verkehrsunfall","tag-verkehrsunfall-wedel","tag-verladearbeiten","tag-wedel","tag-wedel-unfall"],"share_on_mastodon":{"url":"https:\/\/pubeurope.com\/@de\/116890819067717618","error":""},"_links":{"self":[{"href":"https:\/\/www.europesays.com\/de\/wp-json\/wp\/v2\/posts\/1154573","targetHints":{"allow":["GET"]}}],"collection":[{"href":"https:\/\/www.europesays.com\/de\/wp-json\/wp\/v2\/posts"}],"about":[{"href":"https:\/\/www.europesays.com\/de\/wp-json\/wp\/v2\/types\/post"}],"author":[{"embeddable":true,"href":"https:\/\/www.europesays.com\/de\/wp-json\/wp\/v2\/users\/2"}],"replies":[{"embeddable":true,"href":"https:\/\/www.europesays.com\/de\/wp-json\/wp\/v2\/comments?post=1154573"}],"version-history":[{"count":0,"href":"https:\/\/www.europesays.com\/de\/wp-json\/wp\/v2\/posts\/1154573\/revisions"}],"wp:featuredmedia":[{"embeddable":true,"href":"https:\/\/www.europesays.com\/de\/wp-json\/wp\/v2\/media\/304934"}],"wp:attachment":[{"href":"https:\/\/www.europesays.com\/de\/wp-json\/wp\/v2\/media?parent=1154573"}],"wp:term":[{"taxonomy":"category","embeddable":true,"href":"https:\/\/www.europesays.com\/de\/wp-json\/wp\/v2\/categories?post=1154573"},{"taxonomy":"post_tag","embeddable":true,"href":"https:\/\/www.europesays.com\/de\/wp-json\/wp\/v2\/tags?post=1154573"}],"curies":[{"name":"wp","href":"https:\/\/api.w.org\/{rel}","templated":true}]}}