{"id":1154698,"date":"2026-07-09T16:59:22","date_gmt":"2026-07-09T16:59:22","guid":{"rendered":"https:\/\/www.europesays.com\/de\/1154698\/"},"modified":"2026-07-09T16:59:22","modified_gmt":"2026-07-09T16:59:22","slug":"dortmund-bruder-missbrauchte-jahrelang-seine-kleinen-schwestern-regional","status":"publish","type":"post","link":"https:\/\/www.europesays.com\/de\/1154698\/","title":{"rendered":"Dortmund: Bruder missbrauchte jahrelang seine kleinen Schwestern | Regional"},"content":{"rendered":"<p><a class=\"skip-content skip-content--link\" href=\"#in-content-skip-link-target-v-0-0\">TTS-Player \u00fcberspringen\u21b5<\/a><a id=\"in-content-skip-link-target-v-0-0\" class=\"skip-content--target-link-hidden skip-content skip-content--target-link\" href=\"#in-content-skip-link-target-v-0-0\">Artikel weiterlesen<\/a><\/p>\n<p>Dortmund \u2013 <b>Als Philip G.* 14 Jahre alt wurde, begann f\u00fcr seine Schwestern der Horror: An seinem Geburtstag soll er zun\u00e4chst das eine M\u00e4dchen (damals 10) missbraucht haben, Jahre sp\u00e4ter auch die j\u00fcngere Schwester. Immer wieder kam es zum Missbrauch \u2013 insgesamt 181 Taten werden ihm vorgeworfen. 22 Jahre nach dem ersten \u00dcbergriff fanden die Schwestern endlich die Kraft, den P\u00e4dokriminellen bei der Polizei anzuzeigen. <\/b><\/p>\n<p>Am Donnerstag stand Philip G. aus Hamm (<a href=\"https:\/\/www.bild.de\/regional\/nordrhein-westfalen\/home-npIP0qL0giWP1ZFIOHn2\" class=\"text-link\" rel=\"nofollow noopener\" target=\"_blank\">Nordrhein-Westfalen<\/a>) vor der Jugendkammer am Landgericht Dortmund. Die Staatsanw\u00e4ltin wirft ihm unter anderem schweren sexuellen Missbrauch vor. Die Taten sollen sich \u00fcber einen Zeitraum von acht Jahren erstreckt haben.<b> <\/b>Richterin Britta Graya schloss die \u00d6ffentlichkeit aus, weil der heute 39-J\u00e4hrige selbst noch ein Kind war, als er 2001 mutma\u00dflich zum ersten Mal zum T\u00e4ter wurde.<\/p>\n<p>Bekamen die Eltern nichts mit?<\/p>\n<p>Die grausamen <a href=\"https:\/\/www.bild.de\/news\/aktuelles\/verbrechen\/verbrechen-alle-infos-78141902.bild.html\" class=\"text-link\" rel=\"nofollow noopener\" target=\"_blank\">Verbrechen<\/a> sollen nach BILD-Informationen immer wieder nach dem gleichen Muster abgelaufen sein. In den ersten Jahren, als die Familie noch in Kamen (<a href=\"https:\/\/www.bild.de\/regional\/ruhrgebiet\/ruhrgebiet-regional\/home-16344468.bild.html\" class=\"text-link\" rel=\"nofollow noopener\" target=\"_blank\">Ruhrgebiet<\/a>) wohnte, soll Philip G. die Schwestern in sein Zimmer im Dachgeschoss gerufen haben. Nach dem Umzug nach Bergkamen sei der Keller zum Tatort geworden. Die Eltern bekamen offenbar nichts mit. Philip G. soll die M\u00e4dchen nachts missbraucht haben, wenn Vater und Mutter schliefen \u2013 oder am Nachmittag, wenn sie arbeiteten.<\/p>\n<p><img decoding=\"async\" width=\"992\" height=\"558\" alt=\"Nils Schiering geht davon aus, dass sein Mandant zu einer Bew\u00e4hrungsstrafe verurteilt wird\" loading=\"lazy\" src=\"https:\/\/www.europesays.com\/de\/wp-content\/uploads\/2026\/07\/9764f7e8473157a738091a4c593f6d35,4c5e0836.jpeg\"   class=\"landscape\"\/><\/p>\n<p class=\"fig__caption__text\">Nils Schiering geht davon aus, dass sein Mandant zu einer Bew\u00e4hrungsstrafe verurteilt wird<\/p>\n<p>Foto: gs-rechtsanwaelte.de<\/p>\n<p>Gut 20 Minuten, nachdem die Staatsanw\u00e4ltin die Anklage verlesen hatte, verlie\u00df Philip G. den Gerichtssaal 110, um zu warten. Drinnen berieten Richter, Staatsanw\u00e4ltin und Verteidiger \u00fcber den weiteren Prozessverlauf und wie Philip G. f\u00fcr das unermessliche Leid seiner Schwestern am Ende bestraft werden k\u00f6nne. M\u00f6glicherweise bleibt ihnen zumindest eine Aussage vor Gericht erspart,\u00a0denn offenbar bestreitet ihr Bruder nicht, was er ihnen angetan hat. <\/p>\n<p>Rechtsanwalt Nils Schiering zu BILD: \u201eMein Mandant r\u00e4umt einen Teil der Taten ein. Wir gehen davon aus, dass bereits in der kommenden Woche eine Bew\u00e4hrungsstrafe gegen ihn verh\u00e4ngt wird.\u201c M\u00f6glich sei die Bew\u00e4hrungsstrafe deshalb, weil im Fall von Philip G. das Jugendstrafrecht gelten k\u00f6nnte. <\/p>\n<p>*Name ge\u00e4ndert<\/p>\n","protected":false},"excerpt":{"rendered":"TTS-Player \u00fcberspringen\u21b5Artikel weiterlesen Dortmund \u2013 Als Philip G.* 14 Jahre alt wurde, begann f\u00fcr seine Schwestern der Horror:&hellip;\n","protected":false},"author":2,"featured_media":1154699,"comment_status":"","ping_status":"","sticky":false,"template":"","format":"standard","meta":{"footnotes":"","_share_on_mastodon":"0"},"categories":[1833],"tags":[55546,67087,3364,29,217,30,17882,3887,1209,1269,5502,138370,1921,1348],"class_list":["post-1154698","post","type-post","status-publish","format-standard","has-post-thumbnail","category-dortmund","tag-landgericht-dortmund","tag-bergkamen","tag-de","tag-deutschland","tag-dortmund","tag-germany","tag-kamen","tag-kindesmissbrauch","tag-nordrhein-westfalen","tag-prozess","tag-sexueller-missbrauch","tag-team-first","tag-vergewaltigung","tag-wegener-andreas"],"share_on_mastodon":{"url":"https:\/\/pubeurope.com\/@de\/116891090177283637","error":""},"_links":{"self":[{"href":"https:\/\/www.europesays.com\/de\/wp-json\/wp\/v2\/posts\/1154698","targetHints":{"allow":["GET"]}}],"collection":[{"href":"https:\/\/www.europesays.com\/de\/wp-json\/wp\/v2\/posts"}],"about":[{"href":"https:\/\/www.europesays.com\/de\/wp-json\/wp\/v2\/types\/post"}],"author":[{"embeddable":true,"href":"https:\/\/www.europesays.com\/de\/wp-json\/wp\/v2\/users\/2"}],"replies":[{"embeddable":true,"href":"https:\/\/www.europesays.com\/de\/wp-json\/wp\/v2\/comments?post=1154698"}],"version-history":[{"count":0,"href":"https:\/\/www.europesays.com\/de\/wp-json\/wp\/v2\/posts\/1154698\/revisions"}],"wp:featuredmedia":[{"embeddable":true,"href":"https:\/\/www.europesays.com\/de\/wp-json\/wp\/v2\/media\/1154699"}],"wp:attachment":[{"href":"https:\/\/www.europesays.com\/de\/wp-json\/wp\/v2\/media?parent=1154698"}],"wp:term":[{"taxonomy":"category","embeddable":true,"href":"https:\/\/www.europesays.com\/de\/wp-json\/wp\/v2\/categories?post=1154698"},{"taxonomy":"post_tag","embeddable":true,"href":"https:\/\/www.europesays.com\/de\/wp-json\/wp\/v2\/tags?post=1154698"}],"curies":[{"name":"wp","href":"https:\/\/api.w.org\/{rel}","templated":true}]}}