{"id":115470,"date":"2025-05-16T15:38:09","date_gmt":"2025-05-16T15:38:09","guid":{"rendered":"https:\/\/www.europesays.com\/de\/115470\/"},"modified":"2025-05-16T15:38:09","modified_gmt":"2025-05-16T15:38:09","slug":"das-zweite-training-im-imola-jetzt-live","status":"publish","type":"post","link":"https:\/\/www.europesays.com\/de\/115470\/","title":{"rendered":"Das zweite Training im Imola jetzt live!"},"content":{"rendered":"<p>     16:50\u00a0Uhr<br \/>\n                        Jetzt Session-Ticker \u00f6ffnen!<\/p>\n<p>In zehn Minuten beginnt dann auch das zweite Training in Imola und wir verlagern das Geschehen damit erst einmal wieder <a href=\"https:\/\/www.formel1.de\/liveticker\/formel-1-liveticker.php\" target=\"_self\" rel=\"noopener\">in unseren Session-Ticker<\/a>. Hier ist also kurz Pause, nach dem Ende von FT2 geht es an dieser Stelle weiter mit den Stimmen zum Freitag.<\/p>\n<p>Und wenn ihr wissen wollt, wie ihr die Formel 1 am Wochenende im Livestream sehen k\u00f6nnt, <a href=\"https:\/\/www.formel1.de\/nc\/123413\" target=\"_self\" rel=\"noopener\">dann erfahrt ihr das hier<\/a>!<\/p>\n<p>     16:40\u00a0Uhr<br \/>\n                        Gewicht wird 2026 wieder zum gro\u00dfen Thema<\/p>\n<p>Mitten in all den Diskussionen \u00fcber die Hybridmotoren 2026 und deren Einsatz d\u00fcrfte es f\u00fcr die Teams am schwierigsten werden, das neue, niedrigere Gewichtslimit der Formel 1 zu erreichen.<\/p>\n<p>Das Mindestgewicht der Autos in der neuen Regel\u00e4ra wurde auf 768 Kilogramm festgelegt &#8211; 32 Kilogramm weniger als das derzeitige Limit von 800 Kilo. Dies wurde gr\u00f6\u00dftenteils durch eine Verkleinerung der Fahrzeuge erreicht.<\/p>\n<p>Die FIA m\u00f6chte das Gewicht der Autos am liebsten noch weiter reduzieren, um das Spektakel zu verbessern. Doch f\u00fcr 2026 bedeutet der gr\u00f6\u00dfere Anteil an elektrischer Leistung auch deutlich schwerere Batterien.<\/p>\n<p>Und da es mehreren Teams bereits bis in dieses Jahr hinein schwerfiel, das aktuelle Mindestgewicht \u00fcberhaupt zu erreichen, scheinen die ehrgeizigen Ziele der FIA eine echte Kopfnuss zu werden.<\/p>\n<p><a href=\"https:\/\/www.formel1.de\/news\/news\/2025-05-16\/teams-haben-zu-kaempfen-gewicht-wird-2026-wieder-zum-grossen-thema\" target=\"_self\" rel=\"noopener\">Alle Hintergr\u00fcnde k\u00f6nnt ihr hier nachlesen.<\/a><\/p>\n<p>    16:30\u00a0Uhr<br \/>\n                        Den FT1-Crash von Bortoleto &#8230;<\/p>\n<p>&#8230; k\u00f6nnt ihr euch derweil hier noch einmal im Video ansehen:<\/p>\n<p>      16:22\u00a0Uhr<br \/>\n                        Ferrari droht \u00c4rger<\/p>\n<p>Ferrari droht \u00c4rger, weil man in FT1 den Reifendruck am Auto von Charles Leclerc zwischen zwei Runs ge\u00e4ndert hat. Die FIA teilt dazu mit:<\/p>\n<p>&#8222;W\u00e4hrend des ersten Freien Trainings wurde festgestellt, dass der Luftdruck des linken und rechten Vorderreifens von Reifensatz 16602 an Auto 16 [Leclerc] nach einem Stint ver\u00e4ndert wurde, w\u00e4hrend das Auto in der Garage stand und bevor es zu einem weiteren Stint mit demselben Reifensatz auf die Strecke ging.&#8220;<\/p>\n<p>&#8222;Diese Anpassung wurde nicht gem\u00e4\u00df den in TD003Q 2. g. ii. festgelegten Verfahren durchgef\u00fchrt.&#8220;<\/p>\n<p>Die Sache liegt jetzt bei den Rennkommissaren. K\u00f6nnte also noch eine Strafe geben.<\/p>\n<p>     16:00\u00a0Uhr<br \/>\n                        Feierabend<\/p>\n<p>Damit endet die heutige PK auch. Unter anderem ging es noch um die neue Regel beim kommenden Grand Prix in Monaco, bei dem dann erstmals zwei Boxenstopps im Rennen vorgeschrieben sind.<\/p>\n<p>In einer Stunde geht es dann in Imola auf der Strecke weiter mit FT2.<\/p>\n<p>    15:53\u00a0Uhr<br \/>\n                        Stella: Arbeiten noch weiter am Auto<\/p>\n<p>Jetzt verr\u00e4t der Teamchef, dass McLaren die Arbeit am aktuellen Auto noch nicht abgeschlossen habe. Obwohl man momentan wohl den besten Boliden hat, legt man noch nicht den kompletten Fokus auf 2026.<\/p>\n<p>Zwar schaue man auch bereits auf das kommende Jahr, aber das sei bei allen zehn Teams \u00e4hnlich, so Stella. Man arbeite aber auch weiter am MCL39, denn man gehe nicht davon aus, dass man die Titel in diesem Jahr bereits im Sack habe.<\/p>\n<p>    15:47\u00a0Uhr<br \/>\n                        Stella freut sich \u00fcber Ger\u00fcchte<\/p>\n<p>Auch eine spannende Aussage des McLaren-Teamchefs. Der erkl\u00e4rt n\u00e4mlich, dass sich die Konkurrenz gerne weiter an seinem Team abarbeiten und dar\u00fcber spekulieren d\u00fcrfe, <a href=\"https:\/\/www.formel1.de\/news\/grand-prix-berichte\/2025-05-12\/seitenhieb-gegen-rivalen-warum-auf-browns-trinkflasche-tire-water-steht\" target=\"_self\" rel=\"noopener\">ob McLaren irgendetwas Illegales mache<\/a>.<\/p>\n<p>Denn das bedeute, dass sich die Gegner &#8222;auf die falschen Dinge&#8220; konzentrieren, und das helfe am Ende nur McLaren, so Stella.<\/p>\n<p>    15:41\u00a0Uhr<br \/>\n                        Vasseur: Nur McLaren sticht heraus<\/p>\n<p>Auch der Ferrari-Teamchef spricht \u00fcber die aktuelle Performance, denn bei Ferrari l\u00e4uft es in diesem Jahr noch nicht wirklich rund. Vasseur betont aber auch, dass aus dem aktuellen Feld eigentlich nur McLaren heraussteche.<\/p>\n<p>Davon abgesehen seien alle im gleichen Boot, so Vasseur, der erkl\u00e4rt, dass es nat\u00fcrlich das Ziel sei, die L\u00fccke zu McLaren zu schlie\u00dfen. Aber sehe man einmal vom Team aus Woking ab, habe man auch schon gute Leistungen gezeigt.<\/p>\n<p>Trotzdem m\u00fcsse man nat\u00fcrlich verstehen, warum man zum Beispiel in Miami so einen R\u00fcckstand gehabt habe.<\/p>\n","protected":false},"excerpt":{"rendered":"16:50\u00a0Uhr Jetzt Session-Ticker \u00f6ffnen! In zehn Minuten beginnt dann auch das zweite Training in Imola und wir verlagern&hellip;\n","protected":false},"author":2,"featured_media":115471,"comment_status":"","ping_status":"","sticky":false,"template":"","format":"standard","meta":{"footnotes":""},"categories":[136],"tags":[29,1641,1642,1640,1645,1643,1639,30,1644,1638,265],"class_list":{"0":"post-115470","1":"post","2":"type-post","3":"status-publish","4":"format-standard","5":"has-post-thumbnail","7":"category-sport","8":"tag-deutschland","9":"tag-f1-news","10":"tag-formel-1-heute","11":"tag-formel-1-news","12":"tag-formel-1news","13":"tag-formel-eins-news","14":"tag-formel1-news","15":"tag-germany","16":"tag-news-formel-1","17":"tag-news-formel1","18":"tag-sport"},"share_on_mastodon":{"url":"https:\/\/pubeurope.com\/@de\/114518262062219127","error":""},"_links":{"self":[{"href":"https:\/\/www.europesays.com\/de\/wp-json\/wp\/v2\/posts\/115470","targetHints":{"allow":["GET"]}}],"collection":[{"href":"https:\/\/www.europesays.com\/de\/wp-json\/wp\/v2\/posts"}],"about":[{"href":"https:\/\/www.europesays.com\/de\/wp-json\/wp\/v2\/types\/post"}],"author":[{"embeddable":true,"href":"https:\/\/www.europesays.com\/de\/wp-json\/wp\/v2\/users\/2"}],"replies":[{"embeddable":true,"href":"https:\/\/www.europesays.com\/de\/wp-json\/wp\/v2\/comments?post=115470"}],"version-history":[{"count":0,"href":"https:\/\/www.europesays.com\/de\/wp-json\/wp\/v2\/posts\/115470\/revisions"}],"wp:featuredmedia":[{"embeddable":true,"href":"https:\/\/www.europesays.com\/de\/wp-json\/wp\/v2\/media\/115471"}],"wp:attachment":[{"href":"https:\/\/www.europesays.com\/de\/wp-json\/wp\/v2\/media?parent=115470"}],"wp:term":[{"taxonomy":"category","embeddable":true,"href":"https:\/\/www.europesays.com\/de\/wp-json\/wp\/v2\/categories?post=115470"},{"taxonomy":"post_tag","embeddable":true,"href":"https:\/\/www.europesays.com\/de\/wp-json\/wp\/v2\/tags?post=115470"}],"curies":[{"name":"wp","href":"https:\/\/api.w.org\/{rel}","templated":true}]}}