{"id":1154703,"date":"2026-07-09T17:02:23","date_gmt":"2026-07-09T17:02:23","guid":{"rendered":"https:\/\/www.europesays.com\/de\/1154703\/"},"modified":"2026-07-09T17:02:23","modified_gmt":"2026-07-09T17:02:23","slug":"leipzig-eroeffnet-neues-zentrum-fuer-internationale-fachkraefte","status":"publish","type":"post","link":"https:\/\/www.europesays.com\/de\/1154703\/","title":{"rendered":"Leipzig er\u00f6ffnet neues Zentrum f\u00fcr internationale Fachkr\u00e4fte"},"content":{"rendered":"<p>        <img decoding=\"async\" src=\"https:\/\/www.europesays.com\/de\/wp-content\/uploads\/2026\/07\/zugewanderte-fachkraefte-anlaufstelle-100.webp\" alt=\"Menschen stehen in einem Raum an Stehtischen vor Wandtafeln und unterhalten sich\" title=\"Menschen stehen in einem Raum an Stehtischen vor Wandtafeln und unterhalten sich | MDR\" class=\"responsive\"\/><\/p>\n<p>AUDIO: Leipzig hat neue Anlaufstelle f\u00fcr internationale Fachkr\u00e4fte (1 Min)<\/p>\n<p class=\"topline\">Integration<\/p>\n<p class=\"author\">von MDR SACHSEN<\/p>\n<p>\n                Stand: 09.07.2026 17:45 Uhr<\/p>\n<p class=\"\">Leipzig hat am Donnerstag eine neue Anlaufstelle f\u00fcr internationale Fachkr\u00e4fte er\u00f6ffnet. Laut Stadtverwaltung sollen im &#8222;Centre for Immigration and Internationals&#8220;, kurz CII, Zugewanderte und Unternehmen k\u00fcnftig zentral beraten werden &#8211; etwa zur Anerkennung von Berufs- und akademischen Abschl\u00fcssen, Ausbildung oder dem Lernen der Sprache. So sollen das Ankommen erleichtert und die Integration gest\u00e4rkt werden.<\/p>\n<p>                    <a href=\"https:\/\/www.europesays.com\/de\/wp-content\/uploads\/2026\/07\/zugewanderte-fachkraefte-anlaufstelle-102.webp\" class=\"zoomimage\" title=\"Bild vergr\u00f6\u00dfern\"><\/p>\n<p>        <img decoding=\"async\" src=\"https:\/\/www.europesays.com\/de\/wp-content\/uploads\/2026\/07\/zugewanderte-fachkraefte-anlaufstelle-102.webp\" alt=\"Gr\u00fcnderzeitgeb\u00e4ude an einer Stra\u00dfe in der Stadt\" title=\"Mit dem neuen Zentrum in der Otto-Schill-Stra\u00dfe sollen &quot;Barrieren des Ankommens&quot; abgebaut und das Miteinander gef\u00f6rdert werden. | MDR\" class=\"responsive\" loading=\"lazy\"\/><\/p>\n<p>                    <\/a><\/p>\n<p>                    Mit dem neuen Zentrum in der Otto-Schill-Stra\u00dfe sollen &#8222;Barrieren des Ankommens&#8220; abgebaut und das Miteinander gef\u00f6rdert werden.<\/p>\n<p>    Teil der Willkommenskultur in Leipzig<\/p>\n<p class=\"\">Referatsleiterin Ilkay Alves betonte, Leipzig brauche gut zug\u00e4ngliche Strukturen, um internationale Arbeits- und Fachkr\u00e4fte langfristig in der Stadt und in Sachsen zu halten. &#8222;Das &#8222;Center for Immigration and International&#8220; spiegelt die Willkommenskultur der Stadt Leipzig wieder, unterst\u00fctzt aber auch dabei, den Prozess der Einwanderung so zu begleiten, dass auch die zugewanderten Fachkr\u00e4fte bleiben,&#8220; so Alves.<\/p>\n<p>                    <a href=\"https:\/\/www.europesays.com\/de\/wp-content\/uploads\/2026\/07\/zugewanderte-fachkraefte-anlaufstelle-104.webp\" class=\"zoomimage\" title=\"Bild vergr\u00f6\u00dfern\"><\/p>\n<p>        <img decoding=\"async\" src=\"https:\/\/www.europesays.com\/de\/wp-content\/uploads\/2026\/07\/zugewanderte-fachkraefte-anlaufstelle-104.webp\" alt=\"Fenster mit Aufschrift &quot;Willkommenszentrum Leipzig&quot;\" title=\"Wesentliche Fragen der Zuwanderung und Integration werden in der neuen Anlaufstelle laut Leipziger Stadtverwaltung geb\u00fcndelt. | MDR\" class=\"responsive\" loading=\"lazy\"\/><\/p>\n<p>                    <\/a><\/p>\n<p>                    Wesentliche Fragen der Zuwanderung und Integration werden in der neuen Anlaufstelle laut Leipziger Stadtverwaltung geb\u00fcndelt.<\/p>\n<p>    Fast 34.000 Menschen aus dem Ausland in sozialversicherungspflichtigen Jobs<\/p>\n<p class=\"\">Nach Angaben der Stadt lebten Ende 2025 rund 137.000 Menschen mit Migrationshintergrund in Leipzig. Das entspricht etwa 21,5 Prozent der Stadtbev\u00f6lkerung. Fast 34.000 Menschen aus dem Ausland w\u00fcrden in sozialversicherungspflichtigen Jobs arbeiten, sagte die B\u00fcrgermeisterin f\u00fcr Soziales, Gesundheit und Vielfalt, Martina M\u00fcnch (SPD): &#8222;Wir brauchen sie in der Gastronomie, wir brauchen sie im Pflegebereich, brauchen sie in der Wirtschaft. Es war auch eine Vertretung der Verkehrsbetriebe da, die sich auch sehr aktiv um Anwerbungen von Menschen aus dem Ausland bem\u00fchen und wir brauchen diese Menschen, weil wir ja selbst immer weniger werden.&#8220;<\/p>\n<p class=\"\">Viele Menschen kommen im Rahmen der Arbeitnehmer-Freiz\u00fcgigkeit aus der Europ\u00e4ischen Union nach Leipzig, aber auch aus Indien, der T\u00fcrkei und den USA.<\/p>\n<p class=\"\">MDR (kbe\/kgr\/db\u00f6)<\/p>\n","protected":false},"excerpt":{"rendered":"AUDIO: Leipzig hat neue Anlaufstelle f\u00fcr internationale Fachkr\u00e4fte (1 Min) Integration von MDR SACHSEN Stand: 09.07.2026 17:45 Uhr&hellip;\n","protected":false},"author":2,"featured_media":1154704,"comment_status":"","ping_status":"","sticky":false,"template":"","format":"standard","meta":{"footnotes":"","_share_on_mastodon":"0"},"categories":[1832],"tags":[1140,3364,29,22554,30,3659,71,14,859,1300,173,242332,55,190437],"class_list":["post-1154703","post","type-post","status-publish","format-standard","has-post-thumbnail","category-leipzig","tag-arbeit","tag-de","tag-deutschland","tag-fachkraefte","tag-germany","tag-integration","tag-leipzig","tag-nachrichten","tag-sachsen","tag-sprache","tag-unternehmen","tag-willkommenskultur","tag-wirtschaft","tag-zugewanderte"],"share_on_mastodon":{"url":"https:\/\/pubeurope.com\/@de\/116891102206687758","error":""},"_links":{"self":[{"href":"https:\/\/www.europesays.com\/de\/wp-json\/wp\/v2\/posts\/1154703","targetHints":{"allow":["GET"]}}],"collection":[{"href":"https:\/\/www.europesays.com\/de\/wp-json\/wp\/v2\/posts"}],"about":[{"href":"https:\/\/www.europesays.com\/de\/wp-json\/wp\/v2\/types\/post"}],"author":[{"embeddable":true,"href":"https:\/\/www.europesays.com\/de\/wp-json\/wp\/v2\/users\/2"}],"replies":[{"embeddable":true,"href":"https:\/\/www.europesays.com\/de\/wp-json\/wp\/v2\/comments?post=1154703"}],"version-history":[{"count":0,"href":"https:\/\/www.europesays.com\/de\/wp-json\/wp\/v2\/posts\/1154703\/revisions"}],"wp:featuredmedia":[{"embeddable":true,"href":"https:\/\/www.europesays.com\/de\/wp-json\/wp\/v2\/media\/1154704"}],"wp:attachment":[{"href":"https:\/\/www.europesays.com\/de\/wp-json\/wp\/v2\/media?parent=1154703"}],"wp:term":[{"taxonomy":"category","embeddable":true,"href":"https:\/\/www.europesays.com\/de\/wp-json\/wp\/v2\/categories?post=1154703"},{"taxonomy":"post_tag","embeddable":true,"href":"https:\/\/www.europesays.com\/de\/wp-json\/wp\/v2\/tags?post=1154703"}],"curies":[{"name":"wp","href":"https:\/\/api.w.org\/{rel}","templated":true}]}}