{"id":1154830,"date":"2026-07-09T18:16:24","date_gmt":"2026-07-09T18:16:24","guid":{"rendered":"https:\/\/www.europesays.com\/de\/1154830\/"},"modified":"2026-07-09T18:16:24","modified_gmt":"2026-07-09T18:16:24","slug":"helene-fischer-fliegt-und-begeistert-die-fans-in-hannover","status":"publish","type":"post","link":"https:\/\/www.europesays.com\/de\/1154830\/","title":{"rendered":"Helene Fischer fliegt &#8211; und begeistert die Fans in Hannover"},"content":{"rendered":"<p>        <img decoding=\"async\" src=\"https:\/\/www.europesays.com\/de\/wp-content\/uploads\/2026\/07\/helenefischer-124.webp\" alt=\"Helene Fischer singt auf der B\u00fchne bei einem Konzert ihrer Jubil\u00e4umstour.\" title=\"Helene Fischer singt auf der B\u00fchne bei einem Konzert ihrer Jubil\u00e4umstour. | Sandra Ludewig \/ Benjamin M\u00e4bert\" class=\"responsive\"\/><\/p>\n<p>AUDIO: Helene Fischer in Hannover: Party f\u00fcr das ganze Stadtviertel (1 Min)<\/p>\n<p>\n                Stand: 08.07.2026 11:29 Uhr<\/p>\n<p class=\"preface\">Anl\u00e4sslich ihres 20-j\u00e4hrigen B\u00fchnenjubil\u00e4ums ist S\u00e4ngerin Helene Fischer gestern in Hannover aufgetreten. Mehr als 40.000 Tickets waren f\u00fcr die gigantische Stadionshow verkauft worden.<\/p>\n<p class=\"\">Der Gesang von Helene Fischer schallte von der Arena \u00fcber den Maschsee bis in den Stadtteil S\u00fcdstadt und auch in die andere Richtung bis nach Linden. Die S\u00e4ngerin bot ihren Fans Songs aus zwei Jahrzehnten.<\/p>\n<p class=\"\">Erst am vergangenen Wochenende hatte Helene Fischer <a href=\"https:\/\/www.ndr.de\/kultur\/musik\/pop\/jetzt-oder-nie-115000-fans-an-zwei-tagen-feiern-helene-fischer,helenefischer-116.html\" title=\"&quot;Jetzt oder Nie&quot;: 115.000 Fans an zwei Tagen feiern Helene Fischer\" rel=\"nofollow noopener\" target=\"_blank\">zwei Konzerte im Hamburger Volksparkstadion<\/a> gegeben. Insgesamt <a href=\"https:\/\/www.ndr.de\/kultur\/musik\/pop\/jetzt-oder-nie-115000-fans-an-zwei-tagen-feiern-helene-fischer,helenefischer-116.html\" title=\"&quot;Jetzt oder Nie&quot;: 115.000 Fans an zwei Tagen feiern Helene Fischer\" rel=\"nofollow noopener\" target=\"_blank\">rund 115.000 Fans<\/a> jubelten ihr dort nach Angaben der Veranstalter an beiden Tagen zusammen zu.<\/p>\n<p>    Ph\u00e4nomenale Flugshows<\/p>\n<p class=\"\">Eine Besonderheit des Konzerts: Die 360-Grad-B\u00fchne im Zentrum des Stadions, die sich \u00fcber die ganze Arena erstreckt und durch Laufstege verbunden ist. Diese B\u00fchne macht eine besondere N\u00e4he zu den Fans m\u00f6glich. Aber die 41-J\u00e4hrige beeindruckte auch durch ph\u00e4nomenale Flugshows. Vor drei Jahren hatte sich die S\u00e4ngerin bei einer solchen <a href=\"https:\/\/www.ndr.de\/nachrichten\/niedersachsen\/hannover_weser-leinegebiet\/Konzertabbruch-nach-Verletzung-von-Helene-Fischer,helenefischer956.html\" title=\"Konzertabbruch nach Trapez-Unfall von Helene Fischer\" rel=\"nofollow noopener\" target=\"_blank\">Trapez-Einlage in Hannover<\/a> verletzt und musste das Konzert abbrechen &#8211; diesmal ging alles gut.<\/p>\n<p class=\"\">F\u00fcr die Megashow waren 150 Techniker, 20 T\u00e4nzer, 46 Trucker und 13 Busfahrer im Einsatz. 840 LED-Panels auf einer Gesamtfl\u00e4che von 780 Quadratmetern und mehr als 1.200 Scheinwerfer setzten Helene Fischer ins rechte Licht, dazu gab es rund 1.000 pyrotechnische Effekte.<\/p>\n<p>        <img decoding=\"async\" src=\"https:\/\/www.europesays.com\/de\/wp-content\/uploads\/2026\/07\/helenefischer-112.webp\" alt=\"Die S\u00e4ngerin Helene Fischer mit langen offenen Haaren in rotem Outfit singt bei ihrer Deutschlandtour 2026 \" title=\"Die S\u00e4ngerin Helene Fischer mit langen offenen Haaren in rotem Outfit singt bei ihrer Deutschlandtour 2026  | Robert Michael\/dpa +++ dpa-Bildfunk +++\" class=\"responsive\" loading=\"lazy\"\/><\/p>\n<p>Helene Fischer ist eine der erfolgreichsten deutschen K\u00fcnstlerinnen der vergangenen Jahrzehnte. Derzeit tourt sie im Norden. Was macht ihren Erfolg aus?<\/p>\n<p>    Wenig sommerlicher Abend<\/p>\n<p class=\"\">Ob der Wind und die niedrigen Temperaturen am Dienstagabend der Grund waren, warum die Veranstaltung nicht ausverkauft war? Schwer zu sagen. Die Fans, die f\u00fcr das Konzert angereist waren, konnten es jedenfalls kaum erwarten und waren schon Stunden vor dem Konzert enorm aufgeregt und gut gelaunt.<\/p>\n<p>\n            <strong>Video:<\/strong><br \/>\n            Stadion-Tour: Helene Fischer zu Gast in Hannover (3 Min)\n        <\/p>\n<p class=\"\">Kleiner Fun Fact: F\u00fcr das Konzert musste die Fu\u00dfballmannschaft Hannover 96 den Trainingsplatz r\u00e4umen, der sich in der Arena befindet. Das Testspiel gegen Ph\u00f6nix L\u00fcbeck (3:1) fand deshalb im Eilenriedestadion statt.<\/p>\n<p>        <img decoding=\"async\" src=\"https:\/\/www.europesays.com\/de\/wp-content\/uploads\/2026\/07\/screenshot-191486.webp\" alt=\"Helene Fischer live auf der B\u00fchne.\" title=\"Helene Fischer live auf der B\u00fchne. | Screenshot\" class=\"responsive\" loading=\"lazy\"\/><\/p>\n<p>Bei ihrer &#8222;360 Grad&#8220;-Stadion-Tour begeistert sie ihre Fans zweieinhalb Stunden mit einer Popschlagerparty inklusive all ihrer Hits.<\/p>\n<p>        <img decoding=\"async\" src=\"https:\/\/www.europesays.com\/de\/wp-content\/uploads\/2026\/07\/1783336936_175_fischer-284.webp\" alt=\"Helene Fischer in rotem Kost\u00fcm vor einem Publikum\" title=\"Helene Fischer in rotem Kost\u00fcm vor einem Publikum | NDR\" class=\"responsive\" loading=\"lazy\"\/><\/p>\n<p>Der Schlagerstar hat am Wochenende zwei Konzerte auf einer 360-Grad-B\u00fchne im Hamburger Volksparkstadion gegeben. <\/p>\n<p>        <img decoding=\"async\" src=\"https:\/\/www.europesays.com\/de\/wp-content\/uploads\/2026\/03\/regionalh100.webp.webp\" alt=\"Das Rathaus am Maschsee.\" title=\"Das Rathaus am Maschsee. | NDR, Julius Matuschik\" class=\"responsive\" loading=\"lazy\"\/><\/p>\n<p>Was in Ihrer Region wichtig ist, h\u00f6ren Sie in den Regional-Nachrichten auf NDR 1 Niedersachsen.<\/p>\n<p>        <img decoding=\"async\" src=\"https:\/\/www.europesays.com\/de\/wp-content\/uploads\/2026\/07\/screenshot-159472.webp\" alt=\"S\u00e4ngerin Helene Fischer im wei\u00dfen Kapuzenpulli mit Pferdesschwanz im NDR Interview\" title=\"S\u00e4ngerin Helene Fischer im wei\u00dfen Kapuzenpulli mit Pferdesschwanz im NDR Interview | Screenshot\" class=\"responsive\" loading=\"lazy\"\/><\/p>\n<p>In der NDR Talk Show blickt die 41-j\u00e4hrige S\u00e4ngerin auf ihre 20-j\u00e4hrige Karriere und auf schmerzhafte Augenblicke zur\u00fcck &#8211; und auf die nahende Tour.<\/p>\n<p>        Schlagw\u00f6rter zu diesem Artikel<\/p>\n<p>            <a href=\"https:\/\/www.ndr.de\/nachrichten\/niedersachsen\/hannover_weser-leinegebiet\/Hannover-Aktuelle-News-und-Nachrichten,hannover18518.html\" rel=\"nofollow noopener\" target=\"_blank\">Hannover<\/a><\/p>\n","protected":false},"excerpt":{"rendered":"AUDIO: Helene Fischer in Hannover: Party f\u00fcr das ganze Stadtviertel (1 Min) Stand: 08.07.2026 11:29 Uhr Anl\u00e4sslich ihres&hellip;\n","protected":false},"author":2,"featured_media":1154831,"comment_status":"","ping_status":"","sticky":false,"template":"","format":"standard","meta":{"footnotes":"","_share_on_mastodon":"0"},"categories":[1836],"tags":[15574,36062,3364,29,30,46,240962,24608,1310,810,1411,4849,1481],"class_list":["post-1154830","post","type-post","status-publish","format-standard","has-post-thumbnail","category-hannover","tag-anreise","tag-arena","tag-de","tag-deutschland","tag-germany","tag-hannover","tag-heinz-von-heiden","tag-helene-fischer","tag-konzert","tag-musik","tag-niedersachsen","tag-parken","tag-service"],"share_on_mastodon":{"url":"","error":""},"_links":{"self":[{"href":"https:\/\/www.europesays.com\/de\/wp-json\/wp\/v2\/posts\/1154830","targetHints":{"allow":["GET"]}}],"collection":[{"href":"https:\/\/www.europesays.com\/de\/wp-json\/wp\/v2\/posts"}],"about":[{"href":"https:\/\/www.europesays.com\/de\/wp-json\/wp\/v2\/types\/post"}],"author":[{"embeddable":true,"href":"https:\/\/www.europesays.com\/de\/wp-json\/wp\/v2\/users\/2"}],"replies":[{"embeddable":true,"href":"https:\/\/www.europesays.com\/de\/wp-json\/wp\/v2\/comments?post=1154830"}],"version-history":[{"count":0,"href":"https:\/\/www.europesays.com\/de\/wp-json\/wp\/v2\/posts\/1154830\/revisions"}],"wp:featuredmedia":[{"embeddable":true,"href":"https:\/\/www.europesays.com\/de\/wp-json\/wp\/v2\/media\/1154831"}],"wp:attachment":[{"href":"https:\/\/www.europesays.com\/de\/wp-json\/wp\/v2\/media?parent=1154830"}],"wp:term":[{"taxonomy":"category","embeddable":true,"href":"https:\/\/www.europesays.com\/de\/wp-json\/wp\/v2\/categories?post=1154830"},{"taxonomy":"post_tag","embeddable":true,"href":"https:\/\/www.europesays.com\/de\/wp-json\/wp\/v2\/tags?post=1154830"}],"curies":[{"name":"wp","href":"https:\/\/api.w.org\/{rel}","templated":true}]}}