{"id":1154856,"date":"2026-07-09T18:30:25","date_gmt":"2026-07-09T18:30:25","guid":{"rendered":"https:\/\/www.europesays.com\/de\/1154856\/"},"modified":"2026-07-09T18:30:25","modified_gmt":"2026-07-09T18:30:25","slug":"tennis-rochusclub-duesseldorf-will-mit-mackenzie-gegen-cobolli-bestehen","status":"publish","type":"post","link":"https:\/\/www.europesays.com\/de\/1154856\/","title":{"rendered":"Tennis: Rochusclub D\u00fcsseldorf will mit Mackenzie gegen Cobolli bestehen"},"content":{"rendered":"<p class=\"text_ohne_einzug richtext text-em-55 !leading-serif mx-6 desktop:mx-0\">Flavio Cobolli h\u00e4tte warten k\u00f6nnen. Nicht im Wimbledon-Halbfinale auf <a href=\"https:\/\/rp-online.de\/thema\/alexander-zverev\/\" rel=\"nofollow noopener\" target=\"_blank\">Alexander Zverev<\/a>, denn dort ist der Italiener \u00fcberraschend ausgeschieden. Sondern auf den D\u00fcsseldorfer <a href=\"https:\/\/rp-online.de\/thema\/rochusclub\/\" rel=\"nofollow noopener\" target=\"_blank\">Rochusclub<\/a> beim Saisonstart am Sonntag. Nach dem Gewinn der Regionalliga-Saison 2025 geht der Tennisverein wieder in der 2. <a href=\"https:\/\/rp-online.de\/thema\/bundesliga\/\" rel=\"nofollow noopener\" target=\"_blank\">Bundesliga<\/a> auf Punktejagd. Und mit dem <a href=\"https:\/\/rp-online.de\/thema\/htc\/\" rel=\"nofollow noopener\" target=\"_blank\">HTC<\/a> Blau-Wei\u00df <a href=\"https:\/\/rp-online.de\/thema\/krefeld\/\" rel=\"nofollow noopener\" target=\"_blank\">Krefeld<\/a> steht direkt das Duell mit einem der gro\u00dfen Aufstiegsaspiranten an.<\/p>\n","protected":false},"excerpt":{"rendered":"Flavio Cobolli h\u00e4tte warten k\u00f6nnen. Nicht im Wimbledon-Halbfinale auf Alexander Zverev, denn dort ist der Italiener \u00fcberraschend ausgeschieden.&hellip;\n","protected":false},"author":2,"featured_media":1154857,"comment_status":"","ping_status":"","sticky":false,"template":"","format":"standard","meta":{"footnotes":"","_share_on_mastodon":"0"},"categories":[1831],"tags":[3364,29,3405,30,16699,242396,242394,16852,18276,7320,1209,10321,54590,242397,150425,9387,242395,40083,5725,8267,242398,36508,41675,98078,40947,20668],"class_list":["post-1154856","post","type-post","status-publish","format-standard","has-post-thumbnail","category-duesseldorf","tag-de","tag-deutschland","tag-duesseldorf","tag-germany","tag-gespielt","tag-grundlinienspieler","tag-jamie","tag-mannschaft","tag-max","tag-mhm","tag-nordrhein-westfalen","tag-person","tag-regionalligasaison","tag-runterspielen","tag-sag","tag-saison","tag-saisonrueckschau","tag-saisonziel","tag-spiel","tag-spiele","tag-spielertyp","tag-spielt","tag-spieltage","tag-spieltagen","tag-topspieler","tag-verbessern"],"share_on_mastodon":{"url":"https:\/\/pubeurope.com\/@de\/116891446685538093","error":""},"_links":{"self":[{"href":"https:\/\/www.europesays.com\/de\/wp-json\/wp\/v2\/posts\/1154856","targetHints":{"allow":["GET"]}}],"collection":[{"href":"https:\/\/www.europesays.com\/de\/wp-json\/wp\/v2\/posts"}],"about":[{"href":"https:\/\/www.europesays.com\/de\/wp-json\/wp\/v2\/types\/post"}],"author":[{"embeddable":true,"href":"https:\/\/www.europesays.com\/de\/wp-json\/wp\/v2\/users\/2"}],"replies":[{"embeddable":true,"href":"https:\/\/www.europesays.com\/de\/wp-json\/wp\/v2\/comments?post=1154856"}],"version-history":[{"count":0,"href":"https:\/\/www.europesays.com\/de\/wp-json\/wp\/v2\/posts\/1154856\/revisions"}],"wp:featuredmedia":[{"embeddable":true,"href":"https:\/\/www.europesays.com\/de\/wp-json\/wp\/v2\/media\/1154857"}],"wp:attachment":[{"href":"https:\/\/www.europesays.com\/de\/wp-json\/wp\/v2\/media?parent=1154856"}],"wp:term":[{"taxonomy":"category","embeddable":true,"href":"https:\/\/www.europesays.com\/de\/wp-json\/wp\/v2\/categories?post=1154856"},{"taxonomy":"post_tag","embeddable":true,"href":"https:\/\/www.europesays.com\/de\/wp-json\/wp\/v2\/tags?post=1154856"}],"curies":[{"name":"wp","href":"https:\/\/api.w.org\/{rel}","templated":true}]}}