{"id":1155009,"date":"2026-07-09T19:58:16","date_gmt":"2026-07-09T19:58:16","guid":{"rendered":"https:\/\/www.europesays.com\/de\/1155009\/"},"modified":"2026-07-09T19:58:16","modified_gmt":"2026-07-09T19:58:16","slug":"personal-hoechststand-bei-polizei-in-nrw-reul-mehr-haende-die-eingreifen-wenn-es","status":"publish","type":"post","link":"https:\/\/www.europesays.com\/de\/1155009\/","title":{"rendered":"Personal-H\u00f6chststand bei Polizei in NRW &#8211; Reul: &#8222;Mehr H\u00e4nde, die eingreifen, wenn es &#8230;"},"content":{"rendered":"<p class=\"date\">09.07.2026 \u2013 20:41<\/p>\n<p class=\"customer\">\n                        <a class=\"story-customer\" title=\"weiter zum newsroom von K\u00f6lner Stadt-Anzeiger\" href=\"https:\/\/www.presseportal.de\/nr\/66749\" rel=\"nofollow noopener\" target=\"_blank\">K\u00f6lner Stadt-Anzeiger<\/a>\n                    <\/p>\n<p><a data-category=\"citylink-story-view\" data-action=\"click\" data-label=\"Citylink in Meldungsansicht\" class=\"story-city event-trigger\" href=\"https:\/\/www.presseportal.de\/regional\/K%F6ln\" title=\"News aus K\u00f6ln \" rel=\"nofollow noopener\" target=\"_blank\">K\u00f6ln<\/a> (ots)<\/p>\n<p>Die Polizeibeh\u00f6rden in Nordrhein-Westfalen steuern im Herbst auf einen historischen Personalh\u00f6chststand zu. Nach Informationen des &#8222;K\u00f6lner Stadt-Anzeiger&#8220; (Donnerstagsausgabe) zur aktuellen Prognose f\u00fcr die Belastungsbezogene Kr\u00e4fteverteilung (BKV) werden den Beh\u00f6rden zum 1. Oktober 2026 rund 700 Planstellen mehr zur Verf\u00fcgung stehen als noch im Vorjahr. Den Prognosen zufolge steigt die Zahl der Beamten in den Kreispolizeibeh\u00f6rden damit auf den Rekordwert von 39.459.<\/p>\n<p>NRW-Innenminister Herbert Reul (CDU) zeigte sich angesichts dieser Zahlen hochzufrieden: &#8222;Rund 700 neue Polizistinnen und Polizisten erwarten wir in diesem Jahr nach aktuellen Prognosen f\u00fcr unsere Polizei. Das sind mehr Augen, die hinschauen und mehr H\u00e4nde, die eingreifen, wenn es n\u00f6tig ist&#8220;, sagte Reul der Zeitung. F\u00fcr die B\u00fcrger im Land bedeute dies sp\u00fcrbare Entlastung: &#8222;Das bedeutet ganz praktisch: mehr Streifen, die abends durchs Viertel fahren und mehr Ermittler, die T\u00e4tern auf der Spur sind.&#8220;<\/p>\n<p>Die Entwicklung der Planstellen in den vergangenen Jahren zeigt eine Kurve nach oben. 2020 gab es 37 597, im Jahr 2025 waren es 38 759 Planstellen. &#8222;Dahinter stehen nicht blo\u00df Zahlen, sondern Menschen, die jeden Tag Verantwortung \u00fcbernehmen&#8220;, sagte Reul. NRW werde &#8222;Schritt f\u00fcr sicherer.&#8220;<\/p>\n<p class=\"contact-headline\">Pressekontakt:<\/p>\n<p class=\"contact-text\">K\u00f6lner Stadt-Anzeiger<br \/>Newsdesk<br \/>Telefon: 0221 224 2080<\/p>\n<p class=\"originator\">Original-Content von: K\u00f6lner Stadt-Anzeiger, \u00fcbermittelt durch news aktuell<\/p>\n","protected":false},"excerpt":{"rendered":"09.07.2026 \u2013 20:41 K\u00f6lner Stadt-Anzeiger K\u00f6ln (ots) Die Polizeibeh\u00f6rden in Nordrhein-Westfalen steuern im Herbst auf einen historischen Personalh\u00f6chststand&hellip;\n","protected":false},"author":2,"featured_media":428773,"comment_status":"","ping_status":"","sticky":false,"template":"","format":"standard","meta":{"footnotes":"","_share_on_mastodon":"0"},"categories":[1828],"tags":[29,30,14623,1420,1209,16,178,180,179,181,21905],"class_list":["post-1155009","post","type-post","status-publish","format-standard","has-post-thumbnail","category-koeln","tag-deutschland","tag-germany","tag-innenpolitik","tag-koeln","tag-nordrhein-westfalen","tag-politik","tag-presse","tag-pressemeldung","tag-pressemitteilung","tag-pressemitteilungen","tag-presseschau"],"share_on_mastodon":{"url":"https:\/\/pubeurope.com\/@de\/116891793753909979","error":""},"_links":{"self":[{"href":"https:\/\/www.europesays.com\/de\/wp-json\/wp\/v2\/posts\/1155009","targetHints":{"allow":["GET"]}}],"collection":[{"href":"https:\/\/www.europesays.com\/de\/wp-json\/wp\/v2\/posts"}],"about":[{"href":"https:\/\/www.europesays.com\/de\/wp-json\/wp\/v2\/types\/post"}],"author":[{"embeddable":true,"href":"https:\/\/www.europesays.com\/de\/wp-json\/wp\/v2\/users\/2"}],"replies":[{"embeddable":true,"href":"https:\/\/www.europesays.com\/de\/wp-json\/wp\/v2\/comments?post=1155009"}],"version-history":[{"count":0,"href":"https:\/\/www.europesays.com\/de\/wp-json\/wp\/v2\/posts\/1155009\/revisions"}],"wp:featuredmedia":[{"embeddable":true,"href":"https:\/\/www.europesays.com\/de\/wp-json\/wp\/v2\/media\/428773"}],"wp:attachment":[{"href":"https:\/\/www.europesays.com\/de\/wp-json\/wp\/v2\/media?parent=1155009"}],"wp:term":[{"taxonomy":"category","embeddable":true,"href":"https:\/\/www.europesays.com\/de\/wp-json\/wp\/v2\/categories?post=1155009"},{"taxonomy":"post_tag","embeddable":true,"href":"https:\/\/www.europesays.com\/de\/wp-json\/wp\/v2\/tags?post=1155009"}],"curies":[{"name":"wp","href":"https:\/\/api.w.org\/{rel}","templated":true}]}}