{"id":1155203,"date":"2026-07-09T21:52:40","date_gmt":"2026-07-09T21:52:40","guid":{"rendered":"https:\/\/www.europesays.com\/de\/1155203\/"},"modified":"2026-07-09T21:52:40","modified_gmt":"2026-07-09T21:52:40","slug":"eintracht-frankfurt-heftige-riera-attacke-gegen-klub-boss-sport","status":"publish","type":"post","link":"https:\/\/www.europesays.com\/de\/1155203\/","title":{"rendered":"Eintracht Frankfurt: Heftige Riera-Attacke gegen Klub-Boss | Sport"},"content":{"rendered":"<p><a class=\"skip-content skip-content--link\" href=\"#in-content-skip-link-target-v-0-0\">TTS-Player \u00fcberspringen\u21b5<\/a><a id=\"in-content-skip-link-target-v-0-0\" class=\"skip-content--target-link-hidden skip-content skip-content--target-link\" href=\"#in-content-skip-link-target-v-0-0\">Artikel weiterlesen<\/a><\/p>\n<p data-21134c99=\"0-3289\">Frankfurt \u2013 <b>Er war grade mal 14 Spiele Eintracht-Trainer \u2013 doch hinterlie\u00df Schlagzeilen, als w\u00e4re er viele Jahre da gewesen. Albert Riera (44) ist in der vergangenen Saison in Frankfurt krachend gescheitert. Nach dem Verpassen der internationalen Pl\u00e4tze und unz\u00e4hligen Unruhen, die der Spanier stiftete, trennte sich der Verein nach dem Saisonende von Riera. Das scheint der noch nicht wirklich verkraftet zu haben.<\/b><\/p>\n<p data-21134c99=\"0-3289\">Noch weniger verkraften konnte Riera wohl die Aussagen von Eintracht-Boss Axel Hellmann (54). Der Vorstandssprecher sagte Anfang der Woche \u00fcber die Frankfurt Riera-Zeit in einem Interview mit der \u201eFAZ\u201c: \u201eIch war \u00fcberrascht, wie wenig er bereit war, sich mit der Bundesliga, diesem Klub und dem ganzen Umfeld auseinanderzusetzen.\u201c<\/p>\n<p><img decoding=\"async\" width=\"992\" height=\"558\" alt=\"Eintracht-Boss Axel Hellmann (54) bezeichnet die Riera-Verpflichtung als einen Fehler\" loading=\"lazy\" src=\"https:\/\/www.europesays.com\/de\/wp-content\/uploads\/2026\/07\/e487969dc9420e55ea46bd0c42a90905,f3ddb5d6.jpeg\"   class=\"landscape\"\/><\/p>\n<p class=\"fig__caption__text\">Eintracht-Boss Axel Hellmann (54) bezeichnet die Riera-Verpflichtung als einen Fehler<\/p>\n<p>Foto: Christian Charisius\/dpa<\/p>\n<p data-21134c99=\"0-3289\">Hellmann weiter: \u201eEintracht Frankfurt ist ein gro\u00dfer, emotionaler, wuchtiger Klub mit einem gewachsenen Medienumfeld, der in den letzten Jahren sehr erfolgreich war. Wir hatten die Vorstellung, dass er all diese Herausforderungen meistern w\u00fcrde. Das haben wir falsch eingesch\u00e4tzt.\u201c <\/p>\n<p data-21134c99=\"0-3289\">Schlimmer noch: Der eigenwillige Kommunikationsstil des Trainers habe Eintracht viel Reputation gekostet. Hellmann: \u201eWir m\u00fcssen im nationalen und internationalen Spielermarkt  wieder das Vertrauen st\u00e4rken, dass Eintracht Frankfurt der richtige Klub mit stabilen Verh\u00e4ltnissen auf der Trainerposition ist.\u201c<\/p>\n<p>Heftiger Riera-Rundumschlag<\/p>\n<p data-21134c99=\"0-3289\">All diese Aussagen schmecken \u201eDon Alberto\u201c mal so gar nicht. Der holt jetzt zu einem Rundumschlag aus und attackiert Hellmann aufs \u00fcbelste. Am Donnerstagabend postete er in seiner Instagram-Story ein Bild mit ihm und Sport-Boss Markus Kr\u00f6sche (45), schrieb dazu: \u201eDas sind die einzigen zwei Personen, die von morgens bis abends im Verein waren und daf\u00fcr gek\u00e4mpft haben, das Chaos \u2013 intern wie extern \u2013 in den Griff zu bekommen: Markus Kr\u00f6sche und ich!!! Niemand sonst!\u201c<\/p>\n<p><img decoding=\"async\" width=\"992\" height=\"1178\" alt=\"Die omin\u00f6se Instagram-Story von Riera\" loading=\"lazy\" src=\"https:\/\/www.europesays.com\/de\/wp-content\/uploads\/2026\/07\/128be65af51f4630526c09165484abf7,854aaa76.jpeg\"   class=\"portrait\"\/><\/p>\n<p class=\"fig__caption__text\">Die omin\u00f6se Instagram-Story von Riera<\/p>\n<p>Foto: instagram\/11riera11<\/p>\n<p data-21134c99=\"0-3289\">Danach sah Riera rot wie ein spanischer Stier, pestete: \u201eIch werde deinen Namen nicht nennen (die Person, die ich gerade mal zweimal gesehen habe), denn du bist niemand, v\u00f6llig unbekannt, und du hast nichts geleistet. Bis heute wei\u00dft du wahrscheinlich nicht einmal, warum du \u00fcberhaupt ein Gehalt vom Verein bekommst. Du hast beschlossen, \u00fcber mich zu sprechen \u2013 also werde ich das ebenfalls tun!\u201c Klar ist, dass sich Riera hier auf Boss Hellmann bezieht.<\/p>\n<p><img decoding=\"async\" width=\"992\" height=\"558\" alt=\"Eintrachts Sport-Boss Markus Kr\u00f6sche (45) holte im Sommer Adi H\u00fctter (56) als Riera-Nachfolger\" loading=\"lazy\" src=\"https:\/\/www.europesays.com\/de\/wp-content\/uploads\/2026\/07\/06b32f9e4fcf40e6acc4e1aa0a89ac5d,cb338f07.jpeg\"   class=\"landscape\"\/><\/p>\n<p class=\"fig__caption__text\">Eintrachts Sport-Boss Markus Kr\u00f6sche (45) holte im Sommer Adi H\u00fctter (56) als Riera-Nachfolger<\/p>\n<p>Foto: picture alliance\/HMB Media<\/p>\n<p>\u201eFeiglinge reden erst hinterher!\u201c<\/p>\n<p data-21134c99=\"0-3289\">Abschlie\u00dfend schrieb der Frankfurter Ex-Coach: \u201eEintracht war w\u00e4hrend meiner Zeit dort wie eine Geisterstadt. Weder der Pr\u00e4sident noch die Direktoren oder sonst jemand waren pr\u00e4sent. Wahrscheinlich tauchen sie nur auf, wenn es gute Zeiten gibt. Feiglinge reden erst hinterher und hinter dem R\u00fccken anderer. \u00dcbrigens w\u00fcnsche ich Eintracht, dass der Verein die richtigen Leute findet \u2013 Menschen, die etwas von diesem Spiel verstehen und dem Klub dabei helfen, eine erfolgreiche Fu\u00dfballgeschichte zu schreiben.\u201c Dieses billige Nachtreten d\u00fcrfte den <a href=\"https:\/\/www.bild.de\/sport\/fussball\/eintracht-frankfurt\/startseite-eintracht-frankfurt-31074444.bild.html\" class=\"text-link\" rel=\"nofollow noopener\" target=\"_blank\">Frankfurt<\/a>-Boss eher wenig interessieren. Auf solche primitiven Spielchen l\u00e4sst sich Hellmann nicht ein.<\/p>\n<p> An dieser Stelle findest du Inhalte aus Instagram <\/p>\n<p> Um mit Inhalten aus Instagram und anderen sozialen Netzwerken zu interagieren oder diese darzustellen, brauchen wir deine Zustimmung. <\/p>\n<p> soziale Netzwerke aktivieren  Um eingebettete Inhalte anzuzeigen, ist Ihre jederzeit widerrufliche Einwilligung (\u00fcber den Schalter oder \u00fcber &#8220; <a class=\"embed-placeholder__text-link\" href=\"#\" rel=\"noopener noreferrer\" title=\"Tracking widerrufen\"> Widerruf Tracking und Cookies<\/a> &#8220; am Seitenende) zur Verarbeitung personenbezogener Daten n\u00f6tig.  Dabei k\u00f6nnen Daten in Drittl\u00e4nder wie die USA \u00fcbermittelt werden (Art. 49 Abs. 1 lit. a DSGVO). Mit dem Aktivieren des Inhalts stimmen Sie zu. Weitere Infos finden Sie <a class=\"embed-placeholder__text-link\" href=\"#\" rel=\"noopener noreferrer\" title=\"Zu den Privatsph\u00e4re Einstellungen\"> hier<\/a>. <\/p>\n<p data-21134c99=\"0-3289\">Spannend: Rund 20 Minuten nach der Ver\u00f6ffentlichung seines Nachtretens postete Riera auf Instagram einen Urlaubsbeitrag mit fr\u00f6hlichen Familienfotos aus der Sonne. Dazu schrieb er: \u201eFamilie, Freunde&#8230; Morgenl\u00e4ufe, Golf&#8230;, Sonnenunterg\u00e4nge und Entspannung! Alles in dieser Reihenfolge!\u201c Na dann&#8230;<\/p>\n","protected":false},"excerpt":{"rendered":"TTS-Player \u00fcberspringen\u21b5Artikel weiterlesen Frankfurt \u2013 Er war grade mal 14 Spiele Eintracht-Trainer \u2013 doch hinterlie\u00df Schlagzeilen, als w\u00e4re&hellip;\n","protected":false},"author":2,"featured_media":1155204,"comment_status":"","ping_status":"","sticky":false,"template":"","format":"standard","meta":{"footnotes":"","_share_on_mastodon":"0"},"categories":[5],"tags":[299,76735,460,538,485,13,16656,7164,14,15,12,469,10,8,9,11],"class_list":["post-1155203","post","type-post","status-publish","format-standard","has-post-thumbnail","category-nachrichten","tag-bundesliga","tag-deutsche-bank-park","tag-eintracht-frankfurt","tag-erste-bundesliga","tag-fussball-bundesliga","tag-headlines","tag-hellmann-axel","tag-kroesche-markus","tag-nachrichten","tag-news","tag-schlagzeilen","tag-sport-leuchtturm-zentral","tag-top-news","tag-top-meldungen","tag-topmeldungen","tag-topnews"],"share_on_mastodon":{"url":"https:\/\/pubeurope.com\/@de\/116892242519900027","error":""},"_links":{"self":[{"href":"https:\/\/www.europesays.com\/de\/wp-json\/wp\/v2\/posts\/1155203","targetHints":{"allow":["GET"]}}],"collection":[{"href":"https:\/\/www.europesays.com\/de\/wp-json\/wp\/v2\/posts"}],"about":[{"href":"https:\/\/www.europesays.com\/de\/wp-json\/wp\/v2\/types\/post"}],"author":[{"embeddable":true,"href":"https:\/\/www.europesays.com\/de\/wp-json\/wp\/v2\/users\/2"}],"replies":[{"embeddable":true,"href":"https:\/\/www.europesays.com\/de\/wp-json\/wp\/v2\/comments?post=1155203"}],"version-history":[{"count":0,"href":"https:\/\/www.europesays.com\/de\/wp-json\/wp\/v2\/posts\/1155203\/revisions"}],"wp:featuredmedia":[{"embeddable":true,"href":"https:\/\/www.europesays.com\/de\/wp-json\/wp\/v2\/media\/1155204"}],"wp:attachment":[{"href":"https:\/\/www.europesays.com\/de\/wp-json\/wp\/v2\/media?parent=1155203"}],"wp:term":[{"taxonomy":"category","embeddable":true,"href":"https:\/\/www.europesays.com\/de\/wp-json\/wp\/v2\/categories?post=1155203"},{"taxonomy":"post_tag","embeddable":true,"href":"https:\/\/www.europesays.com\/de\/wp-json\/wp\/v2\/tags?post=1155203"}],"curies":[{"name":"wp","href":"https:\/\/api.w.org\/{rel}","templated":true}]}}