{"id":1155234,"date":"2026-07-09T22:14:42","date_gmt":"2026-07-09T22:14:42","guid":{"rendered":"https:\/\/www.europesays.com\/de\/1155234\/"},"modified":"2026-07-09T22:14:42","modified_gmt":"2026-07-09T22:14:42","slug":"brand-bricht-an-tony-craggs-atelier-aus","status":"publish","type":"post","link":"https:\/\/www.europesays.com\/de\/1155234\/","title":{"rendered":"Brand bricht an Tony Craggs Atelier aus"},"content":{"rendered":"<p class=\"text_ohne_einzug richtext text-em-55 !leading-serif mx-6 desktop:mx-0\">Am Atelier des Wuppertaler K\u00fcnstlers Tony Cragg an der Lise-Meitner-Stra\u00dfe ist in der Nacht zu Mittwoch gegen 1.45 Uhr ein Feuer ausgebrochen. Die Einsatzkr\u00e4fte verhinderten, dass Kunstwerke eines der bedeutendsten Bildhauer der Gegenwart zerst\u00f6rt wurden. Verletzt wurde niemand.<\/p>\n<p class=\"richtext text-em-55 !leading-serif mx-6 desktop:mx-0\">An der Halle \u2013 einer ehemaligen Panzerhalle der einstigen Sagan-Kaserne \u2013 finden derzeit Bauarbeiten statt. Beim Eintreffen der Feuerwehr stand ein Container neben dem Geb\u00e4ude in Vollbrand, die Flammen hatten bereits auf die Fassade des Geb\u00e4udes \u00fcbergegriffen. Durch die L\u00f6scharbeiten konnten das Innere der Halle sowie ein angrenzendes Geb\u00e4ude gesch\u00fctzt werden.<\/p>\n<p class=\"richtext text-em-55 !leading-serif mx-6 desktop:mx-0\">Von einer \u201eaufregenden Nacht\u201c spricht der K\u00fcnstler (77), der seit 1977 in Wuppertal lebt, gegen\u00fcber der WZ. Auch er berichtet von den aktuellen Arbeiten auf dem Dach. \u201eEin Container hat um 1 Uhr angefangen zu brennen und das Feuer hat die Fassade von meinem Atelier angegriffen\u201c, beschreibt er und geht von einem Baustellenunfall aus. Das Geb\u00e4ude sei zwar \u00e4u\u00dferlich besch\u00e4digt, aber es gebe sonst keinen gro\u00dfen Schaden. \u201eGott sei Dank haben die Nachbarn die Feuerwehr kontaktiert. Die haben sehr schnell gehandelt, um einen gr\u00f6\u00dferen Schaden zu verhindern\u201c, betont er. <\/p>\n<p>Baustoffe entgegen erster Annahmen nicht asbesthaltig      <\/p>\n<p class=\"text_ohne_einzug richtext text-em-55 !leading-serif mx-6 desktop:mx-0\">Zun\u00e4chst war vermutet worden, dass sich in dem Container S\u00e4cke mit asbesthaltigen Fassadenteilen befinden. Am Vormittag folgte jedoch Entwarnung: Die brennenden Materialien waren entgegen ersten Annahmen nicht asbesthaltig. Eine Gefahr f\u00fcr die Umwelt rund um die Einsatzstelle besteht und bestand daher nicht.<\/p>\n<p class=\"richtext text-em-55 !leading-serif mx-6 desktop:mx-0\">Die L\u00f6scharbeiten dauerten rund vier Stunden. Um m\u00f6gliche Glutnester aufzusp\u00fcren, \u00f6ffneten die Einsatzkr\u00e4fte zudem Teile des Hallendachs. Rund 100 Kr\u00e4fte der Feuerwehr Wuppertal waren im Einsatz. Die Berufsfeuerwehr wurde von zahlreichen Kr\u00e4ften aus den L\u00f6schz\u00fcgen der Freiwilligen Feuerwehr unterst\u00fctzt. Wegen der Dekontamination von Einsatzkr\u00e4ften und Ger\u00e4ten zog sich der Einsatz bis in den Vormittag. Die Kriminalpolizei ermittelt nun zur Brandursache und zur H\u00f6he des Schadens.<\/p>\n","protected":false},"excerpt":{"rendered":"Am Atelier des Wuppertaler K\u00fcnstlers Tony Cragg an der Lise-Meitner-Stra\u00dfe ist in der Nacht zu Mittwoch gegen 1.45&hellip;\n","protected":false},"author":2,"featured_media":1155235,"comment_status":"","ping_status":"","sticky":false,"template":"","format":"standard","meta":{"footnotes":"","_share_on_mastodon":"0"},"categories":[1840],"tags":[29012,2775,30707,696,3364,29,588,9032,18470,987,985,2993,30,161688,10020,4818,23029,1209,4418],"class_list":["post-1155234","post","type-post","status-publish","format-standard","has-post-thumbnail","category-wuppertal","tag-atelier","tag-berufsfeuerwehr","tag-beschaedigt","tag-container","tag-de","tag-deutschland","tag-einsatz","tag-einsatzkraefte","tag-einsatzstelle","tag-feuer","tag-feuerwehr","tag-flammen","tag-germany","tag-innere","tag-kraefte","tag-kunstwerke","tag-nachbarn","tag-nordrhein-westfalen","tag-wuppertal"],"share_on_mastodon":{"url":"https:\/\/pubeurope.com\/@de\/116892327460979706","error":""},"_links":{"self":[{"href":"https:\/\/www.europesays.com\/de\/wp-json\/wp\/v2\/posts\/1155234","targetHints":{"allow":["GET"]}}],"collection":[{"href":"https:\/\/www.europesays.com\/de\/wp-json\/wp\/v2\/posts"}],"about":[{"href":"https:\/\/www.europesays.com\/de\/wp-json\/wp\/v2\/types\/post"}],"author":[{"embeddable":true,"href":"https:\/\/www.europesays.com\/de\/wp-json\/wp\/v2\/users\/2"}],"replies":[{"embeddable":true,"href":"https:\/\/www.europesays.com\/de\/wp-json\/wp\/v2\/comments?post=1155234"}],"version-history":[{"count":0,"href":"https:\/\/www.europesays.com\/de\/wp-json\/wp\/v2\/posts\/1155234\/revisions"}],"wp:featuredmedia":[{"embeddable":true,"href":"https:\/\/www.europesays.com\/de\/wp-json\/wp\/v2\/media\/1155235"}],"wp:attachment":[{"href":"https:\/\/www.europesays.com\/de\/wp-json\/wp\/v2\/media?parent=1155234"}],"wp:term":[{"taxonomy":"category","embeddable":true,"href":"https:\/\/www.europesays.com\/de\/wp-json\/wp\/v2\/categories?post=1155234"},{"taxonomy":"post_tag","embeddable":true,"href":"https:\/\/www.europesays.com\/de\/wp-json\/wp\/v2\/tags?post=1155234"}],"curies":[{"name":"wp","href":"https:\/\/api.w.org\/{rel}","templated":true}]}}