{"id":1155361,"date":"2026-07-09T23:28:24","date_gmt":"2026-07-09T23:28:24","guid":{"rendered":"https:\/\/www.europesays.com\/de\/1155361\/"},"modified":"2026-07-09T23:28:24","modified_gmt":"2026-07-09T23:28:24","slug":"hochstrasse-sued-auffahrtsrampe-lorientallee-i","status":"publish","type":"post","link":"https:\/\/www.europesays.com\/de\/1155361\/","title":{"rendered":"Hochstra\u00dfe S\u00fcd: Auffahrtsrampe Lorientallee i"},"content":{"rendered":"<p><img loading=\"lazy\" decoding=\"async\" src=\"https:\/\/www.europesays.com\/de\/wp-content\/uploads\/2026\/07\/hochstrasse-Sued-neu.jpg\" alt=\"Hochstra\u00dfe S\u00fcd neu\" width=\"828\" height=\"622\" class=\"alignnone size-full wp-image-645019\"  \/>Ludwigshafen \/ Metropolregion Rhein-Neckar. Die Auffahrtsrampe von der Lorientallee auf die Hochstra\u00dfe S\u00fcd sollte eigentlich in diesen Tagen ge\u00f6ffnet werden. Der Termin verschiebt sich jedoch nach hinten, die Auffahrtsrampe wird voraussichtlich am 17. Juli f\u00fcr den Verkehr ge\u00f6ffnet. Grund ist der sehr aufw\u00e4ndige Bau der Leitplanken, der noch nicht abgeschlossen ist.<\/p>\n<p>Mit der Auffahrtsrampe wird kommende Woche eine zus\u00e4tzliche Verbindung f\u00fcr den Verkehr von der A650 in Fahrtrichtung<br \/>Mannheim zur Verf\u00fcgung stehen. Verkehrsteilnehmende<br \/>k\u00f6nnen dann von der Pylonbr\u00fccke kommend \u00fcber die Abfahrtsrampe direkt die wieder ge\u00f6ffnete Auffahrtsrampe<br \/>Lorientallee auf die Hochstra\u00dfe S\u00fcd nutzen.<\/p>\n<p>Bereits m\u00f6glich f\u00fcr den Verkehr in Fahrtrichtung Mannheim ist von der Pylonbr\u00fccke aus die Abfahrtsrampe in Richtung Innenstadt zu nutzen, anschlie\u00dfend \u00fcber eine neue Verbindungsstra\u00dfe die Heinigstra\u00dfe zu queren, um dann wieder \u00fcber die Auffahrt Saarlandstra\u00dfe auf die Hochstra\u00dfe S\u00fcd zu fahren.<br \/>Quelle Stadt Lu<br \/>Foto MRN-News: Neu er\u00f6ffnete Hochstra\u00dfe S\u00fcd, die nach jahrelanger Sperrung wieder freigegeben worden ist.<\/p>\n<p class=\"post-modified-info\">Zuletzt aktualisiert am 9. Juli 2026, 20:23<\/p>\n","protected":false},"excerpt":{"rendered":"Ludwigshafen \/ Metropolregion Rhein-Neckar. Die Auffahrtsrampe von der Lorientallee auf die Hochstra\u00dfe S\u00fcd sollte eigentlich in diesen Tagen&hellip;\n","protected":false},"author":2,"featured_media":1155362,"comment_status":"","ping_status":"","sticky":false,"template":"","format":"standard","meta":{"footnotes":"","_share_on_mastodon":"0"},"categories":[1845],"tags":[1634,3364,29,548,663,3934,12262,30,13,25476,2096,25488,25489,81901,14,14480,15,5206,28951,228241,12,2224,3041,9914],"class_list":["post-1155361","post","type-post","status-publish","format-standard","has-post-thumbnail","category-mannheim","tag-baden-wuerttemberg","tag-de","tag-deutschland","tag-eu","tag-europa","tag-europe","tag-faehren","tag-germany","tag-headlines","tag-ludwigshafen","tag-mannheim","tag-metropolregion","tag-metropolregion-rhein-neckar","tag-mrn-news","tag-nachrichten","tag-neckar","tag-news","tag-rhein","tag-rhein-neckar","tag-saarlandstrasse","tag-schlagzeilen","tag-sperrung","tag-stadt","tag-sued"],"share_on_mastodon":{"url":"https:\/\/pubeurope.com\/@de\/116892618463087218","error":""},"_links":{"self":[{"href":"https:\/\/www.europesays.com\/de\/wp-json\/wp\/v2\/posts\/1155361","targetHints":{"allow":["GET"]}}],"collection":[{"href":"https:\/\/www.europesays.com\/de\/wp-json\/wp\/v2\/posts"}],"about":[{"href":"https:\/\/www.europesays.com\/de\/wp-json\/wp\/v2\/types\/post"}],"author":[{"embeddable":true,"href":"https:\/\/www.europesays.com\/de\/wp-json\/wp\/v2\/users\/2"}],"replies":[{"embeddable":true,"href":"https:\/\/www.europesays.com\/de\/wp-json\/wp\/v2\/comments?post=1155361"}],"version-history":[{"count":0,"href":"https:\/\/www.europesays.com\/de\/wp-json\/wp\/v2\/posts\/1155361\/revisions"}],"wp:featuredmedia":[{"embeddable":true,"href":"https:\/\/www.europesays.com\/de\/wp-json\/wp\/v2\/media\/1155362"}],"wp:attachment":[{"href":"https:\/\/www.europesays.com\/de\/wp-json\/wp\/v2\/media?parent=1155361"}],"wp:term":[{"taxonomy":"category","embeddable":true,"href":"https:\/\/www.europesays.com\/de\/wp-json\/wp\/v2\/categories?post=1155361"},{"taxonomy":"post_tag","embeddable":true,"href":"https:\/\/www.europesays.com\/de\/wp-json\/wp\/v2\/tags?post=1155361"}],"curies":[{"name":"wp","href":"https:\/\/api.w.org\/{rel}","templated":true}]}}