{"id":1155375,"date":"2026-07-09T23:36:42","date_gmt":"2026-07-09T23:36:42","guid":{"rendered":"https:\/\/www.europesays.com\/de\/1155375\/"},"modified":"2026-07-09T23:36:42","modified_gmt":"2026-07-09T23:36:42","slug":"korridorsanierung-der-bahn-in-wuppertal-gibt-es-wenig-vertrauen-in-rechtzeitiges-ende","status":"publish","type":"post","link":"https:\/\/www.europesays.com\/de\/1155375\/","title":{"rendered":"Korridorsanierung der Bahn: In Wuppertal gibt es wenig Vertrauen in rechtzeitiges Ende"},"content":{"rendered":"<p class=\"text_ohne_einzug richtext text-em-55 !leading-serif mx-6 desktop:mx-0\">Ab Freitagabend soll Wuppertal wieder an den Zugverkehr angebunden sein \u2013 Fernverkehr und Z\u00fcge Richtung K\u00f6ln sollen dann nach f\u00fcnf Monaten Korridorsanierung Hagen \u2013 Wuppertal \u2013 K\u00f6ln wieder fahren. Die Deutsche Bahn zeigt sich optimistisch: Die Arbeiten sollen bis 21 Uhr abgeschlossen sein. Vor einer f\u00fcr Freitag angesetzten Pressekonferenz m\u00f6chte die DB allerdings noch keine Bilanz ziehen, wie eine Sprecherin auf WZ-Anfrage mitteilt. Gegen\u00fcber dem WDR wurde aber von der DB darauf hingewiesen, dass noch Pr\u00fcfungen und technische Abnahmen durch zust\u00e4ndige Fachkr\u00e4fte erfolgen. Sind diese erteilt, wird die Strecke wieder freigegeben.<\/p>\n","protected":false},"excerpt":{"rendered":"Ab Freitagabend soll Wuppertal wieder an den Zugverkehr angebunden sein \u2013 Fernverkehr und Z\u00fcge Richtung K\u00f6ln sollen dann&hellip;\n","protected":false},"author":2,"featured_media":1155376,"comment_status":"","ping_status":"","sticky":false,"template":"","format":"standard","meta":{"footnotes":"","_share_on_mastodon":"0"},"categories":[1840],"tags":[26693,1739,9695,3271,69500,2226,2227,2217,3364,29,26114,25928,30,3601,62641,220630,1209,6164,4108,10959,6191,242500,225,4418],"class_list":["post-1155375","post","type-post","status-publish","format-standard","has-post-thumbnail","category-wuppertal","tag-abgeschlossen","tag-bahn","tag-bahnhoefe","tag-bahnhoefen","tag-bahnsteigen","tag-bahnstrecke","tag-bahnverkehr","tag-bilanz","tag-de","tag-deutschland","tag-fahrgast","tag-fahrgaeste","tag-germany","tag-hauptbahnhof","tag-hauptbahnhofs","tag-korridorsanierung","tag-nordrhein-westfalen","tag-optimistisch","tag-sanierung","tag-sprecherin","tag-strecke","tag-streckenbezogenen","tag-wdr","tag-wuppertal"],"share_on_mastodon":{"url":"https:\/\/pubeurope.com\/@de\/116892649917150454","error":""},"_links":{"self":[{"href":"https:\/\/www.europesays.com\/de\/wp-json\/wp\/v2\/posts\/1155375","targetHints":{"allow":["GET"]}}],"collection":[{"href":"https:\/\/www.europesays.com\/de\/wp-json\/wp\/v2\/posts"}],"about":[{"href":"https:\/\/www.europesays.com\/de\/wp-json\/wp\/v2\/types\/post"}],"author":[{"embeddable":true,"href":"https:\/\/www.europesays.com\/de\/wp-json\/wp\/v2\/users\/2"}],"replies":[{"embeddable":true,"href":"https:\/\/www.europesays.com\/de\/wp-json\/wp\/v2\/comments?post=1155375"}],"version-history":[{"count":0,"href":"https:\/\/www.europesays.com\/de\/wp-json\/wp\/v2\/posts\/1155375\/revisions"}],"wp:featuredmedia":[{"embeddable":true,"href":"https:\/\/www.europesays.com\/de\/wp-json\/wp\/v2\/media\/1155376"}],"wp:attachment":[{"href":"https:\/\/www.europesays.com\/de\/wp-json\/wp\/v2\/media?parent=1155375"}],"wp:term":[{"taxonomy":"category","embeddable":true,"href":"https:\/\/www.europesays.com\/de\/wp-json\/wp\/v2\/categories?post=1155375"},{"taxonomy":"post_tag","embeddable":true,"href":"https:\/\/www.europesays.com\/de\/wp-json\/wp\/v2\/tags?post=1155375"}],"curies":[{"name":"wp","href":"https:\/\/api.w.org\/{rel}","templated":true}]}}