{"id":1155405,"date":"2026-07-09T23:53:36","date_gmt":"2026-07-09T23:53:36","guid":{"rendered":"https:\/\/www.europesays.com\/de\/1155405\/"},"modified":"2026-07-09T23:53:36","modified_gmt":"2026-07-09T23:53:36","slug":"salzgitter-uebernimmt-hkm-2000-jobs-fallen-weg","status":"publish","type":"post","link":"https:\/\/www.europesays.com\/de\/1155405\/","title":{"rendered":"Salzgitter \u00fcbernimmt HKM: 2000 Jobs fallen weg"},"content":{"rendered":"<p class=\"richtext text-em-55 !leading-serif mx-6 desktop:mx-0\"> Der Stahlkonzern Salzgitter \u00fcbernimmt die Duisburger Stahlfirma HKM komplett und verbindet das mit einem drastischen Jobabbau. Das nieders\u00e4chsische Unternehmen teilte mit, man habe entsprechende Vertr\u00e4ge mit den anderen bisherigen Miteigent\u00fcmern unterzeichnet, also der Stahlfirma Thyssenkrupp Steel Europe (TKSE) und dem franz\u00f6sischen Rohrfabrikanten Vallourec. Bislang hielt TKSE 50 Prozent der Anteile, die Salzgitter AG 30 Prozent und Vallourec 20 Prozent. Das K\u00fcrzel HKM steht f\u00fcr H\u00fcttenwerke Krupp <a href=\"https:\/\/rp-online.de\/thema\/mannesmann\/\" rel=\"nofollow noopener\" target=\"_blank\">Mannesmann<\/a>.<\/p>\n<p class=\"richtext text-em-55 !leading-serif mx-6 desktop:mx-0\">Die \u00dcbernahme ist mit einem herben Jobabbau verbunden: Aktuell sind es rund 3000 Besch\u00e4ftigte bei HKM, Ende 2028 sollen es nur etwa 1000 sein. \u201eDies ist ein schwerer, aber notwendiger Schritt\u201c, sagt Salzgitter-Personalvorst\u00e4ndin Birgit Dietze.<\/p>\n<p>Nachfrage nach gr\u00fcnem Stahl soll steigen      <\/p>\n<p class=\"richtext text-em-55 !leading-serif mx-6 desktop:mx-0\">Die Ver\u00e4nderungen sollen \u201egrunds\u00e4tzlich sozialvertr\u00e4glich\u201c gestaltet werden. Ohne den schmerzhaften Stellenabbau h\u00e4tte man die alleinige \u00dcbernahme nicht vollziehen k\u00f6nnen, argumentiert die Salzgitter AG. Die Alternative w\u00e4re eine komplette Schlie\u00dfung des Duisburger H\u00fcttenwerks gewesen. Die HKM habe nur mit einer konsequenten Neuaufstellung die Chance auf eine erfolgreiche Zukunft.<\/p>\n<p class=\"richtext text-em-55 !leading-serif mx-6 desktop:mx-0\">Salzgitter m\u00f6chte in den Standort investieren, um dort k\u00fcnftig bei der klimaschonenden Produktion von Stahl mitmischen zu k\u00f6nnen &#8211; dies in der Hoffnung, dass die Nachfrage nach \u201egr\u00fcnem\u201c Stahl auch anzieht. In <a href=\"https:\/\/rp-online.de\/thema\/duisburg\/\" rel=\"nofollow noopener\" target=\"_blank\">Duisburg<\/a> soll ein sogenannter Elektrolichtbogenofen gebaut werden, bei dem Strom genutzt wird und nur wenig CO2 entsteht.<\/p>\n<p>\u201eWichtiger Meilenstein f\u00fcr alle Beteiligten\u201c      <\/p>\n<p class=\"richtext text-em-55 !leading-serif mx-6 desktop:mx-0\">\u201eWir sind froh, dass wir nun f\u00fcr alle Beteiligten eine zufriedenstellende L\u00f6sung gefunden haben\u201c, sagte der Salzgitter-Chef Gunnar Groebler. Man wolle den Standort auf die gr\u00fcne Transformation ausrichten und in eine langfristige Zukunft f\u00fchren.<\/p>\n<p class=\"richtext text-em-55 !leading-serif mx-6 desktop:mx-0\">Die Chefin der Thyssenkrupp-Stahlsparte TKSE, Marie Jaroni, sprach von einem \u201ewichtigen Meilenstein f\u00fcr alle Beteiligte\u201c. TKSE k\u00f6nne seine Produktion nun auf den Duisburger Norden konzentrieren sowie die Auslastung, Effizienz und Wirtschaftlichkeit nachhaltig steigern. HKM beliefert TKSE nur noch bis Ende 2028, urspr\u00fcnglich war die Belieferung bis 2032 geplant.<\/p>\n<p class=\"richtext text-em-55 !leading-serif mx-6 desktop:mx-0\">Ein Sprecher der IG Metall bewertete den geplanten Jobabbau als \u201ebitter\u201c. Es sei aber gut, dass der Standort erhalten bleibe und damit immerhin 1000 gut abgesicherte industrielle Arbeitspl\u00e4tze in NRW fortbestehen. Stefan Dietzfelbinger von der Niederrheinischen Industrie- und Handelskammer wertete die \u00dcbernahme als \u201eein gutes Signal f\u00fcr unseren Stahlstandort\u201c. Die angek\u00fcndigte Ausrichtung auf die gr\u00fcne Transformation und Investitionen in einen Elektrolichtbogenofen sieht er positiv. \u201eDamit wird das Unternehmen einen merklichen Beitrag zur CO2-Reduktion leisten.\u201c<\/p>\n","protected":false},"excerpt":{"rendered":"Der Stahlkonzern Salzgitter \u00fcbernimmt die Duisburger Stahlfirma HKM komplett und verbindet das mit einem drastischen Jobabbau. Das nieders\u00e4chsische&hellip;\n","protected":false},"author":2,"featured_media":1155406,"comment_status":"","ping_status":"","sticky":false,"template":"","format":"standard","meta":{"footnotes":"","_share_on_mastodon":"0"},"categories":[1838],"tags":[25915,3364,29,3715,7465,30,8271,83707,1209,16775,939,242511,66361,4461,87929,8273,17719],"class_list":["post-1155405","post","type-post","status-publish","format-standard","has-post-thumbnail","category-duisburg","tag-25915","tag-de","tag-deutschland","tag-duisburg","tag-duisburger","tag-germany","tag-hkm","tag-jobabbau","tag-nordrhein-westfalen","tag-salzgitter","tag-stahl","tag-stahlfirma","tag-stahlkonzern","tag-stahlsparte","tag-stahlstandort","tag-tkse","tag-uebernimmt"],"share_on_mastodon":{"url":"https:\/\/pubeurope.com\/@de\/116892716865952690","error":""},"_links":{"self":[{"href":"https:\/\/www.europesays.com\/de\/wp-json\/wp\/v2\/posts\/1155405","targetHints":{"allow":["GET"]}}],"collection":[{"href":"https:\/\/www.europesays.com\/de\/wp-json\/wp\/v2\/posts"}],"about":[{"href":"https:\/\/www.europesays.com\/de\/wp-json\/wp\/v2\/types\/post"}],"author":[{"embeddable":true,"href":"https:\/\/www.europesays.com\/de\/wp-json\/wp\/v2\/users\/2"}],"replies":[{"embeddable":true,"href":"https:\/\/www.europesays.com\/de\/wp-json\/wp\/v2\/comments?post=1155405"}],"version-history":[{"count":0,"href":"https:\/\/www.europesays.com\/de\/wp-json\/wp\/v2\/posts\/1155405\/revisions"}],"wp:featuredmedia":[{"embeddable":true,"href":"https:\/\/www.europesays.com\/de\/wp-json\/wp\/v2\/media\/1155406"}],"wp:attachment":[{"href":"https:\/\/www.europesays.com\/de\/wp-json\/wp\/v2\/media?parent=1155405"}],"wp:term":[{"taxonomy":"category","embeddable":true,"href":"https:\/\/www.europesays.com\/de\/wp-json\/wp\/v2\/categories?post=1155405"},{"taxonomy":"post_tag","embeddable":true,"href":"https:\/\/www.europesays.com\/de\/wp-json\/wp\/v2\/tags?post=1155405"}],"curies":[{"name":"wp","href":"https:\/\/api.w.org\/{rel}","templated":true}]}}