{"id":1155438,"date":"2026-07-10T00:13:25","date_gmt":"2026-07-10T00:13:25","guid":{"rendered":"https:\/\/www.europesays.com\/de\/1155438\/"},"modified":"2026-07-10T00:13:25","modified_gmt":"2026-07-10T00:13:25","slug":"festival-konzerte-hocketse-was-ist-in-waiblingen-fellbach-und-umgebung-los-nachrichten-aus-waiblingen","status":"publish","type":"post","link":"https:\/\/www.europesays.com\/de\/1155438\/","title":{"rendered":"Festival, Konzerte, Hocketse: Was ist in Waiblingen, Fellbach und Umgebung los? &#8211; Nachrichten aus Waiblingen"},"content":{"rendered":"<p><strong>Waiblingen.<\/strong> Was ist am Wochenende (9. bis 12. Juli 2026) in Waiblingen, Fellbach, Weinstadt, Kernen und Korb los? Von der Kurzfilm-Auff\u00fchrung am Donnerstag \u00fcber das \u201eWe are the future\u201c-Festival und ein Stra\u00dfenfest bis zu verschiedenen Weintreffs. Eine Aufz\u00e4hlung, ohne Anspruch auf Vollst\u00e4ndigkeit.<\/p>\n<p>Waiblingen \u201eSommerkonzert mit Vocal\u2011X und Gastchor Vocal\u2011Affair\u201c; Ort: Forum\u2011Mitte, Blumenstra\u00dfe 11; Tag: Donnerstag, 9. Juli; Uhrzeit: 19 &#8211; 21 Uhr. \u201eStickman Festival: <\/p>\n","protected":false},"excerpt":{"rendered":"Waiblingen. Was ist am Wochenende (9. bis 12. Juli 2026) in Waiblingen, Fellbach, Weinstadt, Kernen und Korb los?&hellip;\n","protected":false},"author":2,"featured_media":1155439,"comment_status":"","ping_status":"","sticky":false,"template":"","format":"standard","meta":{"footnotes":"","_share_on_mastodon":"0"},"categories":[1830],"tags":[10848,1634,3364,29,6725,2507,30,14435,22178,1441,193537,3866,9887,23972],"class_list":["post-1155438","post","type-post","status-publish","format-standard","has-post-thumbnail","category-stuttgart","tag-aud_gastro","tag-baden-wuerttemberg","tag-de","tag-deutschland","tag-fellbach","tag-freizeit","tag-germany","tag-kernen","tag-korb","tag-stuttgart","tag-un_hilf-mir-im-alltag","tag-veranstaltungen","tag-waiblingen","tag-weinstadt"],"share_on_mastodon":{"url":"https:\/\/pubeurope.com\/@de\/116892795370349868","error":""},"_links":{"self":[{"href":"https:\/\/www.europesays.com\/de\/wp-json\/wp\/v2\/posts\/1155438","targetHints":{"allow":["GET"]}}],"collection":[{"href":"https:\/\/www.europesays.com\/de\/wp-json\/wp\/v2\/posts"}],"about":[{"href":"https:\/\/www.europesays.com\/de\/wp-json\/wp\/v2\/types\/post"}],"author":[{"embeddable":true,"href":"https:\/\/www.europesays.com\/de\/wp-json\/wp\/v2\/users\/2"}],"replies":[{"embeddable":true,"href":"https:\/\/www.europesays.com\/de\/wp-json\/wp\/v2\/comments?post=1155438"}],"version-history":[{"count":0,"href":"https:\/\/www.europesays.com\/de\/wp-json\/wp\/v2\/posts\/1155438\/revisions"}],"wp:featuredmedia":[{"embeddable":true,"href":"https:\/\/www.europesays.com\/de\/wp-json\/wp\/v2\/media\/1155439"}],"wp:attachment":[{"href":"https:\/\/www.europesays.com\/de\/wp-json\/wp\/v2\/media?parent=1155438"}],"wp:term":[{"taxonomy":"category","embeddable":true,"href":"https:\/\/www.europesays.com\/de\/wp-json\/wp\/v2\/categories?post=1155438"},{"taxonomy":"post_tag","embeddable":true,"href":"https:\/\/www.europesays.com\/de\/wp-json\/wp\/v2\/tags?post=1155438"}],"curies":[{"name":"wp","href":"https:\/\/api.w.org\/{rel}","templated":true}]}}