{"id":1155444,"date":"2026-07-10T00:16:29","date_gmt":"2026-07-10T00:16:29","guid":{"rendered":"https:\/\/www.europesays.com\/de\/1155444\/"},"modified":"2026-07-10T00:16:29","modified_gmt":"2026-07-10T00:16:29","slug":"neue-hitzewelle-wetter-in-frankfurt-und-hessen-mit-bis-zu-34-grad","status":"publish","type":"post","link":"https:\/\/www.europesays.com\/de\/1155444\/","title":{"rendered":"Neue Hitzewelle: Wetter in Frankfurt und Hessen mit bis zu 34 Grad"},"content":{"rendered":"<p>Neue Hitzephase <\/p>\n<p>Frankfurt steuert auf 34 Grad zu \u2013 doch bleibt es so hei\u00df?<\/p>\n<p>09.07.2026 &#8211; 16:48 UhrLesedauer: 2 Min.<\/p>\n<p><a href=\"#focus-0\" class=\"transition-colors block text-current relative\" data-sctrack=\"FocusGalleryImage.Reference\"><img fetchpriority=\"high\" data-testid=\"Opener.Image\"   loading=\"eager\" src=\"https:\/\/www.europesays.com\/de\/wp-content\/uploads\/2026\/07\/sonnenaufgang-die-sonne-geht-auf-hinter-einem-feldweg-bei-frankfurt-am-main-auf-dem-eine-spaziergaen.jpeg\" alt=\"imago images 0300310879\" title=\"imago images 0300310879\" width=\"4000\" height=\"2250\" class=\"bg-[url:var(--lqipURL)] bg-cover bg-center flex h-full w-full max-w-full\" style=\"--lqipURL:url('https:\/\/images.t-online.de\/2023\/09\/InT8BQpsVpf3\/0x209:4000x2250\/fit-in\/150x0\/filters:blur(25)\/sonnenaufgang-die-sonne-geht-auf-hinter-einem-feldweg-bei-frankfurt-am-main-auf-dem-eine-spaziergaengerin-ihren-hund-ausfuehrt-frankfurt-am-main-hessen-deutschland-sunrise-the-sun-goes-at-behind-a-field-path-at-frankfurt-on-main-at-the-a-spaziergaengerin-their-dog-executes-frankfurt-on-main-hesse-germany-2023-06-17-ffm-sonnenaufgang-01.jpg')\" decoding=\"async\"\/><img loading=\"lazy\" src=\"https:\/\/frankfurt.t-online.de\/s\/paper\/_next\/static\/media\/zoom-in.f7dae02f.svg\" alt=\"Vergr\u00f6\u00dfern des Bildes\" title=\"Vergr\u00f6\u00dfern des Bildes\" class=\"block h-[calc(var(--height)_\/_16_*_1rem)] w-[calc(var(--width)_\/_16_*_1rem)] max-w-none absolute right-8 bottom-8 rounded-4 bg-snow p-8\" style=\"--width:32;--height:32\" decoding=\"async\"\/><\/a><\/p>\n<p>Die Sonne geht hinter einem Feldweg bei Frankfurt am Main auf (Archivbild): Es wird wieder hei\u00df in der Mainmetropole. (Quelle: IMAGO\/Florian Gaul)<\/p>\n<p><img loading=\"lazy\" src=\"https:\/\/frankfurt.t-online.de\/s\/paper\/_next\/static\/media\/audio-volume.6689034c.svg\" alt=\"\" title=\"\" class=\"block h-[calc(var(--height)_\/_16_*_1rem)] w-[calc(var(--width)_\/_16_*_1rem)] max-w-none group-hover:brightness-0 group-hover:invert\" style=\"--width:16;--height:16\" decoding=\"async\"\/>Vorlesen<\/p>\n<p>Aktuelle Zeit:0:00Gesamtdauer:0:00<\/p>\n<p>1x<\/p>\n<p class=\"text-center\">Jetzt neu bei t-online:<\/p>\n<p class=\"text-center\">Schriftgr\u00f6\u00dfe anpassen!<\/p>\n<p><img loading=\"lazy\" src=\"https:\/\/frankfurt.t-online.de\/s\/paper\/_next\/static\/media\/font-sizes.32942e33.svg\" alt=\"\" title=\"\" class=\"block h-[calc(var(--height)_\/_16_*_1rem)] w-[calc(var(--width)_\/_16_*_1rem)] max-w-none group-hover:hidden group-aria-expanded:hidden\" style=\"--width:16;--height:16\" decoding=\"async\"\/><img loading=\"lazy\" src=\"https:\/\/frankfurt.t-online.de\/s\/paper\/_next\/static\/media\/font-sizes-dark-mode.e382645c.svg\" alt=\"\" title=\"\" class=\"block h-[calc(var(--height)_\/_16_*_1rem)] w-[calc(var(--width)_\/_16_*_1rem)] max-w-none hidden group-hover:block group-aria-expanded:block\" style=\"--width:16;--height:16\" decoding=\"async\"\/><img loading=\"lazy\" src=\"https:\/\/frankfurt.t-online.de\/s\/paper\/_next\/static\/media\/sharing-menu-icon.1eb71368.svg\" alt=\"\" title=\"\" class=\"block h-[calc(var(--height)_\/_16_*_1rem)] w-[calc(var(--width)_\/_16_*_1rem)] max-w-none group-hover:brightness-0 group-hover:invert\" style=\"--width:16;--height:16\" decoding=\"async\"\/>Artikel teilen<\/p>\n<p class=\"font-bold text-18 leading-17 user-text-lg:text-22 user-text-xl:text-24\">Nach einer kurzen Verschnaufpause wird es wieder hei\u00df in Frankfurt. Es stehen Temperaturen bis 34 Grad an. Eine wichtige Frage ist aber noch offen.<\/p>\n<p class=\"text-18 leading-17 user-text-lg:text-22 user-text-xl:text-24\">Zum Wochenende steigen die Temperaturen in Frankfurt und dem Rest von Hessen wieder deutlich an \u2013 im S\u00fcden des Landes sind bis zu 35 Grad m\u00f6glich.<\/p>\n<p class=\"text-18 leading-17 user-text-lg:text-22 user-text-xl:text-24\">Schon am Donnerstag klettern die Temperaturen s\u00fcdlich des Mains auf bis zu 31 Grad, wie der Deutsche Wetterdienst (DWD) mitteilte. In Frankfurt werden am Nachmittag am Flughafen rund 30 Grad erwartet.<\/p>\n<p>Wetter in Frankfurt: Hitze baut sich zum Wochenende auf<\/p>\n<p class=\"text-18 leading-17 user-text-lg:text-22 user-text-xl:text-24\">Noch bleibt die Hitze vergleichsweise moderat. Der Donnerstag beginnt vielerorts stark bew\u00f6lkt bis bedeckt, im Tagesverlauf lockert es aber zunehmend auf. Regen ist nicht in Sicht. Auch in der Nacht zum Freitag bleibt es trocken, die Temperaturen sinken auf 17 bis 10 Grad.<\/p>\n<ul class=\"text-18 leading-17 block pl-24 *:pb-16 *:before:inline-block *:before:size-8 *:before:bg-magenta *:before:mt-0 *:before:mr-12 *:before:mb-2 *:before:-ml-[20px]\">\n<li><strong class=\"font-bold\">t-online-\u00dcbersicht:<\/strong> <a href=\"https:\/\/www.t-online.de\/wetter\/deutschland\/frankfurt-am-main\/jf111hn682\/wetter-14-tage\" class=\"transition-colors cursor-pointer no-underline md:hover:text-magenta md:focus:text-magenta border-b border-solid border-current text-salemsfur md:hover:border-magenta\" data-tracking=\"{&quot;action&quot;:&quot;click&quot;,&quot;category&quot;:&quot;intextLink&quot;,&quot;label&quot;:&quot;https:\/\/www.t-online.de\/wetter\/deutschland\/frankfurt-am-main\/jf111hn682\/wetter-14-tage&quot;}\" data-sctrack=\"BodyAnchor\" rel=\"nofollow noopener\" target=\"_blank\">Wetterprognose f\u00fcr Frankfurt am Main<\/a><\/li>\n<li><strong class=\"font-bold\">Deutschland-Wetter:<\/strong> <a href=\"https:\/\/www.t-online.de\/nachrichten\/panorama\/wetter\/id_101333508\/hitzewelle-startet-in-deutschland-doch-diesmal-wird-das-wetter-anders.html\" class=\"transition-colors cursor-pointer no-underline md:hover:text-magenta md:focus:text-magenta border-b border-solid border-current text-salemsfur md:hover:border-magenta\" data-tracking=\"{&quot;action&quot;:&quot;click&quot;,&quot;category&quot;:&quot;intextLink&quot;,&quot;label&quot;:&quot;https:\/\/www.t-online.de\/nachrichten\/panorama\/wetter\/id_101333508\/hitzewelle-startet-in-deutschland-doch-diesmal-wird-das-wetter-anders.html&quot;}\" data-sctrack=\"BodyAnchor\" rel=\"nofollow noopener\" target=\"_blank\">Dritte Hitzewelle kommt \u2013 doch dieses Mal wird es anders<\/a><\/li>\n<\/ul>\n<p class=\"text-18 leading-17 user-text-lg:text-22 user-text-xl:text-24\">Am Freitag setzt sich dann meist sonniges Wetter durch. In Nordhessen werden bis zu 27 Grad erwartet, in der S\u00fcdh\u00e4lfte steigt die Temperatur auf bis zu 33 Grad. F\u00fcr Frankfurt sagt der DWD am sp\u00e4ten Freitag bis zu 32 Grad voraus.<\/p>\n<p class=\"text-18 leading-17 user-text-lg:text-22 user-text-xl:text-24\">Noch hei\u00dfer wird es am Samstag. Dann erwartet der DWD in Hessen 29 bis 32 Grad im Norden und 32 bis 35 Grad im S\u00fcden. In Frankfurt werden am Samstag bis zu 33 Grad prognostiziert. Auch am Sonntag bleibt es heiter bis sonnig und trocken. Die H\u00f6chstwerte liegen dann landesweit zwischen 28 und 35 Grad, am <a href=\"https:\/\/www.t-online.de\/themen\/flughafen-frankfurt\/\" class=\"transition-colors cursor-pointer no-underline md:hover:text-magenta md:focus:text-magenta border-b border-solid border-current text-salemsfur md:hover:border-magenta\" data-tracking=\"{&quot;action&quot;:&quot;click&quot;,&quot;category&quot;:&quot;intextLink&quot;,&quot;label&quot;:&quot;https:\/\/www.t-online.de\/themen\/flughafen-frankfurt\/&quot;}\" data-sctrack=\"BodyAnchor\" rel=\"nofollow noopener\" target=\"_blank\">Frankfurter Flughafen<\/a> bei bis zu 34 Grad.<\/p>\n<p>Tropische N\u00e4chte an Rhein und Main<\/p>\n<p class=\"text-18 leading-17 user-text-lg:text-22 user-text-xl:text-24\">Eine gr\u00f6\u00dfere Abk\u00fchlung ist vor allem in den St\u00e4dten nicht zu erwarten. In der Nacht zum Montag liegen die Tiefstwerte an Rhein und Main laut DWD um 20 Grad. Solche warmen N\u00e4chte k\u00f6nnen f\u00fcr viele Menschen zus\u00e4tzlich belastend sein.<\/p>\n<p class=\"text-18 leading-17 user-text-lg:text-22 user-text-xl:text-24\">Unwetter oder andere markante Wettererscheinungen erwartet der DWD zun\u00e4chst nicht. Bis auf Weiteres werden f\u00fcr Hessen keine signifikanten Wettergefahren genannt.<\/p>\n<p><a href=\"#focus-1\" class=\"transition-colors block text-current relative\" data-sctrack=\"FocusGalleryImage.Reference\"><img   loading=\"lazy\" src=\"https:\/\/www.europesays.com\/de\/wp-content\/uploads\/2026\/07\/karte-zeigt-die-temperaturprognose-fuer-den-15-juli-nach-einem-lauf-des-ecmwf-wettermodells.png\" alt=\"Karte zeigt die Temperaturprognose f\u00fcr den 15. Juli nach einem lauf des ECMWF-Wettermodells. Deutschland steht vor der dritten Hitzewelle des Jahres.\" title=\"Karte zeigt die Temperaturprognose f\u00fcr den 15. Juli nach einem lauf des ECMWF-Wettermodells. Deutschland steht vor der dritten Hitzewelle des Jahres.\" width=\"1092\" height=\"1440\" class=\"h-full w-full max-w-full rounded-8\" decoding=\"async\"\/><img loading=\"lazy\" src=\"https:\/\/frankfurt.t-online.de\/s\/paper\/_next\/static\/media\/zoom-in.f7dae02f.svg\" alt=\"Vergr\u00f6\u00dfern des Bildes\" title=\"Vergr\u00f6\u00dfern des Bildes\" class=\"block h-[calc(var(--height)_\/_16_*_1rem)] w-[calc(var(--width)_\/_16_*_1rem)] max-w-none absolute right-8 bottom-8 rounded-4 bg-snow p-8\" style=\"--width:32;--height:32\" decoding=\"async\"\/>Karte zeigt die Temperaturprognose f\u00fcr den 15. Juli nach einem lauf des ECMWF-Wettermodells. (Quelle: meteociel.fr\/ECMWF)<\/a><\/p>\n<p class=\"text-18 leading-17 user-text-lg:text-22 user-text-xl:text-24\">Bundesweit stellt sich die Wetterlage ebenfalls auf Hochsommer um. So <a href=\"https:\/\/www.t-online.de\/nachrichten\/panorama\/wetter\/id_101333508\/hitzewelle-startet-in-deutschland-doch-diesmal-wird-das-wetter-anders.html\" class=\"transition-colors cursor-pointer no-underline md:hover:text-magenta md:focus:text-magenta border-b border-solid border-current text-salemsfur md:hover:border-magenta\" data-tracking=\"{&quot;action&quot;:&quot;click&quot;,&quot;category&quot;:&quot;intextLink&quot;,&quot;label&quot;:&quot;https:\/\/www.t-online.de\/nachrichten\/panorama\/wetter\/id_101333508\/hitzewelle-startet-in-deutschland-doch-diesmal-wird-das-wetter-anders.html&quot;}\" data-sctrack=\"BodyAnchor\" rel=\"nofollow noopener\" target=\"_blank\">breitet sich ein Hochdruckgebiet nach Mitteleuropa aus.<\/a> Die hei\u00dfeste Luft bleibt zun\u00e4chst zwar eher \u00fcber Frankreich, der Westen und S\u00fcdwesten Deutschlands bekommen die neue Hitzewelle aber deutlich zu sp\u00fcren.<\/p>\n","protected":false},"excerpt":{"rendered":"Neue Hitzephase Frankfurt steuert auf 34 Grad zu \u2013 doch bleibt es so hei\u00df? 09.07.2026 &#8211; 16:48 UhrLesedauer:&hellip;\n","protected":false},"author":2,"featured_media":1155445,"comment_status":"","ping_status":"","sticky":false,"template":"","format":"standard","meta":{"footnotes":"","_share_on_mastodon":"0"},"categories":[1829],"tags":[522,950,29,242516,4906,2050,2051,30,2052,238766,18113,14657,242517,5206,6848,97397],"class_list":["post-1155444","post","type-post","status-publish","format-standard","has-post-thumbnail","category-frankfurt-am-main","tag-522","tag-deutscher-wetterdienst","tag-deutschland","tag-deutschland-wetter","tag-dwd","tag-frankfurt","tag-frankfurt-am-main","tag-germany","tag-hessen","tag-hitzephase","tag-hitzewelle","tag-main","tag-nordhessen","tag-rhein","tag-temperatur","tag-verschnaufpause"],"share_on_mastodon":{"url":"https:\/\/pubeurope.com\/@de\/116892809333782385","error":""},"_links":{"self":[{"href":"https:\/\/www.europesays.com\/de\/wp-json\/wp\/v2\/posts\/1155444","targetHints":{"allow":["GET"]}}],"collection":[{"href":"https:\/\/www.europesays.com\/de\/wp-json\/wp\/v2\/posts"}],"about":[{"href":"https:\/\/www.europesays.com\/de\/wp-json\/wp\/v2\/types\/post"}],"author":[{"embeddable":true,"href":"https:\/\/www.europesays.com\/de\/wp-json\/wp\/v2\/users\/2"}],"replies":[{"embeddable":true,"href":"https:\/\/www.europesays.com\/de\/wp-json\/wp\/v2\/comments?post=1155444"}],"version-history":[{"count":0,"href":"https:\/\/www.europesays.com\/de\/wp-json\/wp\/v2\/posts\/1155444\/revisions"}],"wp:featuredmedia":[{"embeddable":true,"href":"https:\/\/www.europesays.com\/de\/wp-json\/wp\/v2\/media\/1155445"}],"wp:attachment":[{"href":"https:\/\/www.europesays.com\/de\/wp-json\/wp\/v2\/media?parent=1155444"}],"wp:term":[{"taxonomy":"category","embeddable":true,"href":"https:\/\/www.europesays.com\/de\/wp-json\/wp\/v2\/categories?post=1155444"},{"taxonomy":"post_tag","embeddable":true,"href":"https:\/\/www.europesays.com\/de\/wp-json\/wp\/v2\/tags?post=1155444"}],"curies":[{"name":"wp","href":"https:\/\/api.w.org\/{rel}","templated":true}]}}