{"id":1155549,"date":"2026-07-10T01:22:24","date_gmt":"2026-07-10T01:22:24","guid":{"rendered":"https:\/\/www.europesays.com\/de\/1155549\/"},"modified":"2026-07-10T01:22:24","modified_gmt":"2026-07-10T01:22:24","slug":"hitzewelle-verursachte-rund-5100-hitzebedingte-tote-in-deutschland-in-rheinland-pfalz-todesrate-mit-rund-560-mit-am-hoechsten","status":"publish","type":"post","link":"https:\/\/www.europesays.com\/de\/1155549\/","title":{"rendered":"Hitzewelle verursachte rund 5100 hitze\u00adbedingte Tote in Deutschland &#8211; In Rheinland-Pfalz Todesrate mit rund 560 mit am h\u00f6chsten"},"content":{"rendered":"<p>Die n\u00e4chste Hitzewelle l\u00e4sst sich Zeit, nun soll sie in den kommenden Tagen doch noch eintreffen \u2013 und vor allem erneut den S\u00fcdwesten des Landes heimsuchen. Mainz wird damit wohl erneut zum Mega-Hitze-Hotspot, und das hatte schon beim letzten Mal drastische Folgen: Nach Berechnungen des Robert-Koch-Instituts (RKI) verursachte die historische Hitzewelle von Ende Juni in Deutschland rund 5.100 hitzebedingte Todesf\u00e4lle \u2013 in Rheinland-Pfalz waren es allein rund 560. Das Bundesland h\u00e4lt damit mit die h\u00f6chste Sterbequote aller Bundesl\u00e4nder.<\/p>\n<p><img loading=\"lazy\" decoding=\"async\" class=\"wp-image-28543\" src=\"https:\/\/www.europesays.com\/de\/wp-content\/uploads\/2026\/07\/Notarzt-Universit\u00e4tsmedizin-Mainz-Foto-Jahresbericht-2015-300x214.jpg\" alt=\"Notarzteinsatz in der Mainzer Universit\u00e4tsmedizin. - Foto: Unimedizin Mainz 2015\" width=\"380\" height=\"271\"  \/>Notarzteinsatz in der Mainzer Universit\u00e4tsmedizin. \u2013 Foto: Unimedizin Mainz 2015<\/p>\n<p>Bereits Anfang Juli hatte das Robert-Koch-Institut (RKI) f\u00fcr dieses Jahr bereits mehr als 800 hitzebedingte Sterbef\u00e4lle in Deutschland ermittelt \u2013 das war noch vor der Hitzewelle Ende Juni. Die trieb die Temperaturen in Deutschland auf neue historische Rekordwerte, tagelang st\u00f6hnte die Republik unter 40 Grad und mehr. Die Innenstadt von Mainz wurde zum Glutofen, die Notaufnahmen der Krankenh\u00e4user kamen an ihre Kapazit\u00e4tsgrenze: Die Mainzer Unimedizin z\u00e4hlte allein am letzten Junisonntag <a href=\"https:\/\/mainzund.de\/gluthitze-fuehrt-zu-ausnahmezustand-in-kliniken-in-mainz-40-patienten-in-notaufnahme-der-uniklinik-allein-am-sonntag-krisenstab-tagte\/\" target=\"_blank\" rel=\"noopener nofollow\">rund 40 hitzebedingte Notf\u00e4lle, <\/a>ein Krisenstab tagte, die Feuerwehr musste bei Transporten helfen.<\/p>\n<p>Am Donnerstag legte das RKI seine <a href=\"https:\/\/mainzund.de\/gluthitze-fuehrt-zu-ausnahmezustand-in-kliniken-in-mainz-40-patienten-in-notaufnahme-der-uniklinik-allein-am-sonntag-krisenstab-tagte\/\" target=\"_blank\" rel=\"noopener nofollow\">aktualisierten \u201eWochenbericht zur hitzebedingten Mortalit\u00e4t\u201c<\/a> vor \u2013 mit dramatischen Zahlen: Demnach verursachte die Hitzewelle bis einschlie\u00dflich Sonntag, den 28. Juni 2026, einige Tausend Tote. Konkret z\u00e4hlt das RKI vom 1. Januar bis 28. Juni jetzt 5.120 hitzebedingte Todesf\u00e4lle in Deutschland \u2013 bis zum 21. Juni waren es \u201enur\u201c 800 gewesen. Besonders hoch sind die Zahlen in Rheinland-Pfalz: Hier sch\u00e4tzt das RKI die Zahl der Hitzetoten auf rund 560, die statistische Spanne liegt zwischen 360 und 780.<\/p>\n<p>&#8211; Werbung &#8211; <a href=\"https:\/\/mainzund.de\/werben-auf-mainzund\/\/\" target=\"_blank\" rel=\"noopener nofollow\"><img loading=\"lazy\" decoding=\"async\" class=\"alignnone\" src=\"https:\/\/www.europesays.com\/de\/wp-content\/uploads\/2025\/04\/Banner-Tulpen-Text-neu-1068.jpg\" alt=\"Werben auf Mainz&amp;\" width=\"468\" height=\"60\"\/><\/a><\/p>\n<p>\u00a0<\/p>\n<p>Rheinland-Pfalz: rund 560 Tote durch Hitzewelle \u2013 Spitzenreiter<\/p>\n<p>Mit 13,6 Toten pro 100.000 Einwohner ist Rheinland-Pfalz damit der Spitzenreiter im Vergleich der Bundesl\u00e4nder, nur das benachbarte Saarland, in dem mehrere Hitzerekorde gemessen wurden, steht mit einem Wert von 15,5 schlechter da. Das Nachbarland Hessen hingegen verzeichnet mit rund 600 Todesf\u00e4llen \u201enur\u201c 9,5 Hitzetote pro 100.000 Einwohner, in Nordrhein-Westfalen sind es bei rund 1230 Todesf\u00e4llen nur 6,9 Tote pro 100.000 Einwohner. Als besonders aufgeheizte Orte in Rheinland-Pfalz gelten die St\u00e4dte wie Ludwigshafen, Worms und Mainz \u2013 genau die Orte, die auch beim Hitzecheck der Deutschen Umwelthilfe durchfielen.<\/p>\n<p><img loading=\"lazy\" decoding=\"async\" class=\"wp-image-55862\" src=\"https:\/\/www.europesays.com\/de\/wp-content\/uploads\/2026\/07\/Rettungswagen-an-der-neuen-Notaufnahme-Uniklinik-Mainz-kleiner-300x194.jpg\" alt=\"Rettungswagen an der Notaufnahme der Mainzer Universit\u00e4tsmedizin. - Foto: gik \" width=\"380\" height=\"246\"  \/>Rettungswagen an der Notaufnahme der Mainzer Universit\u00e4tsmedizin. \u2013 Foto: gik<\/p>\n<p>Wie viele Hitzetote es in Mainz allein gegeben haben k\u00f6nnte, ist nicht bekannt, in Wiesbaden berichtete aber Oberb\u00fcrgermeister Gert-Uwe Mende (SPD) am Dienstag auf einer Pressekonferenz, die Zahl der Rettungsdiensteins\u00e4tze sei in der extremen Hitzewelle um rund 42 Prozent gestiegen, die Krankenhauszuweisungen um 30 Prozent \u2013 und bei den Schwerkranken gab es gar ein Plus von 162 Prozent. \u201eDie Zahl der rettungsdienstlichen Todesfeststellungen stieg von 3 auf 33 F\u00e4lle\u201c, berichtete Mende weiter \u2013 so viele hitzebedingte Tote k\u00f6nnte es also allein am Hitzewochenende Ende Juli in Wiesbaden gegeben haben. In Mainz wurden bisher keine vergleichbaren Zahlen vorgelegt.<\/p>\n<p>Um das Ausma\u00df hitzebedingter Sterbef\u00e4lle abzusch\u00e4tzen, wendet das RKI statistische Methoden an, denn \u201eHitze\u201c wird auf dem Totenschein normalerweise nicht als Todesursache angegeben. \u201eIn einigen F\u00e4llen, zum Beispiel beim Hitzeschlag, f\u00fchrt die Hitzeeinwirkung unmittelbar zum Tod, w\u00e4hrend in den meisten F\u00e4llen die Kombination aus Hitzeexposition und bereits bestehenden Vorerkrankungen zum Tod f\u00fchrt\u201c, erkl\u00e4rt man beim RKI.<\/p>\n<p>Werbung<\/p>\n<p><a href=\"https:\/\/mainzund.de\/mainz-solidar-abo-faq-und-anleitung\/\" target=\"_blank\" aria-label=\"Banner Abo Mainz&amp; mit Logo\" rel=\"nofollow noopener\"><img fetchpriority=\"high\" decoding=\"async\" src=\"https:\/\/www.europesays.com\/de\/wp-content\/uploads\/2025\/09\/Banner-Abo-Mainz-mit-Logo.jpg\" alt=\"\"   width=\"1289\" height=\"744\"\/><\/a>RKI: klare \u00dcbersterblichkeit, kombiniert mit Wetterdaten<\/p>\n<p>F\u00fcr seine Sch\u00e4tzungen legt das RKI die Sterbefallzahlen des Statistischen Bundesamtes zugrunde und kombiniert sie mit Daten des Deutschen Wetterdienstes. das Modell habe bereits die in den Sommern der Jahre 2016 bis 2025 entstandenen Spitzen bei der Mortalit\u00e4t sehr gut mit Blick auf das Thema Hitze bei den w\u00f6chentlichen Sterberaten erkl\u00e4ren k\u00f6nnen, hei\u00dft es beim RKI weiter.\u00a0 <a href=\"https:\/\/www.rki.de\/DE\/Themen\/Gesundheit-und-Gesellschaft\/Gesundheitliche-Einflussfaktoren-A-Z\/H\/Hitze\/Bericht_Hitzemortalitaet.html?nn=16776990\" target=\"_blank\" rel=\"noopener nofollow\">Alle Erkl\u00e4rungen und Details findet Ihr hier beim RKI<\/a>.<\/p>\n<p><img loading=\"lazy\" decoding=\"async\" class=\"wp-image-36248\" src=\"https:\/\/www.europesays.com\/de\/wp-content\/uploads\/2026\/07\/Demo-Halloween-Clubszene-Grab-Q-Kaff-kleiner-300x218.jpg\" alt=\"Fiktives Grab im Rahmen einer Demo der Kulturszene w\u00e4hrend der Corona-Pandemie in Mainz. - Foto: gik\" width=\"380\" height=\"276\"  \/>Fiktives Grab im Rahmen einer Demo der Kulturszene w\u00e4hrend der Corona-Pandemie in Mainz. \u2013 Foto: gik<\/p>\n<p>Die Bandbreite der Berechnungen ist allerdings hoch, wie das Beispiel Rheinland-Pfalz zeigt, beim RKI betont man indes, die Auswirkungen der Extrem\u00adhitze k\u00f6nnten sogar noch gr\u00f6\u00dfer sein als mit dem Hitze-Modell berechnet. Denn das Statistische Bundesamt habe sogar eine \u00dcber\u00adsterblichkeit von gesch\u00e4tzt 6.800 F\u00e4llen in der Kalenderwoche 26 (22.-28. Juni) ermittelt, so viele Menschen starben also mehr, als normaler\u00adweise zu erwarten w\u00e4ren. 2022 bis 2025 lagen die Sch\u00e4tzungen jeweils \u201enur\u201c bei rund 2.600 bis 4.900 Todesf\u00e4llen.<\/p>\n<p>\u201eHitzebedingte Mortalit\u00e4t ist daher in Deutschland ein relevantes Public-Health-Thema\u201c, <a href=\"https:\/\/www.rki.de\/DE\/Aktuelles\/Neuigkeiten-und-Presse\/Meldungen-PM\/Meldungen\/2026-07-09_WB-Hitzemortalitaet.html\" target=\"_blank\" rel=\"noopener nofollow\">mahnt das RKI weiter<\/a>. Besonders gef\u00e4hrdet seien Menschen mit einem hohen Alter sowie Vor\u00aderkrankungen wie Herz-Kreis\u00adlauf- oder Atem\u00adwegs\u00aderkrankungen oder auch neurologischen Erkrankungen wie Demenz. Auch bei Lungen\u00ad- und Nieren\u00aderkrankungen f\u00fchre Hitze h\u00e4ufiger zum Tod. Und das RKI mahnt: Es brauche jetzt Hitze\u00adschutz\u00adma\u00dfnahmen, die \u201evon st\u00e4dte\u00adbaulichen Aspekten \u00fcber Verschattungs\u00adm\u00f6glichkeiten und Klimatisierung bis hin zu Informations\u00adkampagnen, unter\u00adst\u00fctzt durch Hitze\u00adaktions\u00adpl\u00e4ne\u201c reichen k\u00f6nnten.<\/p>\n<p><strong>Info&amp; auf Mainz&amp;:<\/strong> Einen ganzen Frage- und Antwort-Katalog der RKI zum Thema Hitze und Gesundheit <a href=\"https:\/\/www.rki.de\/SharedDocs\/FAQs\/DE\/Klimawandel-und-Gesundheit\/FAQ-Klimawandel.html?nn=16776990#entry_16926054\" target=\"_blank\" rel=\"noopener nofollow\">findet Ihr hier im Internet<\/a>. Mehr zum Ausnahmezustand in den Mainzer Krankenh\u00e4usern am Extrem-Hitzewochenende <a href=\"https:\/\/mainzund.de\/gluthitze-fuehrt-zu-ausnahmezustand-in-kliniken-in-mainz-40-patienten-in-notaufnahme-der-uniklinik-allein-am-sonntag-krisenstab-tagte\/\" target=\"_blank\" rel=\"noopener nofollow\">lest Ihr hier bei Mainz&amp;<\/a>:<\/p>\n<blockquote class=\"wp-embedded-content\" data-secret=\"LhcQcJGrZW\">\n<p><a href=\"https:\/\/mainzund.de\/gluthitze-fuehrt-zu-ausnahmezustand-in-kliniken-in-mainz-40-patienten-in-notaufnahme-der-uniklinik-allein-am-sonntag-krisenstab-tagte\/\" rel=\"nofollow noopener\" target=\"_blank\">Gluthitze f\u00fchrt zu Ausnahmezustand in Kliniken in Mainz: 40 Patienten in Notaufnahme der Uniklinik allein am Sonntag \u2013 Krisenstab tagte<\/a><\/p>\n<\/blockquote>\n","protected":false},"excerpt":{"rendered":"Die n\u00e4chste Hitzewelle l\u00e4sst sich Zeit, nun soll sie in den kommenden Tagen doch noch eintreffen \u2013 und&hellip;\n","protected":false},"author":2,"featured_media":1155550,"comment_status":"","ping_status":"","sticky":false,"template":"","format":"standard","meta":{"footnotes":"","_share_on_mastodon":"0"},"categories":[2],"tags":[331,3924,332,3922,3364,29,30,13,242525,73764,18113,14,3923,15,3921,16256,12],"class_list":["post-1155549","post","type-post","status-publish","format-standard","has-post-thumbnail","category-deutschland","tag-aktuelle-nachrichten","tag-aktuelle-nachrichten-aus-deutschland","tag-aktuelle-news","tag-aktuelle-news-aus-deutschland","tag-de","tag-deutschland","tag-germany","tag-headlines","tag-hitzebedingte-sterbefaelle","tag-hitzetote","tag-hitzewelle","tag-nachrichten","tag-nachrichten-aus-deutschland","tag-news","tag-news-aus-deutschland","tag-rki","tag-schlagzeilen"],"share_on_mastodon":{"url":"https:\/\/pubeurope.com\/@de\/116893067212060497","error":""},"_links":{"self":[{"href":"https:\/\/www.europesays.com\/de\/wp-json\/wp\/v2\/posts\/1155549","targetHints":{"allow":["GET"]}}],"collection":[{"href":"https:\/\/www.europesays.com\/de\/wp-json\/wp\/v2\/posts"}],"about":[{"href":"https:\/\/www.europesays.com\/de\/wp-json\/wp\/v2\/types\/post"}],"author":[{"embeddable":true,"href":"https:\/\/www.europesays.com\/de\/wp-json\/wp\/v2\/users\/2"}],"replies":[{"embeddable":true,"href":"https:\/\/www.europesays.com\/de\/wp-json\/wp\/v2\/comments?post=1155549"}],"version-history":[{"count":0,"href":"https:\/\/www.europesays.com\/de\/wp-json\/wp\/v2\/posts\/1155549\/revisions"}],"wp:featuredmedia":[{"embeddable":true,"href":"https:\/\/www.europesays.com\/de\/wp-json\/wp\/v2\/media\/1155550"}],"wp:attachment":[{"href":"https:\/\/www.europesays.com\/de\/wp-json\/wp\/v2\/media?parent=1155549"}],"wp:term":[{"taxonomy":"category","embeddable":true,"href":"https:\/\/www.europesays.com\/de\/wp-json\/wp\/v2\/categories?post=1155549"},{"taxonomy":"post_tag","embeddable":true,"href":"https:\/\/www.europesays.com\/de\/wp-json\/wp\/v2\/tags?post=1155549"}],"curies":[{"name":"wp","href":"https:\/\/api.w.org\/{rel}","templated":true}]}}