{"id":115562,"date":"2025-05-16T16:27:22","date_gmt":"2025-05-16T16:27:22","guid":{"rendered":"https:\/\/www.europesays.com\/de\/115562\/"},"modified":"2025-05-16T16:27:22","modified_gmt":"2025-05-16T16:27:22","slug":"mildes-wetter-am-wochenende-erwartet","status":"publish","type":"post","link":"https:\/\/www.europesays.com\/de\/115562\/","title":{"rendered":"Mildes Wetter am Wochenende erwartet"},"content":{"rendered":"<p>Angenehme Temperaturen ohne Regen <\/p>\n<p>Mildes Wochenende mit bis zu 21 Grad erwartet<\/p>\n<p>16.05.2025 &#8211; 15:20 UhrLesedauer: 1 Min.<\/p>\n<p><a href=\"#focus-0\" class=\"transition-colors duration-200 focus-within:text-magenta block text-current relative\" data-sctrack=\"FocusGalleryImage.Reference\"><img fetchpriority=\"high\" data-testid=\"Opener.Image\" style=\"--lqipURL:url('https:\/\/images.t-online.de\/2025\/05\/EwxA1frl0sYE\/0x75:800x450\/fit-in\/150x0\/filters:blur(25)\/image.jpg')\"   loading=\"eager\" src=\"https:\/\/www.europesays.com\/de\/wp-content\/uploads\/2025\/05\/1747412841_775_image.jpg\" alt=\"urn:newsml:dpa.com:20090101:250429-935-554568\" title=\"urn:newsml:dpa.com:20090101:250429-935-554568\" width=\"800\" height=\"450\" class=\"bg-[url:var(--lqipURL)] bg-cover bg-center flex w-full max-w-full h-full\" decoding=\"async\"\/><img style=\"--width:32;--height:32\" loading=\"lazy\" src=\"https:\/\/www.europesays.com\/de\/wp-content\/uploads\/2025\/05\/zoom-in.f7dae02f.svg.svg+xml\" alt=\"Vergr\u00f6\u00dfern des Bildes\" title=\"Vergr\u00f6\u00dfern des Bildes\" class=\"&#10;        block&#10;        h-[calc(var(--height)_\/_16_*_1rem)]&#10;        w-[calc(var(--width)_\/_16_*_1rem)]&#10;        max-w-none&#10;        absolute bottom-8 right-8 rounded-4 bg-snow p-8\" decoding=\"async\"\/><\/a><\/p>\n<p>Zum Ende der Woche steigen die Temperaturen in Nordrhein-Westfalen auf \u00fcber 20 Grad. (Symbolbild): In Essen soll es zudem trocken bleiben. (Quelle: Sascha Thelen\/dpa)<\/p>\n<p class=\"font-bold text-18 leading-17\">Essen darf sich auf ein mildes Wochenende freuen. Am Freitag bleibt es heiter bis wolkig und trocken. Der Samstag bringt Temperaturen bis 21 Grad.<\/p>\n<p class=\"text-18 leading-17\">In Essen erwarten die B\u00fcrger am Wochenende fr\u00fchlingshafte Temperaturen. Laut dem Deutschen Wetterdienst (DWD) soll es am Freitag (16. Mai) heiter bis wolkig bleiben, bei m\u00e4\u00dfigem, teils b\u00f6igem Wind. Die H\u00f6chsttemperaturen erreichen 18 bis 21 Grad.<\/p>\n<p class=\"text-18 leading-17\">Der Samstag (17. Mai) gestaltet sich wechselhaft bew\u00f6lkt, jedoch ohne Regen. Auch hier werden H\u00f6chstwerte von 17 bis 21 Grad erwartet. Der Wind weht m\u00e4\u00dfig und teils b\u00f6ig.<\/p>\n<p class=\"text-18 leading-17\">Am Sonntag (18. Mai) ist mit st\u00e4rkerer Bew\u00f6lkung zu rechnen. Im Osten Nordrhein-Westfalens kann es vereinzelt regnen, w\u00e4hrend die Temperaturen <a class=\"transition-colors duration-200 cursor-pointer text-inherit no-underline text-salemsfur md:hover:text-magenta md:hover:border-magenta md:focus:text-magenta border-current border-b border-solid break-words\" href=\"https:\/\/www.t-online.de\/region\/essen\/\" data-sctrack=\"BodyAnchor\" target=\"_blank\" rel=\"noopener\">in Essen<\/a> zwischen 16 und 20 Grad liegen. Das Regenrisiko wird von &#8222;wetter.com &#8222;allerdings als gering eingesch\u00e4tzt. Ein schwacher bis m\u00e4\u00dfiger Wind begleitet das Wochenende.<\/p>\n","protected":false},"excerpt":{"rendered":"Angenehme Temperaturen ohne Regen Mildes Wochenende mit bis zu 21 Grad erwartet 16.05.2025 &#8211; 15:20 UhrLesedauer: 1 Min.&hellip;\n","protected":false},"author":2,"featured_media":115563,"comment_status":"","ping_status":"","sticky":false,"template":"","format":"standard","meta":{"footnotes":""},"categories":[1834],"tags":[3364,29,4906,3688,30,1209,176,3856,6848,1973,2256,5415,2255],"class_list":{"0":"post-115562","1":"post","2":"type-post","3":"status-publish","4":"format-standard","5":"has-post-thumbnail","7":"category-essen","8":"tag-de","9":"tag-deutschland","10":"tag-dwd","11":"tag-essen","12":"tag-germany","13":"tag-nordrhein-westfalen","14":"tag-nrw","15":"tag-ruhrgebiet","16":"tag-temperatur","17":"tag-wetter","18":"tag-wetterausblick","19":"tag-wetterprognose","20":"tag-wettervorhersage"},"share_on_mastodon":{"url":"https:\/\/pubeurope.com\/@de\/114518454983682502","error":""},"_links":{"self":[{"href":"https:\/\/www.europesays.com\/de\/wp-json\/wp\/v2\/posts\/115562","targetHints":{"allow":["GET"]}}],"collection":[{"href":"https:\/\/www.europesays.com\/de\/wp-json\/wp\/v2\/posts"}],"about":[{"href":"https:\/\/www.europesays.com\/de\/wp-json\/wp\/v2\/types\/post"}],"author":[{"embeddable":true,"href":"https:\/\/www.europesays.com\/de\/wp-json\/wp\/v2\/users\/2"}],"replies":[{"embeddable":true,"href":"https:\/\/www.europesays.com\/de\/wp-json\/wp\/v2\/comments?post=115562"}],"version-history":[{"count":0,"href":"https:\/\/www.europesays.com\/de\/wp-json\/wp\/v2\/posts\/115562\/revisions"}],"wp:featuredmedia":[{"embeddable":true,"href":"https:\/\/www.europesays.com\/de\/wp-json\/wp\/v2\/media\/115563"}],"wp:attachment":[{"href":"https:\/\/www.europesays.com\/de\/wp-json\/wp\/v2\/media?parent=115562"}],"wp:term":[{"taxonomy":"category","embeddable":true,"href":"https:\/\/www.europesays.com\/de\/wp-json\/wp\/v2\/categories?post=115562"},{"taxonomy":"post_tag","embeddable":true,"href":"https:\/\/www.europesays.com\/de\/wp-json\/wp\/v2\/tags?post=115562"}],"curies":[{"name":"wp","href":"https:\/\/api.w.org\/{rel}","templated":true}]}}