{"id":1155626,"date":"2026-07-10T02:13:19","date_gmt":"2026-07-10T02:13:19","guid":{"rendered":"https:\/\/www.europesays.com\/de\/1155626\/"},"modified":"2026-07-10T02:13:19","modified_gmt":"2026-07-10T02:13:19","slug":"wenn-man-ueber-fachwissen-spricht-schweinsteiger-bringt-matthaeus-als-bundestrainer-ins-gespraech","status":"publish","type":"post","link":"https:\/\/www.europesays.com\/de\/1155626\/","title":{"rendered":"\u201eWenn man \u00fcber Fachwissen spricht\u201c: Schweinsteiger bringt Matth\u00e4us als Bundestrainer ins Gespr\u00e4ch"},"content":{"rendered":"<p class=\"is-first-paragraph\" data-external=\"Article.FirstParagraph\">Der Deutsche Fu\u00dfball-Bund will J\u00fcrgen Klopp unbedingt als neuen Bundestrainer verpflichten. Die Spitze des Verbandes um Pr\u00e4sident Bernd Neuendorf und Liga-Boss Hans-Joachim Watzke machte sich auf den Weg nach New York, um mit dem 59-J\u00e4hrigen zu verhandeln. Eine Reise, die zeigt, wie ernst es dem DFB ist.<\/p>\n<p>Dies l\u00f6st bei <a class=\"is-link c-block-items__link c-link--rich-text-renderer\" href=\"https:\/\/www.welt.de\/themen\/bastian-schweinsteiger\/\" data-internal-tracking-enabled=\"true\" data-internal-tracking=\"{&quot;action&quot;:&quot;click&quot;,&quot;label&quot;:&quot;link&quot;,&quot;name&quot;:&quot;Inline Element&quot;,&quot;data&quot;:{&quot;source&quot;:&quot;&quot;,&quot;target&quot;:&quot;https:\/\/www.welt.de\/themen\/bastian-schweinsteiger\/&quot;,&quot;trackingName&quot;:&quot;&quot;,&quot;trackingLabel&quot;:&quot;&quot;}}\" rel=\"nofollow noopener\" target=\"_blank\">Bastian Schweinsteiger<\/a> nicht gerade Jubelst\u00fcrme aus. Der Weltmeister von 2014 und ARD-Experte kritisierte die Vorgehensweise des DFB. \u201eEs ist ganz klar, dass <a class=\"is-link c-block-items__link c-link--rich-text-renderer\" href=\"https:\/\/www.welt.de\/themen\/juergen-klopp\/\" data-internal-tracking-enabled=\"true\" data-internal-tracking=\"{&quot;action&quot;:&quot;click&quot;,&quot;label&quot;:&quot;link&quot;,&quot;name&quot;:&quot;Inline Element&quot;,&quot;data&quot;:{&quot;source&quot;:&quot;&quot;,&quot;target&quot;:&quot;https:\/\/www.welt.de\/themen\/juergen-klopp\/&quot;,&quot;trackingName&quot;:&quot;&quot;,&quot;trackingLabel&quot;:&quot;&quot;}}\" rel=\"nofollow noopener\" target=\"_blank\">J\u00fcrgen Klopp<\/a> die Nummer eins ist. Der DFB will Klopp unbedingt. Wir liegen am Boden. Das kann man auch daran erkennen, wie man mit Sachen umgeht. Aber mir fehlt beim DFB so ein bisschen die Souver\u00e4nit\u00e4t. Wenn man sieht, dass die Delegation jetzt nach New York fliegt, das ist schon bem\u00fcht, aber hektisch. Da gab es schon andere Zeiten, in dem das anders gehandhabt wurde\u201c, sagte Schweinsteiger in der ARD.<\/p>\n<p>Der 41-J\u00e4hrige stellte die Frage, ob es \u00fcberhaupt Alternativen zu Klopp auf die Nachfolge von Julian Nagelsmann gebe und gab die Antwort selbst: \u201eMatthias Sammer, <a class=\"is-link c-block-items__link c-link--rich-text-renderer\" href=\"https:\/\/www.welt.de\/themen\/lothar-matthaeus\/\" data-internal-tracking-enabled=\"true\" data-internal-tracking=\"{&quot;action&quot;:&quot;click&quot;,&quot;label&quot;:&quot;link&quot;,&quot;name&quot;:&quot;Inline Element&quot;,&quot;data&quot;:{&quot;source&quot;:&quot;&quot;,&quot;target&quot;:&quot;https:\/\/www.welt.de\/themen\/lothar-matthaeus\/&quot;,&quot;trackingName&quot;:&quot;&quot;,&quot;trackingLabel&quot;:&quot;&quot;}}\" rel=\"nofollow noopener\" target=\"_blank\">Lothar Matth\u00e4us<\/a>. Wenn man \u00fcber Fu\u00dfballfachwissen spricht, dann denke ich, dass Sammer und Matth\u00e4us da ganz weit vorne sind.\u201c<\/p>\n<p>\u201eMal wieder ein WM-Viertelfinale w\u00e4re schon mal gut\u201c<\/p>\n<p>Schweinsteiger denkt nicht, dass Klopp das Allheilmittel f\u00fcr den deutschen Fu\u00dfball ist. Daf\u00fcr hat die Nationalmannschaft in den vergangenen Jahren zu sehr und zu oft entt\u00e4uscht. Daf\u00fcr sitzen die Probleme beim <a class=\"is-link c-block-items__link c-link--rich-text-renderer\" href=\"https:\/\/www.welt.de\/themen\/dfb\/\" data-internal-tracking-enabled=\"true\" data-internal-tracking=\"{&quot;action&quot;:&quot;click&quot;,&quot;label&quot;:&quot;link&quot;,&quot;name&quot;:&quot;Inline Element&quot;,&quot;data&quot;:{&quot;source&quot;:&quot;&quot;,&quot;target&quot;:&quot;https:\/\/www.welt.de\/themen\/dfb\/&quot;,&quot;trackingName&quot;:&quot;&quot;,&quot;trackingLabel&quot;:&quot;&quot;}}\" rel=\"nofollow noopener\" target=\"_blank\">DFB<\/a> zu tief. \u201eBei der Mannschaft, die wir aktuell haben, wird es keinen gro\u00dfen Unterschied machen. Klopp wird die Mannschaft besser machen, das ist klar. Aber er ist f\u00fcr mich das Pflaster, um die Wunde zu heilen. Ob sie komplett heilt, das wei\u00df ich nicht\u201c, sagte Schweinsteiger.<\/p>\n<p>Der 121-malige Nationalspieler erwartet vom neuen Nationaltrainer, ganz gleich wie er hei\u00dft, keine Wunderdinge. \u201eIch w\u00e4re erst mal froh, wenn wir eine Nationalmannschaft haben, vor der die anderen Teams Angst und Respekt haben. Ein WM-Viertelfinale mal wieder zu erreichen, w\u00e4re schon mal gut\u201c, sagte Schweinsteiger.<\/p>\n","protected":false},"excerpt":{"rendered":"Der Deutsche Fu\u00dfball-Bund will J\u00fcrgen Klopp unbedingt als neuen Bundestrainer verpflichten. Die Spitze des Verbandes um Pr\u00e4sident Bernd&hellip;\n","protected":false},"author":2,"featured_media":1155627,"comment_status":"","ping_status":"","sticky":false,"template":"","format":"standard","meta":{"footnotes":"","_share_on_mastodon":"0"},"categories":[136],"tags":[29,50501,481,38029,30,54233,15435,15434,54232,265,45,227052],"class_list":["post-1155626","post","type-post","status-publish","format-standard","has-post-thumbnail","category-sport","tag-deutschland","tag-deutschland-fussballnationalmannschaft","tag-dfb","tag-fussball-wm-2026","tag-germany","tag-julian-trainer","tag-juergen","tag-klopp","tag-nagelsmann","tag-sport","tag-texttospeech","tag-wm-2026-ad"],"share_on_mastodon":{"url":"https:\/\/pubeurope.com\/@de\/116893267276830118","error":""},"_links":{"self":[{"href":"https:\/\/www.europesays.com\/de\/wp-json\/wp\/v2\/posts\/1155626","targetHints":{"allow":["GET"]}}],"collection":[{"href":"https:\/\/www.europesays.com\/de\/wp-json\/wp\/v2\/posts"}],"about":[{"href":"https:\/\/www.europesays.com\/de\/wp-json\/wp\/v2\/types\/post"}],"author":[{"embeddable":true,"href":"https:\/\/www.europesays.com\/de\/wp-json\/wp\/v2\/users\/2"}],"replies":[{"embeddable":true,"href":"https:\/\/www.europesays.com\/de\/wp-json\/wp\/v2\/comments?post=1155626"}],"version-history":[{"count":0,"href":"https:\/\/www.europesays.com\/de\/wp-json\/wp\/v2\/posts\/1155626\/revisions"}],"wp:featuredmedia":[{"embeddable":true,"href":"https:\/\/www.europesays.com\/de\/wp-json\/wp\/v2\/media\/1155627"}],"wp:attachment":[{"href":"https:\/\/www.europesays.com\/de\/wp-json\/wp\/v2\/media?parent=1155626"}],"wp:term":[{"taxonomy":"category","embeddable":true,"href":"https:\/\/www.europesays.com\/de\/wp-json\/wp\/v2\/categories?post=1155626"},{"taxonomy":"post_tag","embeddable":true,"href":"https:\/\/www.europesays.com\/de\/wp-json\/wp\/v2\/tags?post=1155626"}],"curies":[{"name":"wp","href":"https:\/\/api.w.org\/{rel}","templated":true}]}}