{"id":1155678,"date":"2026-07-10T02:45:17","date_gmt":"2026-07-10T02:45:17","guid":{"rendered":"https:\/\/www.europesays.com\/de\/1155678\/"},"modified":"2026-07-10T02:45:17","modified_gmt":"2026-07-10T02:45:17","slug":"krieg-gegen-die-ukraine-un-melden-hoechste-zahl-ziviler-opfer-in-ukraine-seit-kriegsbeginn","status":"publish","type":"post","link":"https:\/\/www.europesays.com\/de\/1155678\/","title":{"rendered":"Krieg gegen die Ukraine: UN melden h\u00f6chste Zahl ziviler Opfer in Ukraine seit Kriegsbeginn"},"content":{"rendered":"<p class=\"paragraph article__item\">Bei russischen Angriffen sind im Juni in der <a href=\"https:\/\/www.zeit.de\/thema\/krieg-in-ukraine\" target=\"_blank\" rel=\"nofollow noopener\">Ukraine<\/a> mindestens 265 Zivilisten get\u00f6tet und 1.816 weitere verletzt worden. Das ist nach Angaben der <a class=\"rtr-entity\" href=\"https:\/\/www.zeit.de\/thema\/un\" rel=\"nofollow noopener\" target=\"_blank\">Vereinten Nationen<\/a> die h\u00f6chste monatliche Zahl an zivilen Opfern seit den ersten Monaten des Krieges.\u00a0\n<\/p>\n<p class=\"paragraph article__item\">Bereits im Mai sei die Zahl der zivilen Opfer die h\u00f6chste seit April 2022 gewesen, wie die UN-Untergeneralsekret\u00e4rin f\u00fcr politische Angelegenheiten, Rosemary DiCarlo, mitteilte. Nach vorl\u00e4ufigen Daten des UN-Hochkommissariats f\u00fcr Menschenrechte (OHCHR) kam es im Juni zu einem weiteren Anstieg.\u00a0\n<\/p>\n<p class=\"paragraph article__item\">Die endg\u00fcltigen Daten f\u00fcr Juni werden Ende Juli ver\u00f6ffentlicht. \u00bbDieser besorgniserregende Trend setzt sich offenbar auch im <a href=\"https:\/\/www.zeit.de\/politik\/ausland\/2026-07\/kiew-russland-luftangriffe-raketen-drohnen-tote-gxe\" target=\"_blank\" rel=\"nofollow noopener\">Juli<\/a> fort\u00ab, sagte DiCarlo. Sie verwies dabei auf drei Wellen <a href=\"https:\/\/www.zeit.de\/politik\/ausland\/2026-07\/explosionen-kyjiw-raketenangriff-ukraine-vitali-klitschko-gxe\" target=\"_blank\" rel=\"nofollow noopener\">russischer Luftangriffe<\/a> auf Kyjiw und andere ukrainische St\u00e4dte allein in der <a href=\"https:\/\/www.zeit.de\/politik\/ausland\/2026-07\/ukraine-krieg-kyjiw-ballistische-raketen-patriot-flugabwehr-verhandlungen-nato-gipfel\" target=\"_blank\" rel=\"nofollow noopener\">vergangenen Woche<\/a>.\n<\/p>\n<p>            Mehr als 16.400 get\u00f6tete Zivilisten seit Beginn des Angriffskriegs            <\/p>\n<p class=\"paragraph article__item\">\u00bbJeder Angriff auf Zivilisten und zivile Infrastruktur, wo auch immer er stattfindet, ist ein eindeutiger Versto\u00df gegen das humanit\u00e4re V\u00f6lkerrecht und muss sofort aufh\u00f6ren\u00ab, sagte DiCarlo.\n<\/p>\n<p class=\"paragraph article__item\">Laut UN habe das OHCHR seit Beginn des Krieges mindestens 16.402 get\u00f6tete Zivilisten in der <a class=\"rtr-entity\" href=\"https:\/\/www.zeit.de\/politik\/ausland\/ukraine-krieg-news-liveblog\" rel=\"nofollow noopener\" target=\"_blank\">Ukraine<\/a> verifiziert, darunter 802 Kinder. Zudem seien 48.428 Menschen verletzt worden. Die tats\u00e4chlichen Zahlen l\u00e4gen vermutlich noch h\u00f6her.\n<\/p>\n<p class=\"paragraph article__item\">In Russland gab es nach Angaben des OHCHR in den ersten sechs Monaten des Jahres 2026 250 tote Zivilisten und 1.596 Verletzte. Die Vereinten Nationen seien jedoch nicht in der Lage, diese Berichte unabh\u00e4ngig zu \u00fcberpr\u00fcfen.\n<\/p>\n<p class=\"paragraph article__item\">\u00a0Mehr zu aktuellen Entwicklungen lesen Sie <a href=\"https:\/\/www.zeit.de\/politik\/ausland\/ukraine-krieg-news-liveblog\" target=\"_blank\" rel=\"nofollow noopener\">in unserem Liveblog<\/a>.\n<\/p>\n<p>Mehr zum Thema<\/p>\n<p>                <a href=\"https:\/\/www.zeit.de\/politik\/ausland\/ukraine-russland-frontverlauf-krieg-karte-aktuell\" data-ct-label=\"Ukrainekarte aktuell: Ukrainische Soldaten stoppen russischen Vormarsch auf Saporischschja\" data-uuid=\"e3833ef8-a8fd-4b11-b004-5d324caec343\" rel=\"nofollow noopener\" target=\"_blank\"><\/p>\n<p>                        Ukrainekarte aktuell:<br \/>\n                        Ukrainische Soldaten stoppen russischen Vormarsch auf Saporischschja<\/p>\n<p>                <\/a><\/p>\n<p>                <a href=\"https:\/\/www.zeit.de\/politik\/ausland\/2026-07\/krieg-ukraine-krim-drohnen-angriff-wladimir-putin\" data-ct-label=\"Krieg in der Ukraine: Wolodymyr Selenskyj hat einen Plan f\u00fcr die Krim\" data-uuid=\"537a2c23-5b41-46bf-949f-ef1f3f2c1765\" rel=\"nofollow noopener\" target=\"_blank\"><\/p>\n<p>        Z+ (abopflichtiger Inhalt);<\/p>\n<p>    Krieg in der Ukraine:<br \/>\n                        Wolodymyr Selenskyj hat einen Plan f\u00fcr die Krim<\/p>\n<p>                <\/a><\/p>\n<p>                <a href=\"https:\/\/www.zeit.de\/feuilleton\/2026-07\/russland-staerke-bild-westen-wladimir-putin-wladislaw-martinowitsch\" data-ct-label=\"Russland: \u00bbRussland falsch einzusch\u00e4tzen, kann verheerend sein\u00ab\" data-uuid=\"2ab41c20-7220-456f-8dcd-8973d0726e4f\" rel=\"nofollow noopener\" target=\"_blank\"><\/p>\n<p>        Z+ (abopflichtiger Inhalt);<\/p>\n<p>    Russland:<br \/>\n                        \u00bbRussland falsch einzusch\u00e4tzen, kann verheerend sein\u00ab<\/p>\n<p>                <\/a><\/p>\n","protected":false},"excerpt":{"rendered":"Bei russischen Angriffen sind im Juni in der Ukraine mindestens 265 Zivilisten get\u00f6tet und 1.816 weitere verletzt worden.&hellip;\n","protected":false},"author":2,"featured_media":1155679,"comment_status":"","ping_status":"","sticky":false,"template":"","format":"standard","meta":{"footnotes":"","_share_on_mastodon":"0"},"categories":[4012],"tags":[331,332,13,5672,45679,1435,14,15,16,53935,12,317,26],"class_list":["post-1155678","post","type-post","status-publish","format-standard","has-post-thumbnail","category-ukraine","tag-aktuelle-nachrichten","tag-aktuelle-news","tag-headlines","tag-hoechststand","tag-krieg-gegen-die-ukraine","tag-krieg-in-der-ukraine","tag-nachrichten","tag-news","tag-politik","tag-rosemary-dicarlo","tag-schlagzeilen","tag-ukraine","tag-un"],"share_on_mastodon":{"url":"https:\/\/pubeurope.com\/@de\/116893392940681200","error":""},"_links":{"self":[{"href":"https:\/\/www.europesays.com\/de\/wp-json\/wp\/v2\/posts\/1155678","targetHints":{"allow":["GET"]}}],"collection":[{"href":"https:\/\/www.europesays.com\/de\/wp-json\/wp\/v2\/posts"}],"about":[{"href":"https:\/\/www.europesays.com\/de\/wp-json\/wp\/v2\/types\/post"}],"author":[{"embeddable":true,"href":"https:\/\/www.europesays.com\/de\/wp-json\/wp\/v2\/users\/2"}],"replies":[{"embeddable":true,"href":"https:\/\/www.europesays.com\/de\/wp-json\/wp\/v2\/comments?post=1155678"}],"version-history":[{"count":0,"href":"https:\/\/www.europesays.com\/de\/wp-json\/wp\/v2\/posts\/1155678\/revisions"}],"wp:featuredmedia":[{"embeddable":true,"href":"https:\/\/www.europesays.com\/de\/wp-json\/wp\/v2\/media\/1155679"}],"wp:attachment":[{"href":"https:\/\/www.europesays.com\/de\/wp-json\/wp\/v2\/media?parent=1155678"}],"wp:term":[{"taxonomy":"category","embeddable":true,"href":"https:\/\/www.europesays.com\/de\/wp-json\/wp\/v2\/categories?post=1155678"},{"taxonomy":"post_tag","embeddable":true,"href":"https:\/\/www.europesays.com\/de\/wp-json\/wp\/v2\/tags?post=1155678"}],"curies":[{"name":"wp","href":"https:\/\/api.w.org\/{rel}","templated":true}]}}