{"id":1155759,"date":"2026-07-10T03:32:18","date_gmt":"2026-07-10T03:32:18","guid":{"rendered":"https:\/\/www.europesays.com\/de\/1155759\/"},"modified":"2026-07-10T03:32:18","modified_gmt":"2026-07-10T03:32:18","slug":"berlin-afd-politiker-soll-frau-ins-gesicht-geschlagen-haben-partei-erhebt-gegenvorwurf","status":"publish","type":"post","link":"https:\/\/www.europesays.com\/de\/1155759\/","title":{"rendered":"Berlin: AfD-Politiker soll Frau ins Gesicht geschlagen haben \u2013 Partei erhebt Gegenvorwurf"},"content":{"rendered":"<p>An einem AfD-Stand in Lichtenberg kommt es zu Protesten und einer Rangelei: Eine Frau erstattet gegen einen AfD-Politiker Anzeige wegen K\u00f6rperverletzung. Die Fraktion spricht von frei erfundenen Vorw\u00fcrfen \u201elinker Chaoten\u201c. Der beschuldigte Bezirksverordnete erstattet Gegenanzeige.<\/p>\n<p class=\"is-first-paragraph\" data-external=\"Article.FirstParagraph\">Rangelei beim Wasserfest: Nach einem Zwischenfall an der Rummelsburger Bucht <a class=\"is-link c-block-items__link c-link--rich-text-renderer\" href=\"https:\/\/www.welt.de\/vermischtes\/article255402964\/Berlin-Ueber-100-Menschen-demonstrieren-gegen-Teilnahme-der-AfD-an-Schuldiskussion.html\" data-internal-tracking-enabled=\"true\" data-internal-tracking=\"{&quot;action&quot;:&quot;click&quot;,&quot;label&quot;:&quot;link&quot;,&quot;name&quot;:&quot;Inline Element&quot;,&quot;data&quot;:{&quot;source&quot;:&quot;&quot;,&quot;target&quot;:&quot;https:\/\/www.welt.de\/vermischtes\/article255402964\/Berlin-Ueber-100-Menschen-demonstrieren-gegen-Teilnahme-der-AfD-an-Schuldiskussion.html&quot;,&quot;trackingName&quot;:&quot;&quot;,&quot;trackingLabel&quot;:&quot;&quot;}}\" rel=\"nofollow noopener\" target=\"_blank\">in Berlin-Lichtenberg<\/a> ermittelt die Polizei gegen einen Kommunalpolitiker der AfD wegen des Verdachts der K\u00f6rperverletzung. Das berichtete zun\u00e4chst die \u201e<a class=\"is-link c-block-items__link is-external c-link--rich-text-renderer\" href=\"https:\/\/www.morgenpost.de\/bezirke\/lichtenberg\/article412507272\/lichtenberger-afd-politiker-soll-frau-ins-gesicht-geschlagen-haben-polizei-ermittelt.html\" target=\"_blank\" title=\"Link wird in einem neuen Tab ge\u00f6ffnet\" rel=\"nofollow noopener\" data-internal-tracking-enabled=\"true\" data-internal-tracking=\"{&quot;action&quot;:&quot;click&quot;,&quot;label&quot;:&quot;link&quot;,&quot;name&quot;:&quot;Inline Element&quot;,&quot;data&quot;:{&quot;source&quot;:&quot;&quot;,&quot;target&quot;:&quot;https:\/\/www.morgenpost.de\/bezirke\/lichtenberg\/article412507272\/lichtenberger-afd-politiker-soll-frau-ins-gesicht-geschlagen-haben-polizei-ermittelt.html&quot;,&quot;trackingName&quot;:&quot;&quot;,&quot;trackingLabel&quot;:&quot;&quot;}}\">Berliner Morgenpost<\/a>\u201c.<\/p>\n<p>Bei dem Beschuldigten handelt es sich um den Lichtenberger AfD-Schatzmeister und Bezirksverordneten Hartmut Na\u00df. Nach Angaben der Berliner Polizei wurde am Samstag gegen 13.40 Uhr ein Notruf wegen einer Auseinandersetzung am AfD-Informationsstand auf dem Wasserfest abgesetzt. Die Partei hatte wie andere politische Mitbewerber einen Infostand auf dem Fest aufgebaut.<\/p>\n<p>Nach bisherigem Ermittlungsstand sollen zwei Frauen mit Hund an den AfD-Stand herangetreten sein. Eine der Frauen soll laut einem Zeugen \u201emehrere Gegenst\u00e4nde von geringem Wert\u201c vom Stand genommen und in einen Hundekot-Beutel gesteckt haben \u2013 wohl in der Absicht, diese zu entwenden. Daraufhin soll Na\u00df der Frau \u201eunvermittelt\u201c mit der flachen Hand ins Gesicht geschlagen haben.<\/p>\n<p>Der AfD-Kreisverband weist die Vorw\u00fcrfe zur\u00fcck. In einer Stellungnahme bezeichnete die Partei die Schilderungen als \u201efrei erfunden\u201c und sprach von einer politischen Kampagne.<\/p>\n<p>Demnach h\u00e4tten \u201elinke Chaoten unseren Infostand angegriffen. Diesem n\u00e4herten sich zwei Frauen, welche unsere Infomaterialien gewaltsam entwendeten und dabei riefen: \u201aWir werden den Schei\u00dfmist entsorgen!\u2019\u201c<\/p>\n<p>Laut der AfD Lichtenberg sei ihr Parteikollege das Opfer. Der 79-j\u00e4hrige Bezirksschatzmeister sei von den P\u00f6blern bei deren Aktion bedr\u00e4ngt und zur Seite gesto\u00dfen worden. Dann habe eine der Frauen pl\u00f6tzlich geschrien: \u201eEr hat mich geschlagen!\u201c Die AfD Lichtenberg schreibt: \u201eDiese Behauptung ist frei erfunden und kann von mehreren Augenzeugen widerlegt werden, die bereits eine entsprechende Erkl\u00e4rung abgegeben haben.\u201c<\/p>\n<p>AfD-Politiker Na\u00df stellt ebenfalls Anzeige<\/p>\n<p>Die Polizei sei herbeigeeilt, um die Situation zu entsch\u00e4rfen. Zudem sei eine Anzeige aufgenommen worden. \u201eHerr Na\u00df hat ebenfalls Anzeige wegen falscher Verd\u00e4chtigung, Vort\u00e4uschen einer Straftat und N\u00f6tigung erstattet.\u201c<\/p>\n<p>Na\u00df best\u00e4tigt in der Erkl\u00e4rung, ebenfalls Anzeige erstattet zu haben und sagt: \u201eIch bin froh, dass die Polizei schnell vor Ort war, um Schlimmeres zu verhindern.\u201c Der Vorfall verdeutliche, wie aufgeheizt das Klima im Bezirk sei. <\/p>\n<p>Der Vorfall ereignete sich vor dem Hintergrund von <a class=\"is-link c-block-items__link c-link--rich-text-renderer\" href=\"https:\/\/www.welt.de\/politik\/deutschland\/article6a4f31dabb0cf80de56a2f0f\/nach-afd-parteitag-bei-der-frage-nach-gewalt-gegen-journalisten-verweigert-widersetzen-die-antwort.html\" data-internal-tracking-enabled=\"true\" data-internal-tracking=\"{&quot;action&quot;:&quot;click&quot;,&quot;label&quot;:&quot;link&quot;,&quot;name&quot;:&quot;Inline Element&quot;,&quot;data&quot;:{&quot;source&quot;:&quot;&quot;,&quot;target&quot;:&quot;https:\/\/www.welt.de\/politik\/deutschland\/article6a4f31dabb0cf80de56a2f0f\/nach-afd-parteitag-bei-der-frage-nach-gewalt-gegen-journalisten-verweigert-widersetzen-die-antwort.html&quot;,&quot;trackingName&quot;:&quot;&quot;,&quot;trackingLabel&quot;:&quot;&quot;}}\" rel=\"nofollow noopener\" target=\"_blank\">Protesten<\/a> gegen den AfD-Stand. Mehrere Dutzend Demonstranten hatten sich unter dem Motto \u201eAfD am Wasserfest? Nicht mit uns\u201c versammelt. Zudem fuhr ein Flo\u00df mit einem Transparent \u201eAfD versenken\u201c \u00fcber die Rummelsburger Bucht. Die AfD kommentierte die Aktion anschlie\u00dfend in sozialen Netzwerken als \u201elinken Schwachsinn\u201c.<\/p>\n<p>Das Lichtenberger Wasserfest gilt als eines der gr\u00f6\u00dften Kiezfeste des Bezirks. Entlang des Ufers pr\u00e4sentierten sich Vereine, Initiativen, Parteien und Unternehmen mit Informations- und Mitmachst\u00e4nden. Begleitet wurde die Veranstaltung von einem B\u00fchnenprogramm, gastronomischen Angeboten und zahlreichen Freizeitaktivit\u00e4ten. <\/p>\n<p>saha<\/p>\n","protected":false},"excerpt":{"rendered":"An einem AfD-Stand in Lichtenberg kommt es zu Protesten und einer Rangelei: Eine Frau erstattet gegen einen AfD-Politiker&hellip;\n","protected":false},"author":2,"featured_media":1155760,"comment_status":"","ping_status":"","sticky":false,"template":"","format":"standard","meta":{"footnotes":"","_share_on_mastodon":"0"},"categories":[1825],"tags":[186,150,296,29,30,682,1952,110,45],"class_list":["post-1155759","post","type-post","status-publish","format-standard","has-post-thumbnail","category-berlin","tag-afd","tag-alternative-fuer-deutschland","tag-berlin","tag-deutschland","tag-germany","tag-koerperverletzung","tag-lichtenberg","tag-newsteam","tag-texttospeech"],"share_on_mastodon":{"url":"https:\/\/pubeurope.com\/@de\/116893577939181428","error":""},"_links":{"self":[{"href":"https:\/\/www.europesays.com\/de\/wp-json\/wp\/v2\/posts\/1155759","targetHints":{"allow":["GET"]}}],"collection":[{"href":"https:\/\/www.europesays.com\/de\/wp-json\/wp\/v2\/posts"}],"about":[{"href":"https:\/\/www.europesays.com\/de\/wp-json\/wp\/v2\/types\/post"}],"author":[{"embeddable":true,"href":"https:\/\/www.europesays.com\/de\/wp-json\/wp\/v2\/users\/2"}],"replies":[{"embeddable":true,"href":"https:\/\/www.europesays.com\/de\/wp-json\/wp\/v2\/comments?post=1155759"}],"version-history":[{"count":0,"href":"https:\/\/www.europesays.com\/de\/wp-json\/wp\/v2\/posts\/1155759\/revisions"}],"wp:featuredmedia":[{"embeddable":true,"href":"https:\/\/www.europesays.com\/de\/wp-json\/wp\/v2\/media\/1155760"}],"wp:attachment":[{"href":"https:\/\/www.europesays.com\/de\/wp-json\/wp\/v2\/media?parent=1155759"}],"wp:term":[{"taxonomy":"category","embeddable":true,"href":"https:\/\/www.europesays.com\/de\/wp-json\/wp\/v2\/categories?post=1155759"},{"taxonomy":"post_tag","embeddable":true,"href":"https:\/\/www.europesays.com\/de\/wp-json\/wp\/v2\/tags?post=1155759"}],"curies":[{"name":"wp","href":"https:\/\/api.w.org\/{rel}","templated":true}]}}