{"id":1155814,"date":"2026-07-10T04:07:11","date_gmt":"2026-07-10T04:07:11","guid":{"rendered":"https:\/\/www.europesays.com\/de\/1155814\/"},"modified":"2026-07-10T04:07:11","modified_gmt":"2026-07-10T04:07:11","slug":"wuelfrath-30-jahre-bunte-kreativitaet-im-offenen-atelier","status":"publish","type":"post","link":"https:\/\/www.europesays.com\/de\/1155814\/","title":{"rendered":"W\u00fclfrath: 30 Jahre bunte Kreativit\u00e4t im Offenen Atelier"},"content":{"rendered":"<p class=\"text_ohne_einzug richtext text-em-55 !leading-serif mx-6 desktop:mx-0\">  Wer sich in W\u00fclfrath k\u00fcnstlerisch bet\u00e4tigen m\u00f6chte, findet beim Offenen Atelier der Bergischen Diakonie ein gro\u00dfes Angebot. Ob im Kleinen mit Pinsel und Stift oder im Gro\u00dfen mit Schwei\u00dfger\u00e4t: Hier k\u00f6nnen sich Menschen kreativ ausprobieren, austoben, sich und neue Leidenschaften entdecken oder auch Abschalten vom Stress des Alltags mit Job und Familie.<\/p>\n<p class=\"richtext text-em-55 !leading-serif mx-6 desktop:mx-0\">Das Besondere am Offenen Atelier ist aber nicht nur das Angebot, sondern auch das Konzept dahinter, das in diesem Jahr nun schon 30. Geburtstag feiert. Damals setzte das K\u00fcnstlerehepaar Elke Vo\u00df-Klingler und Claus Klingler seine Vision eines inklusiven Kunstateliers in die Tat um. Diese Grundidee tr\u00e4gt bis heute: Kunst verbindet Menschen \u00fcber Grenzen hinweg. Bewohnerinnen und Bewohner der Einrichtungen der Bergischen Diakonie, aber auch B\u00fcrgerinnen und B\u00fcrger aus der Region sowie Mitarbeitende sind gemeinsam im denkmalgesch\u00fctzten Haus Langensiepen kreativ t\u00e4tig.<\/p>\n<p>Breit gef\u00e4chertes Angebot      <\/p>\n<p class=\"richtext text-em-55 !leading-serif mx-6 desktop:mx-0\">Das Angebot hat sich \u00fcber die Jahre weiterentwickelt, mit zahlreichen Kursen wie etwa Schmieden und Schwei\u00dfen. Mit dem FAB, dem Freundeskreis Ateliers der Bergischen Diakonie, ist zudem ein Unterst\u00fctzerkreis entstanden, der in diesem Jahr sein zehnj\u00e4hriges Bestehen feiert. Seit Beginn ist das Offene Atelier fest in das Angebot der Fachabteilung f\u00fcr Tagesstruktur und Schulung (FaTS) eingebunden, die zum Sozialtherapeutischen Verbund der Bergischen Diakonie geh\u00f6rt.<\/p>\n<p>Teilhabe und Selbstbestimmung      <\/p>\n<p class=\"richtext text-em-55 !leading-serif mx-6 desktop:mx-0\">\u201eKunst verbindet Menschen \u00fcber Grenzen hinweg \u2013 das war unsere Idee vor 30 Jahren, und sie tr\u00e4gt bis heute\u201c, sagt das Atelierteam rund um Sunci Matijanic, Manuel Rohde und Arne Sawatzki. Genau diese Haltung zeige, worum es der Bergischen Diakonie in ihrer Arbeit gehe: Menschen so zu begegnen, wie sie sind, und ihnen R\u00e4ume zur Teilhabe und Selbstbestimmung zu er\u00f6ffnen. Das Offene Atelier macht diesen Anspruch seit drei Jahrzehnten sichtbar und erlebbar.<\/p>\n<p>Jubil\u00e4umsfest am Samstag      <\/p>\n<p class=\"richtext text-em-55 !leading-serif mx-6 desktop:mx-0\">Und das soll gefeiert werden, und zwar mit einem Jubil\u00e4umsfest am Samstag, 11. Juli, rund um Haus Langensiepen (Diakonissenweg 13) auf dem Gel\u00e4nde der Diakonie in Aprath. Die offizielle Er\u00f6ffnung ist um 15 Uhr. Um 16 und 17 Uhr k\u00f6nnen Interessierte an einem Schnupperkurs zu Qi Gong im FaTS Waldhof teilnehmen. Wer es lieber tierisch mag, kann um 16.30 Uhr am Spaziergang zu den Ziegen der Diakonie teilnehmen. Vom Treffpunkt Haus Langensiepen geht es gemeinsam zum Gehege der Tiere auf dem Diakoniegel\u00e4nde. Einen weiteren tierischen Spaziergang gibt es um 17.30 Uhr. Dann geht es zu den Bienen.<\/p>\n<p class=\"richtext text-em-55 !leading-serif mx-6 desktop:mx-0\">Wer sich mehr f\u00fcr die neuen Technologien interessiert, kann sich dem Besuch im Scan-Dienst mit 3D-Drucker in Haus Buche anschlie\u00dfen. Das ist am Samstag von 15.30 bis 17 Uhr m\u00f6glich. Auf Nachfrage werden auch F\u00fchrungen durch das Haus Birke angeboten.<\/p>\n<p>Eigene Produkte im Angebot      <\/p>\n<p class=\"richtext text-em-55 !leading-serif mx-6 desktop:mx-0\">Zudem gibt es eine kleine Zeitreise zur\u00fcck: Fotos und Filme aus 30 Jahren Offenes Atelier werden zu sehen sein. Es gibt au\u00dferdem die Mitmachaktion \u201ezusammenHALTEN\u201c mit dem FAB und die Fachabteilung Tagesstruktur und Schulung pr\u00e4sentiert Produkte aus den eigenen Angeboten. Mit dabei ist auch wieder der Schmuckverkauf aus Upcycling-Produkten.<\/p>\n<p class=\"richtext text-em-55 !leading-serif mx-6 desktop:mx-0\">So viel Programm macht nat\u00fcrlich hungrig. Auch daf\u00fcr ist gesorgt. Das Team bietet neben Kaffee, Kuchen und Waffeln auch Pizzabr\u00f6tchen aus dem Lehmofen sowie W\u00fcrstchen im Br\u00f6tchen an.<\/p>\n","protected":false},"excerpt":{"rendered":"Wer sich in W\u00fclfrath k\u00fcnstlerisch bet\u00e4tigen m\u00f6chte, findet beim Offenen Atelier der Bergischen Diakonie ein gro\u00dfes Angebot. Ob&hellip;\n","protected":false},"author":2,"featured_media":1155815,"comment_status":"","ping_status":"","sticky":false,"template":"","format":"standard","meta":{"footnotes":"","_share_on_mastodon":"0"},"categories":[1840],"tags":[29012,242548,16314,3364,29,15250,30,16311,5213,111475,35140,2075,242549,1209,27178,15944,4418],"class_list":["post-1155814","post","type-post","status-publish","format-standard","has-post-thumbnail","category-wuppertal","tag-atelier","tag-atelierteam","tag-bergischen","tag-de","tag-deutschland","tag-diakonie","tag-germany","tag-grenzen","tag-haus","tag-hinweg","tag-klingler","tag-kunst","tag-kunstateliers","tag-nordrhein-westfalen","tag-offene","tag-verbindet","tag-wuppertal"],"share_on_mastodon":{"url":"https:\/\/pubeurope.com\/@de\/116893715366413084","error":""},"_links":{"self":[{"href":"https:\/\/www.europesays.com\/de\/wp-json\/wp\/v2\/posts\/1155814","targetHints":{"allow":["GET"]}}],"collection":[{"href":"https:\/\/www.europesays.com\/de\/wp-json\/wp\/v2\/posts"}],"about":[{"href":"https:\/\/www.europesays.com\/de\/wp-json\/wp\/v2\/types\/post"}],"author":[{"embeddable":true,"href":"https:\/\/www.europesays.com\/de\/wp-json\/wp\/v2\/users\/2"}],"replies":[{"embeddable":true,"href":"https:\/\/www.europesays.com\/de\/wp-json\/wp\/v2\/comments?post=1155814"}],"version-history":[{"count":0,"href":"https:\/\/www.europesays.com\/de\/wp-json\/wp\/v2\/posts\/1155814\/revisions"}],"wp:featuredmedia":[{"embeddable":true,"href":"https:\/\/www.europesays.com\/de\/wp-json\/wp\/v2\/media\/1155815"}],"wp:attachment":[{"href":"https:\/\/www.europesays.com\/de\/wp-json\/wp\/v2\/media?parent=1155814"}],"wp:term":[{"taxonomy":"category","embeddable":true,"href":"https:\/\/www.europesays.com\/de\/wp-json\/wp\/v2\/categories?post=1155814"},{"taxonomy":"post_tag","embeddable":true,"href":"https:\/\/www.europesays.com\/de\/wp-json\/wp\/v2\/tags?post=1155814"}],"curies":[{"name":"wp","href":"https:\/\/api.w.org\/{rel}","templated":true}]}}