{"id":1155848,"date":"2026-07-10T04:27:18","date_gmt":"2026-07-10T04:27:18","guid":{"rendered":"https:\/\/www.europesays.com\/de\/1155848\/"},"modified":"2026-07-10T04:27:18","modified_gmt":"2026-07-10T04:27:18","slug":"hochsommer-kehrt-mit-bis-zu-34-grad-nach-franken-zurueck","status":"publish","type":"post","link":"https:\/\/www.europesays.com\/de\/1155848\/","title":{"rendered":"Hochsommer kehrt mit bis zu 34 Grad nach Franken zur\u00fcck"},"content":{"rendered":"<p>Wetterbericht <\/p>\n<p>Bis zu 34 Grad in Franken: Hochsommer kehrt nach N\u00fcrnberg zur\u00fcck<\/p>\n<p>10.07.2026 &#8211; 06:04 UhrLesedauer: 2 Min.<\/p>\n<p><a href=\"#focus-0\" class=\"transition-colors block text-current relative\" data-sctrack=\"FocusGalleryImage.Reference\"><img fetchpriority=\"high\" data-testid=\"Opener.Image\"   loading=\"eager\" src=\"https:\/\/www.europesays.com\/de\/wp-content\/uploads\/2026\/07\/pegnitz-in-der-nuernberger-altstadt-archivbild-am-wochenende-wird-es-wieder-bis-zu-30-grad-heiss-in-.jpeg\" alt=\"Pegnitz in der N\u00fcrnberger Altstadt (Archivbild): Am Wochenende wird es wieder bis zu 30 Grad hei\u00df in N\u00fcrnberg. In der kommenden Woche steigen die Temperaturen weiter.\" title=\"Pegnitz in der N\u00fcrnberger Altstadt (Archivbild): Am Wochenende wird es wieder bis zu 30 Grad hei\u00df in N\u00fcrnberg. In der kommenden Woche steigen die Temperaturen weiter.\" width=\"4000\" height=\"2250\" class=\"bg-[url:var(--lqipURL)] bg-cover bg-center flex h-full w-full max-w-full\" style=\"--lqipURL:url('https:\/\/images.t-online.de\/2026\/07\/PjZPnBSWRVEx\/0x332:4000x2250\/fit-in\/150x0\/filters:blur(25)\/pegnitz-in-der-nuernberger-altstadt-archivbild-am-wochenende-wird-es-wieder-bis-zu-30-grad-heiss-in-nuernberg-in-der-kommenden-woche-steigen-die-temperaturen-weiter.jpg')\" decoding=\"async\"\/><img loading=\"lazy\" src=\"https:\/\/nuernberg.t-online.de\/s\/paper\/_next\/static\/media\/zoom-in.f7dae02f.svg\" alt=\"Vergr\u00f6\u00dfern des Bildes\" title=\"Vergr\u00f6\u00dfern des Bildes\" class=\"block h-[calc(var(--height)_\/_16_*_1rem)] w-[calc(var(--width)_\/_16_*_1rem)] max-w-none absolute right-8 bottom-8 rounded-4 bg-snow p-8\" style=\"--width:32;--height:32\" decoding=\"async\"\/><\/a><\/p>\n<p>Pegnitz in der N\u00fcrnberger Altstadt (Archivbild): Am Wochenende wird es wieder bis zu 30 Grad hei\u00df in N\u00fcrnberg. In der kommenden Woche steigen die Temperaturen weiter. (Quelle: IMAGO\/Ardan Fuessmann\/imago)<\/p>\n<p><img loading=\"lazy\" src=\"https:\/\/nuernberg.t-online.de\/s\/paper\/_next\/static\/media\/audio-volume.6689034c.svg\" alt=\"\" title=\"\" class=\"block h-[calc(var(--height)_\/_16_*_1rem)] w-[calc(var(--width)_\/_16_*_1rem)] max-w-none group-hover:brightness-0 group-hover:invert\" style=\"--width:16;--height:16\" decoding=\"async\"\/>Vorlesen<\/p>\n<p>Aktuelle Zeit:0:00Gesamtdauer:0:00<\/p>\n<p>1x<\/p>\n<p class=\"text-center\">Jetzt neu bei t-online:<\/p>\n<p class=\"text-center\">Schriftgr\u00f6\u00dfe anpassen!<\/p>\n<p><img loading=\"lazy\" src=\"https:\/\/nuernberg.t-online.de\/s\/paper\/_next\/static\/media\/font-sizes.32942e33.svg\" alt=\"\" title=\"\" class=\"block h-[calc(var(--height)_\/_16_*_1rem)] w-[calc(var(--width)_\/_16_*_1rem)] max-w-none group-hover:hidden group-aria-expanded:hidden\" style=\"--width:16;--height:16\" decoding=\"async\"\/><img loading=\"lazy\" src=\"https:\/\/nuernberg.t-online.de\/s\/paper\/_next\/static\/media\/font-sizes-dark-mode.e382645c.svg\" alt=\"\" title=\"\" class=\"block h-[calc(var(--height)_\/_16_*_1rem)] w-[calc(var(--width)_\/_16_*_1rem)] max-w-none hidden group-hover:block group-aria-expanded:block\" style=\"--width:16;--height:16\" decoding=\"async\"\/><img loading=\"lazy\" src=\"https:\/\/nuernberg.t-online.de\/s\/paper\/_next\/static\/media\/sharing-menu-icon.1eb71368.svg\" alt=\"\" title=\"\" class=\"block h-[calc(var(--height)_\/_16_*_1rem)] w-[calc(var(--width)_\/_16_*_1rem)] max-w-none group-hover:brightness-0 group-hover:invert\" style=\"--width:16;--height:16\" decoding=\"async\"\/>Artikel teilen<\/p>\n<p class=\"font-bold text-18 leading-17 user-text-lg:text-22 user-text-xl:text-24\">Viel Sonne und hochsommerliche Werte bestimmen das Wetter in N\u00fcrnberg. Wie hei\u00df es am Wochenende wird, zeigt die aktuelle Prognose.<\/p>\n<p class=\"text-18 leading-17 user-text-lg:text-22 user-text-xl:text-24\">N\u00fcrnberg und der Rest von Franken steuern auf ein sonniges und hei\u00dfes Wochenende zu: Nach Angaben des Deutschen Wetterdienstes (DWD) bestimmen Hochdruckeinfluss und hochsommerlich warme Luft das Wetter im Norden des Freistaates in den kommenden Tagen. In N\u00fcrnberg werden am Freitag rund 30 Grad erwartet, bei \u00fcberwiegend sonnigem Himmel und nur schwachem Wind.<\/p>\n<p class=\"text-18 leading-17 user-text-lg:text-22 user-text-xl:text-24\">Am Samstag bleibt es in N\u00fcrnberg mit erneut rund 30 Grad hochsommerlich warm. F\u00fcr Nordbayern rechnet der DWD mit reichlich Sonne und am Nachmittag einigen Quellwolken. Die H\u00f6chstwerte liegen dann zwischen 26 Grad im Hofer Land und bis zu 33 Grad im westlichen Franken. Dazu weht ein schwacher, im Tagesverlauf etwas auffrischender Nordostwind.<\/p>\n<p>Das Wetter in N\u00fcrnberg bringt erneut hei\u00dfe Tage<\/p>\n<p class=\"text-18 leading-17 user-text-lg:text-22 user-text-xl:text-24\">Auffallend ist, dass es in der Nacht zum Sonntag wieder abk\u00fchlt \u2013 in einigen Senken und Mulden im l\u00e4ndlichen Raum auf bis zu 12 Grad. Genau darin liegt ein Unterschied zur vergangenen Hitzeperiode: Die Hitzetage Ende Juni hatten vor allem deswegen vielen Menschen zu schaffen gemacht, weil es auch nachts warm blieb. In N\u00fcrnberg selbst sinken die Werte in der Nacht auf rund 17 Grad.<\/p>\n<p>Empfohlener externer InhaltYoutube<\/p>\n<p class=\"text-14 leading-15\">Wir ben\u00f6tigen Ihre Einwilligung, um den von unserer Redaktion eingebundenen Youtube-Inhalt anzuzeigen. Sie k\u00f6nnen diesen (und damit auch alle weiteren Youtube-Inhalte auf t-online.de) mit einem Klick anzeigen lassen und auch wieder deaktivieren.<\/p>\n<p>Youtube-Inhalte immer anzeigen<\/p>\n<p>Ich bin damit einverstanden, dass mir externe Inhalte angezeigt werden. Damit k\u00f6nnen personenbezogene Daten an Drittplattformen \u00fcbermittelt werden. <a href=\"https:\/\/www.t-online.de\/datenschutz\/id_88397036\/index#17-externe-inhalte\" target=\"_blank\" class=\"transition-colors text-magenta\" rel=\"nofollow noopener\">Mehr dazu in unseren Datenschutzhinweisen<\/a>.<\/p>\n<p class=\"text-18 leading-17 user-text-lg:text-22 user-text-xl:text-24\">Am Sonntag scheint erneut viel Sonne, dazu ziehen einige Schleier- und Quellwolken auf. In N\u00fcrnberg werden bis zu 31 Grad erwartet, in Nordbayern insgesamt 27 bis 32 Grad, am Untermain bis zu 34 Grad. Der Nordostwind weht schwach und lebt w\u00e4hrend der w\u00e4rmsten Stunden zeitweise auf.<\/p>\n<p class=\"text-18 leading-17 user-text-lg:text-22 user-text-xl:text-24\">Zum Wochenbeginn steigen die Temperaturen weiter: F\u00fcr Montag sagt wetter.com in N\u00fcrnberg bis zu 33 Grad voraus. Im Freistaat wird es dann verbreitet hei\u00df mit Spitzenwerten von 31 bis 34 Grad, am Untermain bis 36 Grad. Auch in den Tagen darauf bleibt es in N\u00fcrnberg sonnig und hei\u00df \u2013 am Mittwoch sind laut Prognose sogar bis zu 34 Grad m\u00f6glich.<\/p>\n","protected":false},"excerpt":{"rendered":"Wetterbericht Bis zu 34 Grad in Franken: Hochsommer kehrt nach N\u00fcrnberg zur\u00fcck 10.07.2026 &#8211; 06:04 UhrLesedauer: 2 Min.&hellip;\n","protected":false},"author":2,"featured_media":1155849,"comment_status":"","ping_status":"","sticky":false,"template":"","format":"standard","meta":{"footnotes":"","_share_on_mastodon":"0"},"categories":[1837],"tags":[722,3176,772,3364,950,29,4906,4348,30,72696,134901,3783,14204],"class_list":["post-1155848","post","type-post","status-publish","format-standard","has-post-thumbnail","category-nuernberg","tag-722","tag-3176","tag-bayern","tag-de","tag-deutscher-wetterdienst","tag-deutschland","tag-dwd","tag-franken","tag-germany","tag-hochsommer","tag-nordbayern","tag-nuernberg","tag-pegnitz"],"share_on_mastodon":{"url":"","error":""},"_links":{"self":[{"href":"https:\/\/www.europesays.com\/de\/wp-json\/wp\/v2\/posts\/1155848","targetHints":{"allow":["GET"]}}],"collection":[{"href":"https:\/\/www.europesays.com\/de\/wp-json\/wp\/v2\/posts"}],"about":[{"href":"https:\/\/www.europesays.com\/de\/wp-json\/wp\/v2\/types\/post"}],"author":[{"embeddable":true,"href":"https:\/\/www.europesays.com\/de\/wp-json\/wp\/v2\/users\/2"}],"replies":[{"embeddable":true,"href":"https:\/\/www.europesays.com\/de\/wp-json\/wp\/v2\/comments?post=1155848"}],"version-history":[{"count":0,"href":"https:\/\/www.europesays.com\/de\/wp-json\/wp\/v2\/posts\/1155848\/revisions"}],"wp:featuredmedia":[{"embeddable":true,"href":"https:\/\/www.europesays.com\/de\/wp-json\/wp\/v2\/media\/1155849"}],"wp:attachment":[{"href":"https:\/\/www.europesays.com\/de\/wp-json\/wp\/v2\/media?parent=1155848"}],"wp:term":[{"taxonomy":"category","embeddable":true,"href":"https:\/\/www.europesays.com\/de\/wp-json\/wp\/v2\/categories?post=1155848"},{"taxonomy":"post_tag","embeddable":true,"href":"https:\/\/www.europesays.com\/de\/wp-json\/wp\/v2\/tags?post=1155848"}],"curies":[{"name":"wp","href":"https:\/\/api.w.org\/{rel}","templated":true}]}}