{"id":1156040,"date":"2026-07-10T06:22:16","date_gmt":"2026-07-10T06:22:16","guid":{"rendered":"https:\/\/www.europesays.com\/de\/1156040\/"},"modified":"2026-07-10T06:22:16","modified_gmt":"2026-07-10T06:22:16","slug":"war-kai-wegner-beim-blackout-gar-nicht-in-berlin-das-sagen-seine-objektschuetzer-politik","status":"publish","type":"post","link":"https:\/\/www.europesays.com\/de\/1156040\/","title":{"rendered":"War Kai Wegner beim Blackout gar nicht in Berlin? Das sagen seine Objektsch\u00fctzer! | Politik"},"content":{"rendered":"<p><a class=\"skip-content skip-content--link\" href=\"#in-content-skip-link-target-v-0-0\">TTS-Player \u00fcberspringen\u21b5<\/a><a id=\"in-content-skip-link-target-v-0-0\" class=\"skip-content--target-link-hidden skip-content skip-content--target-link\" href=\"#in-content-skip-link-target-v-0-0\">Artikel weiterlesen<\/a><\/p>\n<p data-83f060b9=\"0-2222\">Berlin \u2013 <b>Ist an diesem Ger\u00fccht etwas dran? Berlins Regierender B\u00fcrgermeister Kai Wegner (CDU) soll beim Mega-Stromausfall Anfang Januar gar nicht in Berlin gewesen sein. Ostsee, Werder, Sylt, Spreewald \u2013 diese Ortsnamen wabern durch Berlin. Doch nun widerspricht die Polizei der Unterstellung. Polizeivizesprecher J\u00f6rn \u00d6ffel\u00e4nder best\u00e4tigte BILD, dass Wegner zu Hause war \u2013 bis auf die bekannte Stunde beim Tennis und Gassigehen. \u201eDas haben die Objektsch\u00fctzer, die tags\u00fcber vor seinem Haus standen, versichert\u201c, so \u00d6ffel\u00e4nder.<\/b><\/p>\n<p data-83f060b9=\"0-2222\">Am Vormittag des ersten <a href=\"https:\/\/www.bild.de\/regional\/berlin\/expertenurteil-berlin-ist-auf-katastrophen-kaum-vorbereitet-6a4ba0e71cbe5f3a786a88f3\" class=\"text-link\" rel=\"nofollow noopener\" target=\"_blank\">Blackout-Samstags<\/a><b> <\/b>hatte Wegner nicht telefoniert, sondern nur Textnachrichten auf dem Handy verschickt. Das hatte er in Interviews aber zun\u00e4chst anders dargestellt, was bundesweit f\u00fcr Emp\u00f6rung sorgte. Im M\u00e4rz korrigierte sich Wegner in BILD. Erst am Mittag des 3. Januar habe er auch in Telefongespr\u00e4chen konferiert \u2013 nachdem so langsam die Dimensionen der betroffenen Haushalte und die Dauer des Stromausfalls deutlich wurden. <\/p>\n<p data-83f060b9=\"0-2222\">Trotzdem sorgen die Textnachrichten jetzt \u2013 obwohl bekannt \u2013 f\u00fcr R\u00fccktrittsforderungen. An der Basis werden Unterschriften unter einem offenen Brief gegen Kai Wegner gesammelt. Darin wird er zum Doppel-Verzicht auf B\u00fcrgermeisteramt und Spitzenkandidatur aufgefordert. Zu den Unterzeichnern z\u00e4hlen Thorsten Alsleben (<a href=\"https:\/\/www.bild.de\/politik\/inland\/deutschland-steuert-bei-der-rente-auf-den-kollaps-zu-dramatische-zahlen-6a295b95fbd55a72ddb563b8\" class=\"text-link\" rel=\"nofollow noopener\" target=\"_blank\">Initiative Neue Soziale Marktwirtschaft<\/a>), Christian Miele (Unternehmer), Michael von Foerster (Verband der deutschen Rauchtabakindustrie), Christof Hasenburg (Schatzmeister CDU Dahlem). <\/p>\n<p>Offener Brief fordert Wegners R\u00fcckzug<\/p>\n<p data-83f060b9=\"0-2222\">Entscheidend wird f\u00fcr Wegner heute eine Krisen-Sitzung mit den zw\u00f6lf Kreisvorsitzenden ab 18.30 Uhr. Obwohl es Unruhe wegen der schlechten Umfragewerte f\u00fcr die Hauptstadt-CDU gibt (CDU rutschte ab auf 17 Prozent), sieht es nicht nach einer Mehrheit f\u00fcr einen Putsch aus. Vor allem, weil es so kurz vor der Berlin-Wahl (20. September) keine Alternative gibt. <\/p>\n<p>Mehr zum Thema<\/p>\n<p data-83f060b9=\"0-2222\">Zwar w\u00e4re ein Austausch formal nach dem Wahlrecht noch m\u00f6glich \u2013 und zwar dann, wenn der neue Spitzenkandidat bereits als Abgeordneter kandidiert. Zu erwarten ist aber eher, dass sich die CDU-Spitze zusammenrauft, damit Berlin bei der n\u00e4chsten Wahl nicht nach links abdriftet. Denn zuletzt f\u00fchrten <a href=\"https:\/\/www.bild.de\/politik\/umfrage-schock-in-berlin-wegners-cdu-nur-noch-auf-platz4-linke-vorn-6a453ba9f9d50e353198947a\" class=\"text-link\" rel=\"nofollow noopener\" target=\"_blank\">Linke und Gr\u00fcne im Umfrage-Ranking.<\/a><\/p>\n","protected":false},"excerpt":{"rendered":"TTS-Player \u00fcberspringen\u21b5Artikel weiterlesen Berlin \u2013 Ist an diesem Ger\u00fccht etwas dran? Berlins Regierender B\u00fcrgermeister Kai Wegner (CDU) soll&hellip;\n","protected":false},"author":2,"featured_media":1156041,"comment_status":"","ping_status":"","sticky":false,"template":"","format":"standard","meta":{"footnotes":"","_share_on_mastodon":"0"},"categories":[1825],"tags":[296,31,29,30,121,5667,138370,72535],"class_list":["post-1156040","post","type-post","status-publish","format-standard","has-post-thumbnail","category-berlin","tag-berlin","tag-cdu","tag-deutschland","tag-germany","tag-polizei","tag-stromausfall","tag-team-first","tag-wegner-kai"],"share_on_mastodon":{"url":"https:\/\/pubeurope.com\/@de\/116894246314482389","error":""},"_links":{"self":[{"href":"https:\/\/www.europesays.com\/de\/wp-json\/wp\/v2\/posts\/1156040","targetHints":{"allow":["GET"]}}],"collection":[{"href":"https:\/\/www.europesays.com\/de\/wp-json\/wp\/v2\/posts"}],"about":[{"href":"https:\/\/www.europesays.com\/de\/wp-json\/wp\/v2\/types\/post"}],"author":[{"embeddable":true,"href":"https:\/\/www.europesays.com\/de\/wp-json\/wp\/v2\/users\/2"}],"replies":[{"embeddable":true,"href":"https:\/\/www.europesays.com\/de\/wp-json\/wp\/v2\/comments?post=1156040"}],"version-history":[{"count":0,"href":"https:\/\/www.europesays.com\/de\/wp-json\/wp\/v2\/posts\/1156040\/revisions"}],"wp:featuredmedia":[{"embeddable":true,"href":"https:\/\/www.europesays.com\/de\/wp-json\/wp\/v2\/media\/1156041"}],"wp:attachment":[{"href":"https:\/\/www.europesays.com\/de\/wp-json\/wp\/v2\/media?parent=1156040"}],"wp:term":[{"taxonomy":"category","embeddable":true,"href":"https:\/\/www.europesays.com\/de\/wp-json\/wp\/v2\/categories?post=1156040"},{"taxonomy":"post_tag","embeddable":true,"href":"https:\/\/www.europesays.com\/de\/wp-json\/wp\/v2\/tags?post=1156040"}],"curies":[{"name":"wp","href":"https:\/\/api.w.org\/{rel}","templated":true}]}}