{"id":115610,"date":"2025-05-16T16:52:08","date_gmt":"2025-05-16T16:52:08","guid":{"rendered":"https:\/\/www.europesays.com\/de\/115610\/"},"modified":"2025-05-16T16:52:08","modified_gmt":"2025-05-16T16:52:08","slug":"world-press-photo-entzieht-nick-ut-anerkennung-fuer-napalm-girl","status":"publish","type":"post","link":"https:\/\/www.europesays.com\/de\/115610\/","title":{"rendered":"World Press Photo entzieht Nick Ut Anerkennung f\u00fcr &#8222;Napalm Girl&#8220;"},"content":{"rendered":"<p>Die <a href=\"https:\/\/www.worldpressphoto.org\/media-center\/media-release\/2025\/authorship-attribution-suspended-for-the-terror-of-war\" rel=\"external noopener\" target=\"_blank\">World Press Photo Foundation<\/a> setzt die Namensnennung des Fotografen Nick Ut als Urheber f\u00fcr eines der bekanntesten und ikonischsten Kriegsfotos der Geschichte vorerst aus. Wie die Organisation <a href=\"http:\/\/www.worldpressphoto.org\/getmedia\/9a412bbd-5173-4b9d-bec6-0882ec71f2b6\/WPP_2025_The-Terror-of-War_summary-of-investigative-analysis.pdf\" rel=\"external noopener\" target=\"_blank\">mitteilt<\/a> (PDF), haben neue Untersuchungen erhebliche Zweifel daran aufkommen lassen, ob Ut tats\u00e4chlich das ber\u00fchmte &#8222;Napalm Girl&#8220;-Foto aus dem Vietnamkrieg aufgenommen hat.<\/p>\n<p>Ausl\u00f6ser f\u00fcr diese Entscheidung ist nach Angaben von World Press Photo der Dokumentarfilm &#8222;The Stringer&#8220;, der Anfang 2025 beim Sundance Film Festival gezeigt wurde. Der Film legt nahe, dass der vietnamesische freiberufliche Fotograf Nguyen Thanh Nghe das Foto aufgenommen hat.<\/p>\n<p>    <img loading=\"lazy\" decoding=\"async\" alt=\"\" height=\"2000\" src=\"data:image\/svg+xml,%3Csvg xmlns='http:\/\/www.w3.org\/2000\/svg' width='696px' height='391px' viewBox='0 0 696 391'%3E%3Crect x='0' y='0' width='696' height='391' fill='%23f2f2f2'%3E%3C\/rect%3E%3C\/svg%3E\" style=\"aspect-ratio: 1414 \/ 2000; object-fit: cover;\" width=\"1414\"\/><\/p>\n<p>Die Nachrichtenagentur Associated Press (AP), f\u00fcr die Nick Ut damals t\u00e4tig war, hat daraufhin eine umfassende <a href=\"https:\/\/www.ap.org\/wp-content\/uploads\/2025\/05\/TerrorOfWarReportUpdate_May2025.pdf\" rel=\"external noopener\" target=\"_blank\">Untersuchung durchgef\u00fchrt<\/a> (PDF). Die technische Analyse der AP ergab, dass das Foto wahrscheinlich mit einer Pentax-Kamera aufgenommen wurde \u2013 und nicht, wie bisher angenommen, mit einer Leica. Dieses Ergebnis st\u00fctzt die Version von Nghe, der angibt, eine Pentax benutzt zu haben.<\/p>\n<p>Allerdings wird in zuvor unbekanntem Filmmaterial des US-Senders NBC ein weiterer m\u00f6glicher Urheber sichtbar: der vietnamesische Milit\u00e4rfotograf Huynh Cong Phuc. Er ist in den Aufnahmen sehr nah an der Position zu erkennen, von der aus das ber\u00fchmte Foto aufgenommen wurde.<\/p>\n<p>        c&#8217;t Fotografie Zoom In abonnierenc&#8217;t Fotografie Zoom In abonnieren<\/p>\n<p class=\"text-base\">Ihr Newsletter mit exklusiven Foto-Tipps, spannenden News, Profi-Einblicken und Inspirationen \u2013 jeden Samstag neu.<\/p>\n<p>E-Mail-Adresse<\/p>\n<p id=\"input-email-help\" class=\"text-sm leading-5 text-gray-400 mb-0\">Ausf\u00fchrliche Informationen zum Versandverfahren und zu Ihren Widerrufsm\u00f6glichkeiten erhalten Sie in unserer <a href=\"https:\/\/www.heise.de\/Datenschutzerklaerung-der-Heise-Medien-GmbH-Co-KG-4860.html#datenschutz-newsletter\" data-google-interstitial=\"false\" class=\"underline\" target=\"_blank\" rel=\"noopener\">Datenschutzerkl\u00e4rung<\/a>.<\/p>\n<p>Widerspr\u00fcche im Film<\/p>\n<p>Die AP-Untersuchung deckt auch Widerspr\u00fcche in der Darstellung des Films &#8222;The Stringer&#8220; auf. Der Film behauptet beispielsweise, nur Nghe sei zum Zeitpunkt der Aufnahme an der richtigen Position gewesen. Das NBC-Material widerlegt diese Darstellung.<\/p>\n<p>Laut AP-Analyse ist auch die Entfernung zwischen der Fotoposition und einer sp\u00e4ter im Film gezeigten Person, bei der es sich potenziell um Nick Ut handelt, deutlich geringer als im Film angegeben, n\u00e4mlich etwa 30 bis 50 Meter statt der behaupteten 60 Meter.<\/p>\n<p>Nick Ut hat gegen\u00fcber AP best\u00e4tigt, dass er neben seinen bekannten Leica- und Nikon-Kameras auch eine Pentax bei sich f\u00fchrte \u2013 ein Erbst\u00fcck seines im Krieg gefallenen Bruders. Diese Angabe best\u00e4tigt seine Schw\u00e4gerin in einem AP-Interview.<\/p>\n<p>Die Authentizit\u00e4t des Fotos selbst steht nicht infrage. Auch die Bedeutung des Bildes f\u00fcr die Kriegsberichterstattung bleibt unbestritten. Das Foto zeigt das neunj\u00e4hrige M\u00e4dchen Phan Thi Kim Phuc, das nach einem Napalm-Angriff nackt und schreiend eine Stra\u00dfe entlangl\u00e4uft.<\/p>\n<p>&#8222;Da keine eindeutigen Schl\u00fcsse m\u00f6glich sind, setzen wir die Nennung des Urhebers aus, bis ein schl\u00fcssiger Beweis f\u00fcr die Urheberschaft vorliegt&#8220;, erkl\u00e4rt World Press Photo in seinem Untersuchungsbericht.<\/p>\n<p>Kim Phuc selbst weist die neuen Vorw\u00fcrfe zur\u00fcck. In einer Stellungnahme an AP bezeichnet sie die Behauptungen als &#8222;falsch&#8220; und verweist auf Augenzeugenberichte, die Nick Ut als Fotografen best\u00e4tigen.<\/p>\n<p>(<a class=\"redakteurskuerzel__link\" href=\"https:\/\/www.heise.de\/news\/mailto:tho@heise.de\" title=\"Thomas Hoffmann\" target=\"_blank\" rel=\"noopener\">tho<\/a>)<\/p>\n<p>\n      Dieser Link ist leider nicht mehr g\u00fcltig.\n    <\/p>\n<p>Links zu verschenkten Artikeln werden ung\u00fcltig,<br \/>\n      wenn diese \u00e4lter als 7\u00a0Tage sind oder zu oft aufgerufen wurden.\n    <\/p>\n<p><strong>Sie ben\u00f6tigen ein heise+ Paket, um diesen Artikel zu lesen. Jetzt eine Woche unverbindlich testen \u2013 ohne Verpflichtung!<\/strong><\/p>\n","protected":false},"excerpt":{"rendered":"Die World Press Photo Foundation setzt die Namensnennung des Fotografen Nick Ut als Urheber f\u00fcr eines der bekanntesten&hellip;\n","protected":false},"author":2,"featured_media":115611,"comment_status":"","ping_status":"","sticky":false,"template":"","format":"standard","meta":{"footnotes":""},"categories":[1775],"tags":[1793,29,214,1885,30,1794,44758,44759,215,44760,7481],"class_list":{"0":"post-115610","1":"post","2":"type-post","3":"status-publish","4":"format-standard","5":"has-post-thumbnail","7":"category-kunst-und-design","8":"tag-art-and-design","9":"tag-deutschland","10":"tag-entertainment","11":"tag-fotografie","12":"tag-germany","13":"tag-kunst-und-design","14":"tag-napalm-maedchen","15":"tag-nick-ut","16":"tag-unterhaltung","17":"tag-vietnamkrieg","18":"tag-world-press-photo"},"share_on_mastodon":{"url":"https:\/\/pubeurope.com\/@de\/114518553216793009","error":""},"_links":{"self":[{"href":"https:\/\/www.europesays.com\/de\/wp-json\/wp\/v2\/posts\/115610","targetHints":{"allow":["GET"]}}],"collection":[{"href":"https:\/\/www.europesays.com\/de\/wp-json\/wp\/v2\/posts"}],"about":[{"href":"https:\/\/www.europesays.com\/de\/wp-json\/wp\/v2\/types\/post"}],"author":[{"embeddable":true,"href":"https:\/\/www.europesays.com\/de\/wp-json\/wp\/v2\/users\/2"}],"replies":[{"embeddable":true,"href":"https:\/\/www.europesays.com\/de\/wp-json\/wp\/v2\/comments?post=115610"}],"version-history":[{"count":0,"href":"https:\/\/www.europesays.com\/de\/wp-json\/wp\/v2\/posts\/115610\/revisions"}],"wp:featuredmedia":[{"embeddable":true,"href":"https:\/\/www.europesays.com\/de\/wp-json\/wp\/v2\/media\/115611"}],"wp:attachment":[{"href":"https:\/\/www.europesays.com\/de\/wp-json\/wp\/v2\/media?parent=115610"}],"wp:term":[{"taxonomy":"category","embeddable":true,"href":"https:\/\/www.europesays.com\/de\/wp-json\/wp\/v2\/categories?post=115610"},{"taxonomy":"post_tag","embeddable":true,"href":"https:\/\/www.europesays.com\/de\/wp-json\/wp\/v2\/tags?post=115610"}],"curies":[{"name":"wp","href":"https:\/\/api.w.org\/{rel}","templated":true}]}}