{"id":1156200,"date":"2026-07-10T08:02:24","date_gmt":"2026-07-10T08:02:24","guid":{"rendered":"https:\/\/www.europesays.com\/de\/1156200\/"},"modified":"2026-07-10T08:02:24","modified_gmt":"2026-07-10T08:02:24","slug":"pietro-lombardi-dsds-star-laesst-vierstellige-summe-im-flieger-liegen","status":"publish","type":"post","link":"https:\/\/www.europesays.com\/de\/1156200\/","title":{"rendered":"Pietro Lombardi: DSDS-Star l\u00e4sst vierstellige Summe im Flieger liegen"},"content":{"rendered":"<p>Der Anruf kam im Flugzeug <\/p>\n<p>Pietro Lombardis Sohn Alessio verletzt<\/p>\n<p>10.07.2026 &#8211; 08:39 UhrLesedauer: 2 Min.<\/p>\n<p><a href=\"#focus-0\" class=\"transition-colors block text-current relative\" data-sctrack=\"FocusGalleryImage.Reference\"><img fetchpriority=\"high\" data-testid=\"Opener.Image\"   loading=\"eager\" src=\"https:\/\/www.europesays.com\/de\/wp-content\/uploads\/2026\/07\/pietro-lombardi-der-saenger-aeussert-sich-zu-bushidos-trennung.jpg\" alt=\"Pietro Lombardi: Der S\u00e4nger gewann 2011 die RTL-Show &quot;Deutschland sucht den Superstar&quot;.\" title=\"Pietro Lombardi: Der S\u00e4nger gewann 2011 die RTL-Show &quot;Deutschland sucht den Superstar&quot;.\" width=\"4000\" height=\"2250\" class=\"bg-[url:var(--lqipURL)] bg-cover bg-center flex h-full w-full max-w-full\" style=\"--lqipURL:url('https:\/\/images.t-online.de\/2023\/04\/-2UkLlkvos-2\/0x208:4000x2250\/fit-in\/150x0\/filters:blur(25)\/pietro-lombardi-der-saenger-aeussert-sich-zu-bushidos-trennung.jpg')\" decoding=\"async\"\/><img loading=\"lazy\" src=\"https:\/\/www.t-online.de\/s\/paper\/_next\/static\/media\/zoom-in.f7dae02f.svg\" alt=\"Vergr\u00f6\u00dfern des Bildes\" title=\"Vergr\u00f6\u00dfern des Bildes\" class=\"block h-[calc(var(--height)_\/_16_*_1rem)] w-[calc(var(--width)_\/_16_*_1rem)] max-w-none absolute right-8 bottom-8 rounded-4 bg-snow p-8\" style=\"--width:32;--height:32\" decoding=\"async\"\/><\/a><\/p>\n<p>Pietro Lombardi: Der S\u00e4nger gewann 2011 die RTL-Show &#8222;Deutschland sucht den Superstar&#8220;. (Quelle: IMAGO\/Christoph Hardt)<\/p>\n<p><img loading=\"lazy\" src=\"https:\/\/www.t-online.de\/s\/paper\/_next\/static\/media\/audio-volume.6689034c.svg\" alt=\"\" title=\"\" class=\"block h-[calc(var(--height)_\/_16_*_1rem)] w-[calc(var(--width)_\/_16_*_1rem)] max-w-none group-hover:brightness-0 group-hover:invert\" style=\"--width:16;--height:16\" decoding=\"async\"\/>Vorlesen<\/p>\n<p>Aktuelle Zeit:0:00Gesamtdauer:0:00<\/p>\n<p>1x<\/p>\n<p class=\"text-center\">Jetzt neu bei t-online:<\/p>\n<p class=\"text-center\">Schriftgr\u00f6\u00dfe anpassen!<\/p>\n<p><img loading=\"lazy\" src=\"https:\/\/www.t-online.de\/s\/paper\/_next\/static\/media\/font-sizes.32942e33.svg\" alt=\"\" title=\"\" class=\"block h-[calc(var(--height)_\/_16_*_1rem)] w-[calc(var(--width)_\/_16_*_1rem)] max-w-none group-hover:hidden group-aria-expanded:hidden\" style=\"--width:16;--height:16\" decoding=\"async\"\/><img loading=\"lazy\" src=\"https:\/\/www.t-online.de\/s\/paper\/_next\/static\/media\/font-sizes-dark-mode.e382645c.svg\" alt=\"\" title=\"\" class=\"block h-[calc(var(--height)_\/_16_*_1rem)] w-[calc(var(--width)_\/_16_*_1rem)] max-w-none hidden group-hover:block group-aria-expanded:block\" style=\"--width:16;--height:16\" decoding=\"async\"\/><img loading=\"lazy\" src=\"https:\/\/www.t-online.de\/s\/paper\/_next\/static\/media\/sharing-menu-icon.1eb71368.svg\" alt=\"\" title=\"\" class=\"block h-[calc(var(--height)_\/_16_*_1rem)] w-[calc(var(--width)_\/_16_*_1rem)] max-w-none group-hover:brightness-0 group-hover:invert\" style=\"--width:16;--height:16\" decoding=\"async\"\/>Artikel teilen<\/p>\n<p class=\"font-bold text-18 leading-17 user-text-lg:text-22 user-text-xl:text-24\">Ein Aufenthalt auf Mallorca beginnt f\u00fcr Pietro Lombardi mit einer Panne. Erst nach der Ankunft bemerkt der S\u00e4nger das Missgeschick.<\/p>\n<p class=\"text-18 leading-17 user-text-lg:text-22 user-text-xl:text-24\">F\u00fcr <a href=\"https:\/\/www.t-online.de\/themen\/pietro-lombardi\/\" class=\"transition-colors cursor-pointer no-underline md:hover:text-magenta md:focus:text-magenta border-b border-solid border-current text-salemsfur md:hover:border-magenta\" data-tracking=\"{&quot;action&quot;:&quot;click&quot;,&quot;category&quot;:&quot;intextLink&quot;,&quot;label&quot;:&quot;\/themen\/pietro-lombardi\/&quot;}\" data-sctrack=\"BodyAnchor\" rel=\"nofollow noopener\" target=\"_blank\">Pietro Lombardi<\/a> entwickelte sich ein eigentlich routinem\u00e4\u00dfiger Mallorca-Trip unerwartet zu einer Serie unangenehmer Zwischenf\u00e4lle. Gleich mehrere Ereignisse sorgten daf\u00fcr, dass die Reise anders verlief als geplant. Wie der 34-J\u00e4hrige im Podcast &#8222;Patchwork Boys&#8220; seinem Co-Host <a href=\"https:\/\/www.t-online.de\/themen\/oliver-pocher\/\" class=\"transition-colors cursor-pointer no-underline md:hover:text-magenta md:focus:text-magenta border-b border-solid border-current text-salemsfur md:hover:border-magenta\" data-tracking=\"{&quot;action&quot;:&quot;click&quot;,&quot;category&quot;:&quot;intextLink&quot;,&quot;label&quot;:&quot;\/themen\/oliver-pocher\/&quot;}\" data-sctrack=\"BodyAnchor\" rel=\"nofollow noopener\" target=\"_blank\">Oliver Pocher<\/a> erz\u00e4hlt hat, verga\u00df er 3.000 Euro sowie seinen Ausweis, seine Bankkarten und weitere wichtige Dokumente im Flugzeug.<\/p>\n<p class=\"text-18 leading-17 user-text-lg:text-22 user-text-xl:text-24\">Demnach hatte Lombardi alles in einer Bauchtasche verstaut, die er w\u00e4hrend des Flugs jedoch von der Brust genommen und im Fu\u00dfraum abgelegt hatte. Beim Aussteigen dachte er nicht mehr daran, sie mitzunehmen. Ein Missgeschick, das sich laut Pocher wiederholt: &#8222;Nicht das erste Mal. Mein kleiner Freund. Wie viel war diesmal drin?&#8220;, reagiert er. Lombardi nennt ihm die Summe, die Pocher zu einem Kommentar verleitet: &#8222;Du hast mehr Geld als jeder Geldautomat.&#8220;<\/p>\n<ul class=\"text-18 leading-17 block pl-24 *:pb-16 *:before:inline-block *:before:size-8 *:before:bg-magenta *:before:mt-0 *:before:mr-12 *:before:mb-2 *:before:-ml-[20px]\">\n<li><strong class=\"font-bold\">Sie wurde nur 31 Jahre alt:<\/strong> <a href=\"https:\/\/www.t-online.de\/unterhaltung\/stars\/id_101302090\/pietro-lombardi-trauert-um-seine-cousine.html\" class=\"transition-colors cursor-pointer no-underline md:hover:text-magenta md:focus:text-magenta border-b border-solid border-current text-salemsfur md:hover:border-magenta\" data-tracking=\"{&quot;action&quot;:&quot;click&quot;,&quot;category&quot;:&quot;intextLink&quot;,&quot;label&quot;:&quot;\/unterhaltung\/stars\/id_101302090\/pietro-lombardi-trauert-um-seine-cousine.html&quot;}\" data-sctrack=\"BodyAnchor\" rel=\"nofollow noopener\" target=\"_blank\">Pietro Lombardi trauert um seine Cousine<\/a><\/li>\n<\/ul>\n<p class=\"text-18 leading-17 user-text-lg:text-22 user-text-xl:text-24\">Dass er seine Tasche zur\u00fccklie\u00df, bemerkte Lombardi erst, nachdem er bereits zum Veranstaltungsort Megapark gefahren war, wo er regelm\u00e4\u00dfig auftritt. Auf Pochers Hinweis: &#8222;Du hast nicht gemerkt, dass du eine Bauchtasche mit 3.000 Euro einfach im Flieger gelassen hast. Das ist dir eine Stunde nicht aufgefallen&#8220;, findet Lomardi keine Erkl\u00e4rung.<\/p>\n<p class=\"text-18 leading-17 user-text-lg:text-22 user-text-xl:text-24\">Wie er berichtet, hatte er jedoch Gl\u00fcck im Ungl\u00fcck. Sein Management habe einen Anruf mit der guten Nachricht erhalten, dass das Flugpersonal die Bauchtasche gefunden habe. Man habe ihn aufgrund der enthaltenen Dokumente zuordnen k\u00f6nnen. &#8222;Die haben sie direkt zum Fundb\u00fcro nach <a href=\"https:\/\/www.t-online.de\/themen\/mallorca\/\" class=\"transition-colors cursor-pointer no-underline md:hover:text-magenta md:focus:text-magenta border-b border-solid border-current text-salemsfur md:hover:border-magenta\" data-tracking=\"{&quot;action&quot;:&quot;click&quot;,&quot;category&quot;:&quot;intextLink&quot;,&quot;label&quot;:&quot;\/themen\/mallorca\/&quot;}\" data-sctrack=\"BodyAnchor\" rel=\"nofollow noopener\" target=\"_blank\">Mallorca<\/a> gebracht&#8220;, erz\u00e4hlt Lombardi.<\/p>\n<p class=\"text-18 leading-17 user-text-lg:text-22 user-text-xl:text-24\">Dabei besch\u00e4ftigte ihn nach eigener Aussage nicht in erster Linie das Bargeld. &#8222;Wenn ich mich entscheiden m\u00fcsste zwischen 3.000 Euro weg oder Ausweis, Versicherungskarten und alles neu machen \u2013 dann w\u00fcrde ich sagen: Okay, tut weh, aber lieber das Geld weg.&#8220;<\/p>\n<p><img loading=\"lazy\" src=\"https:\/\/www.t-online.de\/s\/paper\/_next\/static\/media\/video-carousel-play.6f25714b.svg\" alt=\"\" title=\"\" class=\"block h-[calc(var(--height)_\/_16_*_1rem)] w-[calc(var(--width)_\/_16_*_1rem)] max-w-none undefined\" style=\"--height:12\" decoding=\"async\"\/><\/p>\n<p>Sohn Alessio verletzt<\/p>\n<p class=\"text-18 leading-17 user-text-lg:text-22 user-text-xl:text-24\">Auch der R\u00fcckflug verlief nicht ohne Aufregung. Er berichtet: &#8222;Dann kriege ich im Flieger noch einen FaceTime-Anruf. Von Alessio im Krankenhaus.&#8220; Sein elfj\u00e4hriger Sohn, den er aus seiner fr\u00fcheren Ehe mit S\u00e4ngerin <a href=\"https:\/\/www.t-online.de\/themen\/sarah-engels\/\" class=\"transition-colors cursor-pointer no-underline md:hover:text-magenta md:focus:text-magenta border-b border-solid border-current text-salemsfur md:hover:border-magenta\" data-tracking=\"{&quot;action&quot;:&quot;click&quot;,&quot;category&quot;:&quot;intextLink&quot;,&quot;label&quot;:&quot;\/themen\/sarah-engels\/&quot;}\" data-sctrack=\"BodyAnchor\" rel=\"nofollow noopener\" target=\"_blank\">Sarah Engels<\/a> hat, hatte sich beim Fu\u00dfball am Arm verletzt. Mit Blick auf den bevorstehenden Sommerurlaub sagte der S\u00e4nger: &#8222;Ey, wie kann das sein? Wir gehen machen jetzt bald Sommerferienurlaub mit Gips und so. Katastrophal. Beschissen. Horror.&#8220;<\/p>\n<p class=\"text-18 leading-17 user-text-lg:text-22 user-text-xl:text-24\">Nach den Untersuchungen stellte sich jedoch heraus, dass Alessio einen Haarriss erlitten hatte und eine Schiene statt eines Gipses trage. Lombardi zeigt sich deshalb vorsichtig optimistisch: &#8222;Ich habe vielleicht Gl\u00fcck, weil es in drei Wochen geheilt sein k\u00f6nnte und dann kann er wenigstens ins Wasser.&#8220;<\/p>\n","protected":false},"excerpt":{"rendered":"Der Anruf kam im Flugzeug Pietro Lombardis Sohn Alessio verletzt 10.07.2026 &#8211; 08:39 UhrLesedauer: 2 Min. Pietro Lombardi:&hellip;\n","protected":false},"author":2,"featured_media":1156201,"comment_status":"","ping_status":"","sticky":false,"template":"","format":"standard","meta":{"footnotes":"","_share_on_mastodon":"0"},"categories":[155],"tags":[29,11704,214,30,34379,11970,640,215],"class_list":["post-1156200","post","type-post","status-publish","format-standard","has-post-thumbnail","category-unterhaltung","tag-deutschland","tag-dsds","tag-entertainment","tag-germany","tag-oliver-pocher","tag-pietro-lombardi","tag-rtl","tag-unterhaltung"],"share_on_mastodon":{"url":"https:\/\/pubeurope.com\/@de\/116894641801418808","error":""},"_links":{"self":[{"href":"https:\/\/www.europesays.com\/de\/wp-json\/wp\/v2\/posts\/1156200","targetHints":{"allow":["GET"]}}],"collection":[{"href":"https:\/\/www.europesays.com\/de\/wp-json\/wp\/v2\/posts"}],"about":[{"href":"https:\/\/www.europesays.com\/de\/wp-json\/wp\/v2\/types\/post"}],"author":[{"embeddable":true,"href":"https:\/\/www.europesays.com\/de\/wp-json\/wp\/v2\/users\/2"}],"replies":[{"embeddable":true,"href":"https:\/\/www.europesays.com\/de\/wp-json\/wp\/v2\/comments?post=1156200"}],"version-history":[{"count":0,"href":"https:\/\/www.europesays.com\/de\/wp-json\/wp\/v2\/posts\/1156200\/revisions"}],"wp:featuredmedia":[{"embeddable":true,"href":"https:\/\/www.europesays.com\/de\/wp-json\/wp\/v2\/media\/1156201"}],"wp:attachment":[{"href":"https:\/\/www.europesays.com\/de\/wp-json\/wp\/v2\/media?parent=1156200"}],"wp:term":[{"taxonomy":"category","embeddable":true,"href":"https:\/\/www.europesays.com\/de\/wp-json\/wp\/v2\/categories?post=1156200"},{"taxonomy":"post_tag","embeddable":true,"href":"https:\/\/www.europesays.com\/de\/wp-json\/wp\/v2\/tags?post=1156200"}],"curies":[{"name":"wp","href":"https:\/\/api.w.org\/{rel}","templated":true}]}}