{"id":1156240,"date":"2026-07-10T08:26:22","date_gmt":"2026-07-10T08:26:22","guid":{"rendered":"https:\/\/www.europesays.com\/de\/1156240\/"},"modified":"2026-07-10T08:26:22","modified_gmt":"2026-07-10T08:26:22","slug":"der-kaiser-schwebt-durchs-arbeitszimmer","status":"publish","type":"post","link":"https:\/\/www.europesays.com\/de\/1156240\/","title":{"rendered":"Der Kaiser schwebt durchs Arbeitszimmer"},"content":{"rendered":"<p class=\"text_ohne_einzug richtext text-em-55 !leading-serif mx-6 desktop:mx-0\">Wenn Helmut Schwarz und seine Frau Petra den Kaiserwagen bestaunen m\u00f6chten, schauen sie nach oben. Wann immer sie wollen. Allerdings nicht ans Ger\u00fcst, sondern an die Decke. In ihrem Arbeitszimmer h\u00e4ngt ein Modell der \u201eEisernen Lady\u201c, falls man die Schwebebahn aus der Pionierzeit so bezeichnen darf. Die beiden Wuppertaler haben der WZ einen Einblick in ihren Schatz gegeben, der gar nicht so eisern ist \u2013 und sie verraten auch, warum sie den Kaiserwagen manchmal doppelt sehen.<\/p>\n","protected":false},"excerpt":{"rendered":"Wenn Helmut Schwarz und seine Frau Petra den Kaiserwagen bestaunen m\u00f6chten, schauen sie nach oben. Wann immer sie&hellip;\n","protected":false},"author":2,"featured_media":1156241,"comment_status":"","ping_status":"","sticky":false,"template":"","format":"standard","meta":{"footnotes":"","_share_on_mastodon":"0"},"categories":[1840],"tags":[156212,242609,3364,10298,29,11500,16373,30,65453,78831,9747,106731,38039,1209,7964,40111,17128,242608,24134,4418],"class_list":["post-1156240","post","type-post","status-publish","format-standard","has-post-thumbnail","category-wuppertal","tag-arbeitszimmer","tag-aufgehaengt","tag-de","tag-decke","tag-deutschland","tag-ecke","tag-elberfeld","tag-germany","tag-haengt","tag-helmut","tag-kaiser","tag-kaiserwagen","tag-modell","tag-nordrhein-westfalen","tag-petra","tag-schwarz","tag-schwebebahn","tag-schwebebahngeruest","tag-wagen","tag-wuppertal"],"share_on_mastodon":{"url":"","error":""},"_links":{"self":[{"href":"https:\/\/www.europesays.com\/de\/wp-json\/wp\/v2\/posts\/1156240","targetHints":{"allow":["GET"]}}],"collection":[{"href":"https:\/\/www.europesays.com\/de\/wp-json\/wp\/v2\/posts"}],"about":[{"href":"https:\/\/www.europesays.com\/de\/wp-json\/wp\/v2\/types\/post"}],"author":[{"embeddable":true,"href":"https:\/\/www.europesays.com\/de\/wp-json\/wp\/v2\/users\/2"}],"replies":[{"embeddable":true,"href":"https:\/\/www.europesays.com\/de\/wp-json\/wp\/v2\/comments?post=1156240"}],"version-history":[{"count":0,"href":"https:\/\/www.europesays.com\/de\/wp-json\/wp\/v2\/posts\/1156240\/revisions"}],"wp:featuredmedia":[{"embeddable":true,"href":"https:\/\/www.europesays.com\/de\/wp-json\/wp\/v2\/media\/1156241"}],"wp:attachment":[{"href":"https:\/\/www.europesays.com\/de\/wp-json\/wp\/v2\/media?parent=1156240"}],"wp:term":[{"taxonomy":"category","embeddable":true,"href":"https:\/\/www.europesays.com\/de\/wp-json\/wp\/v2\/categories?post=1156240"},{"taxonomy":"post_tag","embeddable":true,"href":"https:\/\/www.europesays.com\/de\/wp-json\/wp\/v2\/tags?post=1156240"}],"curies":[{"name":"wp","href":"https:\/\/api.w.org\/{rel}","templated":true}]}}