{"id":1156293,"date":"2026-07-10T08:56:15","date_gmt":"2026-07-10T08:56:15","guid":{"rendered":"https:\/\/www.europesays.com\/de\/1156293\/"},"modified":"2026-07-10T08:56:15","modified_gmt":"2026-07-10T08:56:15","slug":"ramaj-strebt-bvb-abgang-an","status":"publish","type":"post","link":"https:\/\/www.europesays.com\/de\/1156293\/","title":{"rendered":"Ramaj strebt BVB-Abgang an"},"content":{"rendered":"<p>Diant Ramaj k\u00f6nnte Borussia Dortmund in diesem Sommer wieder verlassen. Wie BILD berichtet, befindet sich der 24-j\u00e4hrige Torh\u00fcter auf Vereinssuche und hat bereits Gespr\u00e4che mit mehreren potenziellen Interessenten aufgenommen. Ein konkretes Angebot soll bislang allerdings noch nicht vorliegen.<\/p>\n<p>Der BVB zeigt sich dem Bericht zufolge grunds\u00e4tzlich offen f\u00fcr einen Transfer. Ausschlaggebend f\u00fcr Ramajs Wechselgedanken ist die sportliche Perspektive in Dortmund. Gregor Kobel gilt weiterhin als unumstrittene Nummer eins, zudem planen die Schwarz-Gelben hinter dem Schweizer offenbar mit Alexander Meyer und Patrick Drewes. Ramaj sieht sich hingegen nicht dauerhaft in der Rolle des Ersatzkeepers.<\/p>\n<p><b>Nummer eins als klares Ziel<\/b><\/p>\n<p>Der Schlussmann war im Februar 2025 f\u00fcr 5 Millionen Euro von Ajax Amsterdam verpflichtet worden und anschlie\u00dfend zun\u00e4chst an den FC Kopenhagen sowie in der vergangenen Saison an den 1. FC Heidenheim verliehen. Bei beiden Stationen geh\u00f6rte Ramaj jeweils zum Stammpersonal.<\/p>\n<p>Da sein Vertrag beim BVB noch bis 2029 l\u00e4uft, wird Borussia Dortmund im Falle eines Wechsels auf eine Abl\u00f6sesumme bestehen. Aktuell arbeitet Ramaj in der Sommerpause mit individuellen Trainingseinheiten an seiner Fitness, um sich f\u00fcr den n\u00e4chsten Karriereschritt bestm\u00f6glich vorzubereiten.<\/p>\n<p><\/p>\n<p>LIGAINSIDER-DURCHSCHNITTSNOTE in den letzten VIER Jahren<\/p>\n","protected":false},"excerpt":{"rendered":"Diant Ramaj k\u00f6nnte Borussia Dortmund in diesem Sommer wieder verlassen. Wie BILD berichtet, befindet sich der 24-j\u00e4hrige Torh\u00fcter&hellip;\n","protected":false},"author":2,"featured_media":1156294,"comment_status":"","ping_status":"","sticky":false,"template":"","format":"standard","meta":{"footnotes":"","_share_on_mastodon":"0"},"categories":[1833],"tags":[4808,135737,2217,888,3364,29,83287,217,347,30,15,1209,5422,265,924,11003,1288,2627,5421],"class_list":["post-1156293","post","type-post","status-publish","format-standard","has-post-thumbnail","category-dortmund","tag-1-bundesliga","tag-2026-27","tag-bilanz","tag-borussia-dortmund","tag-de","tag-deutschland","tag-diant-ramaj","tag-dortmund","tag-fussball","tag-germany","tag-news","tag-nordrhein-westfalen","tag-quote","tag-sport","tag-statistik","tag-torhueter","tag-transfers","tag-verletzungen","tag-wechsel"],"share_on_mastodon":{"url":"https:\/\/pubeurope.com\/@de\/116894852041654476","error":""},"_links":{"self":[{"href":"https:\/\/www.europesays.com\/de\/wp-json\/wp\/v2\/posts\/1156293","targetHints":{"allow":["GET"]}}],"collection":[{"href":"https:\/\/www.europesays.com\/de\/wp-json\/wp\/v2\/posts"}],"about":[{"href":"https:\/\/www.europesays.com\/de\/wp-json\/wp\/v2\/types\/post"}],"author":[{"embeddable":true,"href":"https:\/\/www.europesays.com\/de\/wp-json\/wp\/v2\/users\/2"}],"replies":[{"embeddable":true,"href":"https:\/\/www.europesays.com\/de\/wp-json\/wp\/v2\/comments?post=1156293"}],"version-history":[{"count":0,"href":"https:\/\/www.europesays.com\/de\/wp-json\/wp\/v2\/posts\/1156293\/revisions"}],"wp:featuredmedia":[{"embeddable":true,"href":"https:\/\/www.europesays.com\/de\/wp-json\/wp\/v2\/media\/1156294"}],"wp:attachment":[{"href":"https:\/\/www.europesays.com\/de\/wp-json\/wp\/v2\/media?parent=1156293"}],"wp:term":[{"taxonomy":"category","embeddable":true,"href":"https:\/\/www.europesays.com\/de\/wp-json\/wp\/v2\/categories?post=1156293"},{"taxonomy":"post_tag","embeddable":true,"href":"https:\/\/www.europesays.com\/de\/wp-json\/wp\/v2\/tags?post=1156293"}],"curies":[{"name":"wp","href":"https:\/\/api.w.org\/{rel}","templated":true}]}}