{"id":1156328,"date":"2026-07-10T09:15:20","date_gmt":"2026-07-10T09:15:20","guid":{"rendered":"https:\/\/www.europesays.com\/de\/1156328\/"},"modified":"2026-07-10T09:15:20","modified_gmt":"2026-07-10T09:15:20","slug":"schauspieler-frederick-lau-oeffnet-veganen-doener-laden-in-berlin-tageskarte","status":"publish","type":"post","link":"https:\/\/www.europesays.com\/de\/1156328\/","title":{"rendered":"Schauspieler Frederick Lau \u00f6ffnet veganen D\u00f6ner-Laden in Berlin: Tageskarte"},"content":{"rendered":"<p>Schauspieler Frederick Lau (36) will sich in der Gastronomie versuchen. Im September werde er einen veganen D\u00f6nerladen in Berlin er\u00f6ffnen, sagte er der Boulevardzeitung \u00abB.Z.\u00bb. \u00abMein Vater war Vegetarier, und somit bin auch ich quasi vegetarisch aufgewachsen.\u00bb<\/p>\n<p>\u00abDa habe ich gesagt, wir m\u00fcssen einen D\u00f6ner herstellen, der genauso schmeckt wie ein original Berliner D\u00f6ner, also nicht nach Seitan, sondern wie vom Spie\u00df. Unsere Variante wird aus Erbsenprotein hergestellt.\u00bb<\/p>\n<p>Lau ist nicht der erste Prominente, der sich neben seinem eigentlichen Beruf ein Standbein in der Gastronomie aufbauen will. Der fr\u00fchere Profifu\u00dfballer Lukas Podolski beispielsweise betreibt bereits mehrere D\u00f6nerl\u00e4den.<\/p>\n<p>Lau (\u00abChantal im M\u00e4rchenland\u00bb, \u00abGeneration Beziehungsunf\u00e4hig\u00bb) hat zwei Deutsche Filmpreise gewonnen, f\u00fcr seine Rollen in \u00abVictoria\u00bb und \u00abDie Welle\u00bb. Mit der \u00abB.Z.\u00bb sprach er auch \u00fcber seinen neuen Film &#8211; in \u00ab23.000 Leben\u00bb geht es um die Rettung gefl\u00fcchteter Menschen im Mittelmeer. (dpa)<\/p>\n<p>\u00a0<\/p>\n","protected":false},"excerpt":{"rendered":"Schauspieler Frederick Lau (36) will sich in der Gastronomie versuchen. Im September werde er einen veganen D\u00f6nerladen in&hellip;\n","protected":false},"author":2,"featured_media":1156329,"comment_status":"","ping_status":"","sticky":false,"template":"","format":"standard","meta":{"footnotes":"","_share_on_mastodon":"0"},"categories":[1825],"tags":[296,29,9655,109193,6763,30,1598,935,20055],"class_list":["post-1156328","post","type-post","status-publish","format-standard","has-post-thumbnail","category-berlin","tag-berlin","tag-deutschland","tag-doener","tag-frederick-lau","tag-gastronomie","tag-germany","tag-restaurant","tag-schauspieler","tag-vegan"],"share_on_mastodon":{"url":"https:\/\/pubeurope.com\/@de\/116894926593598502","error":""},"_links":{"self":[{"href":"https:\/\/www.europesays.com\/de\/wp-json\/wp\/v2\/posts\/1156328","targetHints":{"allow":["GET"]}}],"collection":[{"href":"https:\/\/www.europesays.com\/de\/wp-json\/wp\/v2\/posts"}],"about":[{"href":"https:\/\/www.europesays.com\/de\/wp-json\/wp\/v2\/types\/post"}],"author":[{"embeddable":true,"href":"https:\/\/www.europesays.com\/de\/wp-json\/wp\/v2\/users\/2"}],"replies":[{"embeddable":true,"href":"https:\/\/www.europesays.com\/de\/wp-json\/wp\/v2\/comments?post=1156328"}],"version-history":[{"count":0,"href":"https:\/\/www.europesays.com\/de\/wp-json\/wp\/v2\/posts\/1156328\/revisions"}],"wp:featuredmedia":[{"embeddable":true,"href":"https:\/\/www.europesays.com\/de\/wp-json\/wp\/v2\/media\/1156329"}],"wp:attachment":[{"href":"https:\/\/www.europesays.com\/de\/wp-json\/wp\/v2\/media?parent=1156328"}],"wp:term":[{"taxonomy":"category","embeddable":true,"href":"https:\/\/www.europesays.com\/de\/wp-json\/wp\/v2\/categories?post=1156328"},{"taxonomy":"post_tag","embeddable":true,"href":"https:\/\/www.europesays.com\/de\/wp-json\/wp\/v2\/tags?post=1156328"}],"curies":[{"name":"wp","href":"https:\/\/api.w.org\/{rel}","templated":true}]}}