{"id":1156367,"date":"2026-07-10T09:37:23","date_gmt":"2026-07-10T09:37:23","guid":{"rendered":"https:\/\/www.europesays.com\/de\/1156367\/"},"modified":"2026-07-10T09:37:23","modified_gmt":"2026-07-10T09:37:23","slug":"borussia-moenchengladbach-fernsehgeld-weiter-im-sinkflug","status":"publish","type":"post","link":"https:\/\/www.europesays.com\/de\/1156367\/","title":{"rendered":"Borussia M\u00f6nchengladbach: Fernsehgeld weiter im Sinkflug"},"content":{"rendered":"<p class=\"text_ohne_einzug richtext text-em-55 !leading-serif mx-6 desktop:mx-0\">Im Mai hat Borussia <a href=\"https:\/\/rp-online.de\/thema\/moenchengladbach\/\" rel=\"nofollow noopener\" target=\"_blank\">M\u00f6nchengladbach<\/a> in Sachen Fernsehgeld im Saisonendspurt einiges verspielt. Zwar brachte der Sieg gegen <a href=\"https:\/\/rp-online.de\/thema\/borussia-dortmund\/\" rel=\"nofollow noopener\" target=\"_blank\">Borussia Dortmund<\/a> (1:0) am 32. Spieltag zwischenzeitlich ein Plus von f\u00fcnf Millionen Euro, nach der 1:3-Niederlage in Augsburg eine Woche sp\u00e4ter war der m\u00f6gliche Effekt aber wieder verpufft. Da half auch der 4:0-Sieg am letzten Spieltag gegen die TSG Hoffenheim nichts mehr.<\/p>\n<p class=\"richtext text-em-55 !leading-serif mx-6 desktop:mx-0\">Grundlage f\u00fcr diese Rechenspiele ist die F\u00fcnf-Jahres-Wertung der <a href=\"https:\/\/rp-online.de\/thema\/bundesliga\/\" rel=\"nofollow noopener\" target=\"_blank\">Bundesliga<\/a>, in der Gladbach den FCA unter anderem durch die Niederlage im direkten Duell wieder an sich vorbeiziehen lie\u00df. Die Gewichtung der Spielzeiten ist dabei unterschiedlich stark: Die abgelaufene Saison z\u00e4hlt f\u00fcnffach, das Abschneiden im Jahr davor vierfach. Es geht weiter bis zur Spielzeit vor f\u00fcnf Jahren, die einfach gewertet wird.<\/p>\n<p class=\"richtext text-em-55 !leading-serif mx-6 desktop:mx-0\">Das Fernsehgeld aller Klubs setzt sich grunds\u00e4tzlich zu 50 Prozent aus einem Sockelbetrag zusammen, der f\u00fcr alle Bundesligisten gleich ist. Hinzu kommen 43 Prozent aus der S\u00e4ule \u201eLeistung\u201c, die im Wesentlichen auf der F\u00fcnf-Jahres-Wertung basiert. Jeder Platz nach oben oder nach unten macht in der Endabrechnung etwa 2,5 Millionen Euro aus \u2013 das ist zugleich der Faktor, den ein Klub mit seinem sportlichen Abschneiden am meisten beeinflussen kann.<\/p>\n<p class=\"richtext text-em-55 !leading-serif mx-6 desktop:mx-0\">Die restlichen sieben Prozent ergeben sich aus den S\u00e4ulen \u201eNachwuchs\u201c, die unter anderem Einsatzminuten von eigenen U23-Talenten ber\u00fccksichtigt, und \u201eInteresse\u201c (zum Beispiel TV-Reichweite und Mitgliederzahlen spielen dabei eine Rolle).<\/p>\n<p>Gladbach bekommt rund 2,6 Millionen Euro weniger Fernsehgeld      <\/p>\n<p class=\"richtext text-em-55 !leading-serif mx-6 desktop:mx-0\">Laut \u201eSport Bild\u201c stehen Gladbach in der Saison 2026\/27 exakt 52.339.720 Euro zu \u2013 und damit auf den ersten Blick mehr als im Vorjahr, wo rund 51 Millionen Euro an den Klub gingen. Allerdings sind bei den jetzt ver\u00f6ffentlichten Zahlen im Vergleich zum Vorjahr noch nicht die Abgaben in H\u00f6he von 7,5 Prozent ber\u00fccksichtigt, die an die neu benannte \u201eBundesliga\u201c (ehemals Deutsche Fu\u00dfball-Liga) f\u00fcr die Organisation und den Spielbetrieb abgetreten werden m\u00fcssen.<\/p>\n<p class=\"richtext text-em-55 !leading-serif mx-6 desktop:mx-0\">Zieht man die ab, erh\u00e4lt Gladbach 48,4 Millionen Euro vor Steuern \u2013 und damit rund 2,6 Millionen Euro weniger als in der Vorsaison. Besonders dramatisch ist der Liga-Vergleich, in dem Gladbach auf Rang elf liegt. Denn von allen Vereinen, die in den vergangenen f\u00fcnf Jahren dauerhaft in der Bundesliga vertreten waren, kriegt nur Augsburg einen Tick weniger.<\/p>\n<p>Die Fernsehgeld-Tabelle der Saison 2026\/27 laut \u201eSport Bild\u201c      <\/p>\n<p class=\"richtext text-em-55 !leading-serif mx-6 desktop:mx-0\">Klubs wie der SC Freiburg, der VfB Stuttgart, die TSG Hoffenheim und Mainz 05 sind Gladbach inzwischen in der Fernsehgeld-Tabelle enteilt und haben durch die Mehreinnahmen einen wirtschaftlichen Vorteil, der sich auch auf dem Transfermarkt bemerkbar macht. Ligaprimus ist der FC Bayern M\u00fcnchen, der rund dreimal so viel Fernsehgeld erh\u00e4lt wie Bundesliga-Aufsteiger SV Elversberg.<\/p>\n<p class=\"richtext text-em-55 !leading-serif mx-6 desktop:mx-0\">Die gute Nachricht f\u00fcr Borussia: Es geht erst mal weiter eng zu in der F\u00fcnf-Jahres-Wertung zu Beginn der kommenden Saison. Gladbach startet auf Platz zw\u00f6lf mit einem Punkt hinter Bremen und einem Punkt Vorsprung auf Union Berlin. In den direkten Duellen mit diesen Teams kann Gladbach also nicht nur f\u00fcr drei Punkte in der Bundesliga-Tabelle sorgen, sondern auch f\u00fcr einen Sprung in der F\u00fcnf-Jahres-Wertung, die wiederum die TV-Tabelle entscheidend beeinflusst.<\/p>\n","protected":false},"excerpt":{"rendered":"Im Mai hat Borussia M\u00f6nchengladbach in Sachen Fernsehgeld im Saisonendspurt einiges verspielt. Zwar brachte der Sieg gegen Borussia&hellip;\n","protected":false},"author":2,"featured_media":1155505,"comment_status":"","ping_status":"","sticky":false,"template":"","format":"standard","meta":{"footnotes":"","_share_on_mastodon":"0"},"categories":[1849],"tags":[9835,299,3364,29,548,4788,663,3934,32982,30,14337,13,8844,13762,180941,4455,14,15,1209,9387,22544,12,8427,8555,29070,108846],"class_list":["post-1156367","post","type-post","status-publish","format-standard","has-post-thumbnail","category-moenchengladbach","tag-borussia","tag-bundesliga","tag-de","tag-deutschland","tag-eu","tag-euro","tag-europa","tag-europe","tag-fernsehgeld","tag-germany","tag-gladbach","tag-headlines","tag-hoffenheim","tag-liga","tag-ligaprimus","tag-moenchengladbach","tag-nachrichten","tag-news","tag-nordrhein-westfalen","tag-saison","tag-saisonendspurt","tag-schlagzeilen","tag-spieltag","tag-tabelle","tag-vorsaison","tag-wertung"],"share_on_mastodon":{"url":"https:\/\/pubeurope.com\/@de\/116895012932663683","error":""},"_links":{"self":[{"href":"https:\/\/www.europesays.com\/de\/wp-json\/wp\/v2\/posts\/1156367","targetHints":{"allow":["GET"]}}],"collection":[{"href":"https:\/\/www.europesays.com\/de\/wp-json\/wp\/v2\/posts"}],"about":[{"href":"https:\/\/www.europesays.com\/de\/wp-json\/wp\/v2\/types\/post"}],"author":[{"embeddable":true,"href":"https:\/\/www.europesays.com\/de\/wp-json\/wp\/v2\/users\/2"}],"replies":[{"embeddable":true,"href":"https:\/\/www.europesays.com\/de\/wp-json\/wp\/v2\/comments?post=1156367"}],"version-history":[{"count":0,"href":"https:\/\/www.europesays.com\/de\/wp-json\/wp\/v2\/posts\/1156367\/revisions"}],"wp:featuredmedia":[{"embeddable":true,"href":"https:\/\/www.europesays.com\/de\/wp-json\/wp\/v2\/media\/1155505"}],"wp:attachment":[{"href":"https:\/\/www.europesays.com\/de\/wp-json\/wp\/v2\/media?parent=1156367"}],"wp:term":[{"taxonomy":"category","embeddable":true,"href":"https:\/\/www.europesays.com\/de\/wp-json\/wp\/v2\/categories?post=1156367"},{"taxonomy":"post_tag","embeddable":true,"href":"https:\/\/www.europesays.com\/de\/wp-json\/wp\/v2\/tags?post=1156367"}],"curies":[{"name":"wp","href":"https:\/\/api.w.org\/{rel}","templated":true}]}}