{"id":1156449,"date":"2026-07-10T10:23:27","date_gmt":"2026-07-10T10:23:27","guid":{"rendered":"https:\/\/www.europesays.com\/de\/1156449\/"},"modified":"2026-07-10T10:23:27","modified_gmt":"2026-07-10T10:23:27","slug":"aufmerksame-nachbarin-verhindert-in-gerlingen-schlimmeres","status":"publish","type":"post","link":"https:\/\/www.europesays.com\/de\/1156449\/","title":{"rendered":"Aufmerksame Nachbarin verhindert in Gerlingen Schlimmeres"},"content":{"rendered":"<p>Am Freitagmorgen gegen 5.20 Uhr wurde die Freiwillige Feuerwehr Gerlingen zu einem Kellerbrand in einem Mehrfamilienhaus in der Bachstra\u00dfe gerufen.<\/p>\n<p>Gerlingen. Eine aufmerksame Nachbarin hatte Brandgeruch bemerkt, sofort die Bewohner des Hauses informiert und die Feuerwehr alarmiert. Beim Eintreffen der ersten Kr\u00e4fte drang schwarzer Rauch durch die Ritzen der Rolll\u00e4den eines Kellerraums. Umgehend drangen mehrere Trupps unter Atemschutz ins Geb\u00e4ude vor. Parallel dazu wurde eine Wasserversorgung aufgebaut und Hochleistungsl\u00fcfter in Stellung gebracht. Der Brand im Untergeschoss konnte rasch erfolgreich bek\u00e4mpft und das Brandgut ins Freie transportiert werden. <\/p>\n<p>Feuerwehr und Polizei gehen von einem technischen Defekt aus. Verletzt wurde von den f\u00fcnf Bewohnern im Haus keiner, da sie rechtzeitig von der Nachbarin geweckt worden waren, lobte der Sprecher der Feuerwehr Gerlingen das schnelle Handeln der Frau. Im Anschluss wurde das Geb\u00e4ude umfangreich mit zwei L\u00fcftern entraucht. Im Einsatz waren 19 Feuerwehrleute, der L\u00f6schzug der Gerlinger Feuerwehr mit Kommandowagen, zwei Hilfeleistungsl\u00f6schfahrzeuge und Drehleiter. (red)<\/p>\n","protected":false},"excerpt":{"rendered":"Am Freitagmorgen gegen 5.20 Uhr wurde die Freiwillige Feuerwehr Gerlingen zu einem Kellerbrand in einem Mehrfamilienhaus in der&hellip;\n","protected":false},"author":2,"featured_media":1156450,"comment_status":"","ping_status":"","sticky":false,"template":"","format":"standard","meta":{"footnotes":"","_share_on_mastodon":"0"},"categories":[1830],"tags":[1634,3364,29,985,5780,30,1441],"class_list":["post-1156449","post","type-post","status-publish","format-standard","has-post-thumbnail","category-stuttgart","tag-baden-wuerttemberg","tag-de","tag-deutschland","tag-feuerwehr","tag-gerlingen","tag-germany","tag-stuttgart"],"share_on_mastodon":{"url":"https:\/\/pubeurope.com\/@de\/116895194023115886","error":""},"_links":{"self":[{"href":"https:\/\/www.europesays.com\/de\/wp-json\/wp\/v2\/posts\/1156449","targetHints":{"allow":["GET"]}}],"collection":[{"href":"https:\/\/www.europesays.com\/de\/wp-json\/wp\/v2\/posts"}],"about":[{"href":"https:\/\/www.europesays.com\/de\/wp-json\/wp\/v2\/types\/post"}],"author":[{"embeddable":true,"href":"https:\/\/www.europesays.com\/de\/wp-json\/wp\/v2\/users\/2"}],"replies":[{"embeddable":true,"href":"https:\/\/www.europesays.com\/de\/wp-json\/wp\/v2\/comments?post=1156449"}],"version-history":[{"count":0,"href":"https:\/\/www.europesays.com\/de\/wp-json\/wp\/v2\/posts\/1156449\/revisions"}],"wp:featuredmedia":[{"embeddable":true,"href":"https:\/\/www.europesays.com\/de\/wp-json\/wp\/v2\/media\/1156450"}],"wp:attachment":[{"href":"https:\/\/www.europesays.com\/de\/wp-json\/wp\/v2\/media?parent=1156449"}],"wp:term":[{"taxonomy":"category","embeddable":true,"href":"https:\/\/www.europesays.com\/de\/wp-json\/wp\/v2\/categories?post=1156449"},{"taxonomy":"post_tag","embeddable":true,"href":"https:\/\/www.europesays.com\/de\/wp-json\/wp\/v2\/tags?post=1156449"}],"curies":[{"name":"wp","href":"https:\/\/api.w.org\/{rel}","templated":true}]}}