{"id":1156521,"date":"2026-07-10T11:12:16","date_gmt":"2026-07-10T11:12:16","guid":{"rendered":"https:\/\/www.europesays.com\/de\/1156521\/"},"modified":"2026-07-10T11:12:16","modified_gmt":"2026-07-10T11:12:16","slug":"muenster-bad-duerrheim-habe-ich-adhs-warum-eine-fundierte-diagnose-so-wichtig-ist","status":"publish","type":"post","link":"https:\/\/www.europesays.com\/de\/1156521\/","title":{"rendered":"M\u00fcnster\/Bad D\u00fcrrheim | Habe ich ADHS? Warum eine fundierte Diagnose so wichtig ist"},"content":{"rendered":"<p>M\u00fcnster\/Bad D\u00fcrrheim (dpa\/tmn) &#8211; Verplant, unruhig, impulsiv, unkonzentriert: Habe ich vielleicht ADHS, also eine Aufmerksamkeitsdefizit-\/Hyperaktivit\u00e4tsst\u00f6rung? Dieser Gedanke kann schnell aufkommen &#8211; vor allem dann, wenn einem in soziale Netzwerken vermehrt entsprechende Inhalte begegnen. Ein Selbsttest kann diesen Eindruck noch verst\u00e4rken: Pl\u00f6tzlich scheint man eine Erkl\u00e4rung f\u00fcr vieles gefunden zu haben.<\/p>\n<p>Experten raten allerdings zur Vorsicht. \u00abSelbstdiagnosen sind attraktiv, denn sie bieten eine Identit\u00e4t, Zugeh\u00f6rigkeit zu einer Community und vor allem eine Erkl\u00e4rung: &#8222;Ich bin nicht einfach faul oder chaotisch, mein Gehirn funktioniert anders.&#8220; Das kann sehr entlastend sein\u00bb, sagt Tobias Hornig, Facharzt f\u00fcr Psychiatrie und Psychotherapie.\u00a0<\/p>\n<p>Problematisch werde es aber, wenn daraus ohne fachliche Abkl\u00e4rung Konsequenzen gezogen werden &#8211; etwa die Ablehnung anderer m\u00f6glicher Erkl\u00e4rungen f\u00fcr vermeintliche Symptome oder die Selbstmedikation.<\/p>\n<p>ADHS gilt als neuromentale Entwicklungsst\u00f6rung, die in der Regel in der Kindheit beginnt. Vererbung spielt nach heutigem Forschungsstand eine wichtige Rolle. Kennzeichnend f\u00fcr die St\u00f6rung sind drei Hauptsymptome: Unaufmerksamkeit, Hyperaktivit\u00e4t und Impulsivit\u00e4t &#8211; in unterschiedlicher Auspr\u00e4gung<\/p>\n<p>Warum eine strukturierte Diagnose so wichtig ist<\/p>\n<p>Auch ADHS-Selbsttests im Internet k\u00f6nnen eine Diagnose nicht ersetzen. \u00abDie finde ich teilweise ein wenig kritisch\u00bb, sagt Benedikt Bradtke, Oberarzt an der Klinik f\u00fcr Psychische Gesundheit am Universit\u00e4tsklinikum M\u00fcnster (UKM). In der aktuellen Folge des UKM-Podcasts \u00ab<a href=\"https:\/\/www.ukm.de\/podcast-risiko-und-nebenwirkung\" target=\"_blank\" class=\"externalLink\" rel=\"noreferrer nofollow noopener\">Risiko und Nebenwirkung<\/a>\u00bb erkl\u00e4rt der Fachmann, dass festgestellt worden sei, dass solche Tests teilweise \u00abmehr oder weniger unvollst\u00e4ndig\u00bb waren und dem Krankheitsbild nicht gerecht wurden.<\/p>\n<p>Dem Oberarzt zufolge k\u00f6nnen Selbsttests aber ein Einstieg sein. \u00abAlso zun\u00e4chst einmal wirklich ein Gef\u00fchl daf\u00fcr zu bekommen: Kommen die Symptome mir entgegen? Sind sie Teil meines Lebens? Quasi als Ersteindruck.\u00bb Sie sollten Bradtke zufolge aber nie daf\u00fcr herhalten, eine finale Diagnose zu stellen.<\/p>\n<p>Nicht zuletzt, weil ADHS-typische Symptome zum Beispiel auch im Zusammenhang mit Depressionen, Angstst\u00f6rungen, Traumafolgest\u00f6rungen, Suchterkrankungen, Schlafmangel oder k\u00f6rperlichen Erkrankungen vorkommen k\u00f6nnen. \u00abOhne eine strukturierte Diagnostik besteht das Risiko, Wesentliches zu \u00fcbersehen\u00bb, warnt Hornig, Chefarzt der Median Klinik St. Georg in Bad D\u00fcrrheim.<\/p>\n<p>Komplexer Prozess der Diagnose<\/p>\n<p>Eine fundierte ADHS-Diagnose ist ein mehrstufiger Prozess und umfasst in aller Regel mehrere Sitzungen. Sie erfordert eine ausf\u00fchrliche Anamnese und Beurteilung anhand von Leitlinien durch Fachleute &#8211; etwa Fach\u00e4rzten f\u00fcr Psychiatrie und Psychotherapie, \u00c4rztliche Psychotherapeuten oder Psychologische Psychotherapeuten.<\/p>\n<p>\u00abAm Anfang steht ein ausf\u00fchrliches Gespr\u00e4ch \u00fcber die aktuelle Symptomatik: Wie \u00e4u\u00dfern sich Unaufmerksamkeit, Impulsivit\u00e4t und Unruhe im Alltag? Seit wann bestehen diese Auff\u00e4lligkeiten, wie war die Schulzeit, wie verlief das Berufsleben?\u00bb, erkl\u00e4rt Facharzt Tobias Hornig.<\/p>\n<p>Daneben spielt die sogenannte Fremdanamnese eine Rolle. Dazu geh\u00f6ren unter anderem Berichte von Eltern, Partnern oder anderen Bezugspersonen sowie Grundschulzeugnisse. Sie k\u00f6nnen Hinweise darauf geben, ob entsprechende Symptome bereits in der Kindheit bestanden. Frageb\u00f6gen und Testverfahren erg\u00e4nzen das Bild, sind aber nie allein entscheidend.<\/p>\n<p>In der Differenzialdiagnostik geht es letztlich darum, systematisch abzugrenzen, ob nicht doch ein anderes Krankheitsbild vorliegt, das \u00e4hnliche Symptome verursacht. \u00abMan muss sorgf\u00e4ltig pr\u00fcfen, ob andere St\u00f6rungen &#8211; etwa Depressionen, Angstst\u00f6rungen, Autismus-Spektrum-St\u00f6rungen, Pers\u00f6nlichkeitsst\u00f6rungen oder k\u00f6rperliche Erkrankungen &#8211; die Symptomatik erkl\u00e4ren k\u00f6nnten oder zus\u00e4tzlich vorliegen\u00bb, so Hornig.\u00a0<\/p>\n<p>Betroffene m\u00fcssen oft lange Wartezeiten in Kauf nehmen<\/p>\n<p>Problematisch f\u00fcr viele: Die Wartezeiten bis zu einer Diagnose sind oft lang. Es k\u00f6nne Monate bis zu einem Jahr dauern, bis Betroffene diagnostische Unterst\u00fctzung bekommen, so Bradtke. Er r\u00e4t dennoch dazu, diese Wartezeit in Kauf zu nehmen und sich bei ADHS-Verdacht professionelle Hilfe zu suchen.\u00a0<\/p>\n<p>\u00abAlso eine Strategie sollte zumindest nicht sein, auf Social Media entsprechende Tutorials zu buchen f\u00fcr teures Geld, das ist gef\u00e4hrlich\u00bb, sagt der Experte im Podcast. Es habe sich gezeigt, dass viele Inhalte auf Social Media zu ADHS medizinisch fehlerhaft seien.<\/p>\n<p>Fachleute empfehlen stattdessen, sich etwa \u00fcber B\u00fccher oder andere verl\u00e4ssliche Quellen zur Erkrankung zu informieren. Hilfreich sein k\u00f6nnen etwa Informationsangebote wie das Portal \u00abAdhs.info\u00bb des Zentralen ADHS-Netzes. Auch viele Krankenkassen bieten Informationen zu ADHS im Erwachsenenalter an.<\/p>\n","protected":false},"excerpt":{"rendered":"M\u00fcnster\/Bad D\u00fcrrheim (dpa\/tmn) &#8211; Verplant, unruhig, impulsiv, unkonzentriert: Habe ich vielleicht ADHS, also eine Aufmerksamkeitsdefizit-\/Hyperaktivit\u00e4tsst\u00f6rung? Dieser Gedanke kann&hellip;\n","protected":false},"author":2,"featured_media":1156522,"comment_status":"","ping_status":"","sticky":false,"template":"","format":"standard","meta":{"footnotes":"","_share_on_mastodon":"0"},"categories":[1843],"tags":[16181,2632,3364,29,9092,30,141,638,8970,1209,13353,6807,13663,242649],"class_list":["post-1156521","post","type-post","status-publish","format-standard","has-post-thumbnail","category-muenster","tag-adhs","tag-brcmj","tag-de","tag-deutschland","tag-diagnose","tag-germany","tag-gesundheit","tag-krankheiten","tag-muenster","tag-nordrhein-westfalen","tag-psychologie","tag-psychotherapie","tag-soziale-medien","tag-tmn0335"],"share_on_mastodon":{"url":"https:\/\/pubeurope.com\/@de\/116895386740690131","error":""},"_links":{"self":[{"href":"https:\/\/www.europesays.com\/de\/wp-json\/wp\/v2\/posts\/1156521","targetHints":{"allow":["GET"]}}],"collection":[{"href":"https:\/\/www.europesays.com\/de\/wp-json\/wp\/v2\/posts"}],"about":[{"href":"https:\/\/www.europesays.com\/de\/wp-json\/wp\/v2\/types\/post"}],"author":[{"embeddable":true,"href":"https:\/\/www.europesays.com\/de\/wp-json\/wp\/v2\/users\/2"}],"replies":[{"embeddable":true,"href":"https:\/\/www.europesays.com\/de\/wp-json\/wp\/v2\/comments?post=1156521"}],"version-history":[{"count":0,"href":"https:\/\/www.europesays.com\/de\/wp-json\/wp\/v2\/posts\/1156521\/revisions"}],"wp:featuredmedia":[{"embeddable":true,"href":"https:\/\/www.europesays.com\/de\/wp-json\/wp\/v2\/media\/1156522"}],"wp:attachment":[{"href":"https:\/\/www.europesays.com\/de\/wp-json\/wp\/v2\/media?parent=1156521"}],"wp:term":[{"taxonomy":"category","embeddable":true,"href":"https:\/\/www.europesays.com\/de\/wp-json\/wp\/v2\/categories?post=1156521"},{"taxonomy":"post_tag","embeddable":true,"href":"https:\/\/www.europesays.com\/de\/wp-json\/wp\/v2\/tags?post=1156521"}],"curies":[{"name":"wp","href":"https:\/\/api.w.org\/{rel}","templated":true}]}}