{"id":1156567,"date":"2026-07-10T11:42:22","date_gmt":"2026-07-10T11:42:22","guid":{"rendered":"https:\/\/www.europesays.com\/de\/1156567\/"},"modified":"2026-07-10T11:42:22","modified_gmt":"2026-07-10T11:42:22","slug":"dynamo-dresden-eist-wunschspieler-keller-aus-heidenheim-los","status":"publish","type":"post","link":"https:\/\/www.europesays.com\/de\/1156567\/","title":{"rendered":"Dynamo Dresden eist Wunschspieler Keller aus Heidenheim los"},"content":{"rendered":"<p>        <img decoding=\"async\" src=\"https:\/\/www.europesays.com\/de\/wp-content\/uploads\/2026\/07\/thomas-keller-106.webp\" alt=\"Thomas Keller bejubelt seinen Treffer im Trikot von Dynamo Dresden\" title=\"Thomas Keller bejubelt seinen Treffer im Trikot von Dynamo Dresden | IMAGO \/ STEINSIEK.CH\" class=\"responsive\"\/><\/p>\n<p>AUDIO: Dynamo holt Abwehrmann Keller fest an die Elbe (1 Min)<\/p>\n<p class=\"topline\">Fu\u00dfball | 2. Bundesliga<\/p>\n<p>\n                Stand: 10.07.2026 13:13 Uhr<\/p>\n<p class=\"preface\">Die Leihe von Thomas Keller erwies sich in der R\u00fcckrunde als Volltreffer f\u00fcr Dynamo Dresden. Nun haben die Sachsen einen Transfercoup gelandet und ihren Wunschspieler f\u00fcr die Defensive vom 1. FC Heidenheim fest verpflichtet.<\/p>\n<p class=\"\">Dass Dresdens Sportchef S\u00f6ren Gonther den 26 Jahre alten Innenverteidiger nur zu gern dauerhaft im Trikot der SGD sehen wollte, war kein Geheimnis. Denn der Klassenerhalt war auch Kellers Verdienst: Der zur R\u00fcckrunde ausgeliehene Innenverteidiger stabilisierte nicht nur die Defensive merklich, sondern erzielte in seinen 14 Eins\u00e4tzen auch drei Treffer.<\/p>\n<p>    Auch Keller wollte in Dresden bleiben<\/p>\n<p class=\"\">Jetzt steht fest: Keller bleibt in Dresden. Das teilte der Verein am Freitag (10. Juli) mit. Der Defensivspieler hatte zuvor selbst seinen Wechselwunsch mit Nachdruck hinterlegt und wurde vom 1. FC Heidenheim fest verpflichtet.<\/p>\n<p class=\"\">Der geb\u00fcrtige M\u00fcnchner ist der zehnte Neuzugang, \u00fcber die Vertragslaufzeit machte die SGD wie \u00fcblich keine Angaben. Auch \u00fcber die Abl\u00f6semodalit\u00e4ten vereinbarten beide Seiten Stillschweigen, Medienberichten zufolge soll sich die Summe auf rund eine Million Euro belaufen.<\/p>\n<p>                    <a href=\"https:\/\/www.europesays.com\/de\/wp-content\/uploads\/2026\/07\/dynamo-dresden-greuther-fuerth-116.webp\" class=\"zoomimage\" title=\"Bild vergr\u00f6\u00dfern\"><\/p>\n<p>        <img decoding=\"async\" src=\"https:\/\/www.europesays.com\/de\/wp-content\/uploads\/2026\/07\/dynamo-dresden-greuther-fuerth-116.webp\" alt=\"Thomas Keller (39, SG Dynamo Dresden) erzielt Treffer zum 1:0 gegen Maximilian Solomon Dietz (33, SpVgg Greuther F\u00fcrth)\" title=\"Auch im Angriff stellte Thomas Keller seine Qualit\u00e4ten unter Beweis und erzielte drei Treffer f\u00fcr Dynamo Dresden.  | IMAGO\/Zink\" class=\"responsive\" loading=\"lazy\"\/><\/p>\n<p>                    <\/a><\/p>\n<p>                    Auch im Angriff stellte Thomas Keller seine Qualit\u00e4ten unter Beweis und erzielte drei Treffer f\u00fcr Dynamo Dresden. <\/p>\n<p class=\"\">&#8222;Thomas hat in den vergangenen Monaten gezeigt, welche Qualit\u00e4ten er sowohl sportlich als auch menschlich mitbringt&#8220;, wird Gonther in einer Pressemitteilung der Dresdner zitiert: &#8222;Er identifiziert sich voll mit Dynamo Dresden, arbeitet jederzeit mannschaftsdienlich und verf\u00fcgt \u00fcber genau die Mentalit\u00e4t, die wir ben\u00f6tigen.&#8220;<\/p>\n<p class=\"\">SpiO\/pm<\/p>\n<p>        <img decoding=\"async\" src=\"https:\/\/www.europesays.com\/de\/wp-content\/uploads\/2026\/07\/dynamo-dresden-logo-mdr-100.webp\" alt=\"Logo Dynamo Dresden\" title=\"Logo Dynamo Dresden | Verein\" class=\"responsive\" loading=\"lazy\"\/><\/p>\n<p>        <img decoding=\"async\" src=\"https:\/\/www.europesays.com\/de\/wp-content\/uploads\/2026\/07\/google-handy-100.webp\" alt=\"Ein Handy liegt auf einer Laptoptastatur. Das Display zeigt das Google Logo\" title=\"Ein Handy liegt auf einer Laptoptastatur. Das Display zeigt das Google Logo |  IMAGO \/ SOPA Images\" class=\"responsive\" loading=\"lazy\"\/><\/p>\n<p>Nachrichten personalisieren<\/p>\n<p>Die Nachrichtenlage ist un\u00fcbersichtlich und Sie wollen aktuelle Informationen aus Ihrer Region, die f\u00fcr Sie relevant sind? Dann legen Sie MDR.de als bevorzugte Quelle in der Google-Suche fest. So funktioniert&#8217;s.<\/p>\n","protected":false},"excerpt":{"rendered":"AUDIO: Dynamo holt Abwehrmann Keller fest an die Elbe (1 Min) Fu\u00dfball | 2. Bundesliga Stand: 10.07.2026 13:13&hellip;\n","protected":false},"author":2,"featured_media":1156568,"comment_status":"","ping_status":"","sticky":false,"template":"","format":"standard","meta":{"footnotes":"","_share_on_mastodon":"0"},"categories":[1835],"tags":[17188,621,3364,29,2386,5406,347,30,859,11759,5405,153495,3499,265,3498,159370,8720,3127,5421],"class_list":["post-1156567","post","type-post","status-publish","format-standard","has-post-thumbnail","category-dresden","tag-1-fc-heidenheim","tag-2-bundesliga","tag-de","tag-deutschland","tag-dresden","tag-dynamo","tag-fussball","tag-germany","tag-sachsen","tag-sg-dynamo-dresden","tag-sgd","tag-soeren-gonther","tag-spio","tag-sport","tag-sport-im-osten","tag-thomas-keller","tag-thomas-stamm","tag-transfer","tag-wechsel"],"share_on_mastodon":{"url":"https:\/\/pubeurope.com\/@de\/116895505059211433","error":""},"_links":{"self":[{"href":"https:\/\/www.europesays.com\/de\/wp-json\/wp\/v2\/posts\/1156567","targetHints":{"allow":["GET"]}}],"collection":[{"href":"https:\/\/www.europesays.com\/de\/wp-json\/wp\/v2\/posts"}],"about":[{"href":"https:\/\/www.europesays.com\/de\/wp-json\/wp\/v2\/types\/post"}],"author":[{"embeddable":true,"href":"https:\/\/www.europesays.com\/de\/wp-json\/wp\/v2\/users\/2"}],"replies":[{"embeddable":true,"href":"https:\/\/www.europesays.com\/de\/wp-json\/wp\/v2\/comments?post=1156567"}],"version-history":[{"count":0,"href":"https:\/\/www.europesays.com\/de\/wp-json\/wp\/v2\/posts\/1156567\/revisions"}],"wp:featuredmedia":[{"embeddable":true,"href":"https:\/\/www.europesays.com\/de\/wp-json\/wp\/v2\/media\/1156568"}],"wp:attachment":[{"href":"https:\/\/www.europesays.com\/de\/wp-json\/wp\/v2\/media?parent=1156567"}],"wp:term":[{"taxonomy":"category","embeddable":true,"href":"https:\/\/www.europesays.com\/de\/wp-json\/wp\/v2\/categories?post=1156567"},{"taxonomy":"post_tag","embeddable":true,"href":"https:\/\/www.europesays.com\/de\/wp-json\/wp\/v2\/tags?post=1156567"}],"curies":[{"name":"wp","href":"https:\/\/api.w.org\/{rel}","templated":true}]}}