{"id":1156582,"date":"2026-07-10T11:50:21","date_gmt":"2026-07-10T11:50:21","guid":{"rendered":"https:\/\/www.europesays.com\/de\/1156582\/"},"modified":"2026-07-10T11:50:21","modified_gmt":"2026-07-10T11:50:21","slug":"wechsel-knaller-lok-leipzig-holt-offensivkracher-vom-viertliga-rivalen-sport","status":"publish","type":"post","link":"https:\/\/www.europesays.com\/de\/1156582\/","title":{"rendered":"Wechsel-Knaller: Lok Leipzig holt Offensivkracher vom Viertliga-Rivalen | Sport"},"content":{"rendered":"<p><a class=\"skip-content skip-content--link\" href=\"#in-content-skip-link-target-v-0-0\">TTS-Player \u00fcberspringen\u21b5<\/a><a id=\"in-content-skip-link-target-v-0-0\" class=\"skip-content--target-link-hidden skip-content skip-content--target-link\" href=\"#in-content-skip-link-target-v-0-0\">Artikel weiterlesen<\/a><\/p>\n<p data-21134c99=\"0-678\"><a href=\"https:\/\/www.bild.de\/sport\/fussball\/lok-leipzig\/home-80643548.bild.html\" class=\"text-link\" rel=\"nofollow noopener\" target=\"_blank\"><b>Lok Leipzig<\/b><\/a><b> verst\u00e4rkt sich mit Artur Mergel (28). Der Offensivspieler kommt vom Chemnitzer FC und erh\u00e4lt einen Vertrag bis 2028.<\/b><\/p>\n<p data-21134c99=\"0-678\">Sport-Gesch\u00e4ftsf\u00fchrer Toni Wachsmuth: \u201eMit Artur Mergel konnten wir einen gestandenen Mittelfeldspieler verpflichten, der in der Offensive variabel einsetzbar ist. Seine Laufst\u00e4rke, Kreativit\u00e4t und Gefahr bei Standards werden unserem Spiel guttun. Wir sind davon \u00fcberzeugt, dass er sich aufgrund seines Charakters sehr schnell in unsere Mannschaft integrieren wird.\u201c<\/p>\n<p>Lok Leipzig holt Artur Mergel aus Chemnitz<\/p>\n<p data-21134c99=\"0-678\">Der geb\u00fcrtige Hesse Mergel begann das Fu\u00dfballspielen beim OSC Vellmar und beim KSV Baunatal in der N\u00e4he von Kassel. Im Jahr 2013 folgte der Wechsel ins NLZ des 1. FC Kaiserslautern und ein Jahr sp\u00e4ter zu Carl Zeiss Jena, wo er auch erste Regionalliga-Luft schnuppern konnte. \u00dcber die U23 des FC Augsburg landete Mergel bei Rot-Wei\u00df Erfurt, mit dem er in die Regionalliga Nordost aufstieg. Die letzten beiden Spielzeiten verbrachte er beim Chemnitzer FC. Insgesamt kam Mergel bislang in 202 Regionalligapartien zum Einsatz, in denen er 27 Treffer erzielte, wobei er in der Offensive schon auf jeder Position gespielt hat.<\/p>\n<p><img decoding=\"async\" width=\"992\" height=\"1178\" alt=\"Artur Mergel (l.) mit Sport-Gesch\u00e4ftsf\u00fchrer Toni Wachsmuth\" loading=\"lazy\" src=\"https:\/\/www.europesays.com\/de\/wp-content\/uploads\/2026\/07\/910b1b6a7526f4e69e34e53238ce955b,e8cad9ac.jpeg\"   class=\"portrait\"\/><\/p>\n<p class=\"fig__caption__text\">Artur Mergel (l.) mit Sport-Gesch\u00e4ftsf\u00fchrer Toni Wachsmuth<\/p>\n<p>Foto: Lok Leipzig<\/p>\n<p>Er sagt locker: \u201eHey liebe Lokkis, ich freue mich riesig auf die neue Herausforderung. Gemeinsam mit euch m\u00f6chte ich eine erfolgreiche Saison mit vielen sch\u00f6nen Momenten gestalten.\u201c <\/p>\n","protected":false},"excerpt":{"rendered":"TTS-Player \u00fcberspringen\u21b5Artikel weiterlesen Lok Leipzig verst\u00e4rkt sich mit Artur Mergel (28). Der Offensivspieler kommt vom Chemnitzer FC und&hellip;\n","protected":false},"author":2,"featured_media":1156583,"comment_status":"","ping_status":"","sticky":false,"template":"","format":"standard","meta":{"footnotes":"","_share_on_mastodon":"0"},"categories":[1832],"tags":[6178,3364,29,347,30,71,3457,3458,10196,859,4580,3460],"class_list":["post-1156582","post","type-post","status-publish","format-standard","has-post-thumbnail","category-leipzig","tag-chemnitzer-fc","tag-de","tag-deutschland","tag-fussball","tag-germany","tag-leipzig","tag-lok-leipzig","tag-regionalliga-nordost","tag-rot-weiss-erfurt","tag-sachsen","tag-schmidt-andre","tag-sport-leuchtturm-leipzig"],"share_on_mastodon":{"url":"","error":""},"_links":{"self":[{"href":"https:\/\/www.europesays.com\/de\/wp-json\/wp\/v2\/posts\/1156582","targetHints":{"allow":["GET"]}}],"collection":[{"href":"https:\/\/www.europesays.com\/de\/wp-json\/wp\/v2\/posts"}],"about":[{"href":"https:\/\/www.europesays.com\/de\/wp-json\/wp\/v2\/types\/post"}],"author":[{"embeddable":true,"href":"https:\/\/www.europesays.com\/de\/wp-json\/wp\/v2\/users\/2"}],"replies":[{"embeddable":true,"href":"https:\/\/www.europesays.com\/de\/wp-json\/wp\/v2\/comments?post=1156582"}],"version-history":[{"count":0,"href":"https:\/\/www.europesays.com\/de\/wp-json\/wp\/v2\/posts\/1156582\/revisions"}],"wp:featuredmedia":[{"embeddable":true,"href":"https:\/\/www.europesays.com\/de\/wp-json\/wp\/v2\/media\/1156583"}],"wp:attachment":[{"href":"https:\/\/www.europesays.com\/de\/wp-json\/wp\/v2\/media?parent=1156582"}],"wp:term":[{"taxonomy":"category","embeddable":true,"href":"https:\/\/www.europesays.com\/de\/wp-json\/wp\/v2\/categories?post=1156582"},{"taxonomy":"post_tag","embeddable":true,"href":"https:\/\/www.europesays.com\/de\/wp-json\/wp\/v2\/tags?post=1156582"}],"curies":[{"name":"wp","href":"https:\/\/api.w.org\/{rel}","templated":true}]}}