{"id":1156586,"date":"2026-07-10T11:53:25","date_gmt":"2026-07-10T11:53:25","guid":{"rendered":"https:\/\/www.europesays.com\/de\/1156586\/"},"modified":"2026-07-10T11:53:25","modified_gmt":"2026-07-10T11:53:25","slug":"nachdenken-ueber-die-stadtentwicklung-und-das-herz-der-landeshauptstadt","status":"publish","type":"post","link":"https:\/\/www.europesays.com\/de\/1156586\/","title":{"rendered":"Nachdenken \u00fcber die Stadtentwicklung und das Herz der Landeshauptstadt"},"content":{"rendered":"<p><strong>Stuttgart. <\/strong> Wie soll sich das Zentrum Stuttgarts weiterentwickeln? Diese Frage stand im Mittelpunkt einer Diskussionsveranstaltung der Architektenkammer Baden-W\u00fcrttemberg (AKBW), zu der mehr als 200 G\u00e4ste vergangene Woche ins StadtPalais kamen. Anlass war der drohende Abriss des ehemaligen Wittwer-Hauses in der K\u00f6nigstra\u00dfe. Schnell wurde deutlich: Es geht um weit mehr als die Zukunft eines einzelnen Geb\u00e4udes.<\/p>\n<p>\u201eNachdenken \u00fcber das Herz der Stadt\u201c lautete das Motto des Abends. AKBW-Pr\u00e4sident Markus M\u00fcller machte deutlich, dass die \u00f6ffentliche Debatte den Blick erweitert habe. \u201eEs geht nat\u00fcrlich um den Umgang mit einem Geb\u00e4ude, aber auch um die Zukunft des Standorts zwischen K\u00f6nigstra\u00dfe, Kleinem Schlossplatz und Kunstmuseum \u2013 dem Herzen der Stadt\u201c, so M\u00fcller.<\/p>\n<p>Kontrovers diskutiert wurden Fragen des Klimaschutzes, der grauen Energie und der st\u00e4dtebaulichen Entwicklung. Eigent\u00fcmervertreter Hermann Brandt-stetter kritisierte, die Diskussion werde bislang von einem \u201eVerlustnarrativ\u201c gepr\u00e4gt. Ein Neubau biete die Chance zur \u201eStadtreparatur\u201c und k\u00f6nne den Kleinen Schlossplatz wieder st\u00e4rker in den Fokus r\u00fccken.<\/p>\n<p>Demgegen\u00fcber pl\u00e4dierte Kerstin M\u00fcller, Gesch\u00e4ftsf\u00fchrerin der Zirkular Basel, f\u00fcr einen Perspektivwechsel: \u201eDer Abriss eines Geb\u00e4udes muss heute gerechtfertigt werden \u2013 nicht der Erhalt.\u201c Mit Blick auf die Klimaziele erg\u00e4nzte sie: \u201eAn welches Klima passen wir uns an, wenn wir es nicht sch\u00fctzen?\u201c Baub\u00fcrgermeister Peter P\u00e4tzold verwies auf die planerischen Rahmenbedingungen. \u201eDer Schlossplatz hat verschiedene Schichten und eine bewegte Geschichte, dem muss man gerecht werden.\u201c Angesichts der gro\u00dfen Resonanz k\u00fcndigte die Architektenkammer an, die offenen Fragen an die Bauherrschaft weiterzugeben und stellte eine Veranstaltung in Aussicht. <strong>(sta)<\/strong><\/p>\n<p>Nachdenken \u00fcber das Herz der Stadt<\/p>\n","protected":false},"excerpt":{"rendered":"Stuttgart. Wie soll sich das Zentrum Stuttgarts weiterentwickeln? Diese Frage stand im Mittelpunkt einer Diskussionsveranstaltung der Architektenkammer Baden-W\u00fcrttemberg&hellip;\n","protected":false},"author":2,"featured_media":1156587,"comment_status":"","ping_status":"","sticky":false,"template":"","format":"standard","meta":{"footnotes":"","_share_on_mastodon":"0"},"categories":[1830],"tags":[242657,1634,7600,3364,29,30,8926,1441,242658],"class_list":["post-1156586","post","type-post","status-publish","format-standard","has-post-thumbnail","category-stuttgart","tag-architektenkammer-baden-wuerttemberg","tag-baden-wuerttemberg","tag-bauen","tag-de","tag-deutschland","tag-germany","tag-stadtentwicklung","tag-stuttgart","tag-wittwer-abriss"],"share_on_mastodon":{"url":"https:\/\/pubeurope.com\/@de\/116895547995549850","error":""},"_links":{"self":[{"href":"https:\/\/www.europesays.com\/de\/wp-json\/wp\/v2\/posts\/1156586","targetHints":{"allow":["GET"]}}],"collection":[{"href":"https:\/\/www.europesays.com\/de\/wp-json\/wp\/v2\/posts"}],"about":[{"href":"https:\/\/www.europesays.com\/de\/wp-json\/wp\/v2\/types\/post"}],"author":[{"embeddable":true,"href":"https:\/\/www.europesays.com\/de\/wp-json\/wp\/v2\/users\/2"}],"replies":[{"embeddable":true,"href":"https:\/\/www.europesays.com\/de\/wp-json\/wp\/v2\/comments?post=1156586"}],"version-history":[{"count":0,"href":"https:\/\/www.europesays.com\/de\/wp-json\/wp\/v2\/posts\/1156586\/revisions"}],"wp:featuredmedia":[{"embeddable":true,"href":"https:\/\/www.europesays.com\/de\/wp-json\/wp\/v2\/media\/1156587"}],"wp:attachment":[{"href":"https:\/\/www.europesays.com\/de\/wp-json\/wp\/v2\/media?parent=1156586"}],"wp:term":[{"taxonomy":"category","embeddable":true,"href":"https:\/\/www.europesays.com\/de\/wp-json\/wp\/v2\/categories?post=1156586"},{"taxonomy":"post_tag","embeddable":true,"href":"https:\/\/www.europesays.com\/de\/wp-json\/wp\/v2\/tags?post=1156586"}],"curies":[{"name":"wp","href":"https:\/\/api.w.org\/{rel}","templated":true}]}}