{"id":1156592,"date":"2026-07-10T11:56:28","date_gmt":"2026-07-10T11:56:28","guid":{"rendered":"https:\/\/www.europesays.com\/de\/1156592\/"},"modified":"2026-07-10T11:56:28","modified_gmt":"2026-07-10T11:56:28","slug":"adi-huetter-ist-zurueck-so-startet-eintracht-frankfurt-in-die-neue-saison","status":"publish","type":"post","link":"https:\/\/www.europesays.com\/de\/1156592\/","title":{"rendered":"Adi H\u00fctter ist zur\u00fcck: So startet Eintracht Frankfurt in die neue Saison"},"content":{"rendered":"<p>Trainingsauftakt mit Adi H\u00fctter <\/p>\n<p>So startet die Eintracht in die neue Saison<\/p>\n<p>10.07.2026 &#8211; 13:38 UhrLesedauer: 3 Min.<\/p>\n<p><a href=\"#focus-0\" class=\"transition-colors block text-current relative\" data-sctrack=\"FocusGalleryImage.Reference\"><img fetchpriority=\"high\" data-testid=\"Opener.Image\"   loading=\"eager\" src=\"https:\/\/www.europesays.com\/de\/wp-content\/uploads\/2026\/07\/29-092020-frankfurt-am-main-deutsche-bank-park-fussball-1-bundesliga-saison-2020-2021-eintracht-fran.jpeg\" alt=\"imago images 48541844\" title=\"imago images 48541844\" width=\"4000\" height=\"2250\" class=\"bg-[url:var(--lqipURL)] bg-cover bg-center flex h-full w-full max-w-full\" style=\"--lqipURL:url('https:\/\/images.t-online.de\/2026\/07\/rjosOGBHjWlI\/0x210:4000x2250\/fit-in\/150x0\/filters:blur(25)\/29-092020-frankfurt-am-main-deutsche-bank-park-fussball-1-bundesliga-saison-2020-2021-eintracht-frankfurt-training-trainer-adi-huetter-eintracht-frankfurt-mit-den-trainingsstangen-emspor-dfl-regulations-prohibit-any-use-of-photographs-as-image-sequences-and-or-quasi-video-29-09-2020-frankfurt-am-main-deutsche-bank-park-football-1-bundesliga-season-2020-2021-eintracht-frankfurt-training-trainer-adi-huetter-eintracht-frankfurt-with-the-training-rods-emspor-dfl-regulations-prohibit-any-use-of-pho.jpg')\" decoding=\"async\"\/><img loading=\"lazy\" src=\"https:\/\/frankfurt.t-online.de\/s\/paper\/_next\/static\/media\/zoom-in.f7dae02f.svg\" alt=\"Vergr\u00f6\u00dfern des Bildes\" title=\"Vergr\u00f6\u00dfern des Bildes\" class=\"block h-[calc(var(--height)_\/_16_*_1rem)] w-[calc(var(--width)_\/_16_*_1rem)] max-w-none absolute right-8 bottom-8 rounded-4 bg-snow p-8\" style=\"--width:32;--height:32\" decoding=\"async\"\/><\/a><\/p>\n<p>Adi H\u00fctter bei einem Eintracht-Training im Jahr 2020 (Archivbild): Jetzt nimmt er seine Arbeit bei der SGE wieder auf. (Quelle: Peter Hartenfelser via www.imago-images.de\/imago)<\/p>\n<p><img loading=\"lazy\" src=\"https:\/\/frankfurt.t-online.de\/s\/paper\/_next\/static\/media\/audio-volume.6689034c.svg\" alt=\"\" title=\"\" class=\"block h-[calc(var(--height)_\/_16_*_1rem)] w-[calc(var(--width)_\/_16_*_1rem)] max-w-none group-hover:brightness-0 group-hover:invert\" style=\"--width:16;--height:16\" decoding=\"async\"\/>Vorlesen<\/p>\n<p>Aktuelle Zeit:0:00Gesamtdauer:0:00<\/p>\n<p>1x<\/p>\n<p class=\"text-center\">Jetzt neu bei t-online:<\/p>\n<p class=\"text-center\">Schriftgr\u00f6\u00dfe anpassen!<\/p>\n<p><img loading=\"lazy\" src=\"https:\/\/frankfurt.t-online.de\/s\/paper\/_next\/static\/media\/font-sizes.32942e33.svg\" alt=\"\" title=\"\" class=\"block h-[calc(var(--height)_\/_16_*_1rem)] w-[calc(var(--width)_\/_16_*_1rem)] max-w-none group-hover:hidden group-aria-expanded:hidden\" style=\"--width:16;--height:16\" decoding=\"async\"\/><img loading=\"lazy\" src=\"https:\/\/frankfurt.t-online.de\/s\/paper\/_next\/static\/media\/font-sizes-dark-mode.e382645c.svg\" alt=\"\" title=\"\" class=\"block h-[calc(var(--height)_\/_16_*_1rem)] w-[calc(var(--width)_\/_16_*_1rem)] max-w-none hidden group-hover:block group-aria-expanded:block\" style=\"--width:16;--height:16\" decoding=\"async\"\/><img loading=\"lazy\" src=\"https:\/\/frankfurt.t-online.de\/s\/paper\/_next\/static\/media\/sharing-menu-icon.1eb71368.svg\" alt=\"\" title=\"\" class=\"block h-[calc(var(--height)_\/_16_*_1rem)] w-[calc(var(--width)_\/_16_*_1rem)] max-w-none group-hover:brightness-0 group-hover:invert\" style=\"--width:16;--height:16\" decoding=\"async\"\/>Artikel teilen<\/p>\n<p class=\"font-bold text-18 leading-17 user-text-lg:text-22 user-text-xl:text-24\">Die Sommerpause ist vorbei: Eintracht Frankfurt beginnt am Wochenende mit der Vorbereitung. Fans k\u00f6nnen Adi H\u00fctters erste Einheiten verfolgen. Das ist der Plan.<\/p>\n<p class=\"text-18 leading-17 user-text-lg:text-22 user-text-xl:text-24\">F\u00fcr die Profis von <a href=\"https:\/\/www.t-online.de\/themen\/eintracht-frankfurt\/\" class=\"transition-colors cursor-pointer no-underline md:hover:text-magenta md:focus:text-magenta border-b border-solid border-current text-salemsfur md:hover:border-magenta\" data-tracking=\"{&quot;action&quot;:&quot;click&quot;,&quot;category&quot;:&quot;intextLink&quot;,&quot;label&quot;:&quot;https:\/\/www.t-online.de\/themen\/eintracht-frankfurt\/&quot;}\" data-sctrack=\"BodyAnchor\" rel=\"nofollow noopener\" target=\"_blank\">Eintracht Frankfurt<\/a> beginnt an diesem Wochenende die Vorbereitung auf die Saison 2026\/27. Am Samstag und Sonntag stehen zun\u00e4chst Leistungs- und Medizinchecks auf dem Programm. Am Montag bittet der <a href=\"https:\/\/staging.debatte.t-online.de\/test-playground\/debatte\/id_101278232\/eintracht-frankfurt-was-bringt-die-rueckkehr-von-adi-huetter-.html\" class=\"transition-colors cursor-pointer no-underline md:hover:text-magenta md:focus:text-magenta border-b border-solid border-current text-salemsfur md:hover:border-magenta\" data-tracking=\"{&quot;action&quot;:&quot;click&quot;,&quot;category&quot;:&quot;intextLink&quot;,&quot;label&quot;:&quot;https:\/\/staging.debatte.t-online.de\/test-playground\/debatte\/id_101278232\/eintracht-frankfurt-was-bringt-die-rueckkehr-von-adi-huetter-.html&quot;}\" data-sctrack=\"BodyAnchor\" rel=\"nofollow noopener\" target=\"_blank\">neue Cheftrainer Adi H\u00fctter<\/a> seine Mannschaft dann erstmals auf den Trainingsplatz.<\/p>\n<p class=\"text-18 leading-17 user-text-lg:text-22 user-text-xl:text-24\">F\u00fcr den \u00d6sterreicher beginnt damit die zweite Amtszeit in Frankfurt. H\u00fctter hatte die Eintracht bereits von 2018 bis 2021 trainiert und damals unter anderem ins Halbfinale der Europa League gef\u00fchrt. Sein neuer Vertrag l\u00e4uft bis 2029.<\/p>\n<p>Fans k\u00f6nnen zweimal beim Training zuschauen<\/p>\n<p class=\"text-18 leading-17 user-text-lg:text-22 user-text-xl:text-24\">Die ersten beiden Einheiten am Montag, 13. Juli, und Mittwoch, 15. Juli, sind \u00f6ffentlich. Beginn ist jeweils um 10.30 Uhr auf dem Trainingsgel\u00e4nde im Deutsche Bank Park.<\/p>\n<p class=\"text-18 leading-17 user-text-lg:text-22 user-text-xl:text-24\">F\u00fcr jede Einheit stellt die Eintracht nach Angaben der &#8222;Hessenschau&#8220; 2.000 kostenlose Tickets zur Verf\u00fcgung. Der Verein selbst spricht von einem begrenzten Kontingent. Karten erhalten ausschlie\u00dflich Mitglieder, deren Mitgliedschaft mit ihrem Eintracht-Konto verkn\u00fcpft ist. Pro Mitglied k\u00f6nnen bis zu vier Tickets gebucht werden. Auch Kinder unter sieben Jahren ben\u00f6tigen eine Karte.<\/p>\n<p class=\"text-18 leading-17 user-text-lg:text-22 user-text-xl:text-24\">Der Einlass \u00fcber die Zug\u00e4nge E1 und E2 beginnt jeweils um 9 Uhr. Ab diesem Zeitpunkt steht auch der Waldparkplatz zur Verf\u00fcgung. Vor Ort soll es zudem ein Fanmobil, einen Verkaufsstand f\u00fcr Fanartikel sowie Getr\u00e4nkeausgaben geben. EintrachtTV \u00fcbertr\u00e4gt die erste Einheit am Montag live.<\/p>\n<p>H\u00fctter ist zur\u00fcck in Frankfurt<\/p>\n<p class=\"text-18 leading-17 user-text-lg:text-22 user-text-xl:text-24\">Nach Informationen der &#8222;Bild&#8220; kehrte H\u00fctter am Donnerstag nach Frankfurt zur\u00fcck. Der Trainer wohne zun\u00e4chst in einem Hotel und suche parallel nach einer Wohnung in der Stadt. Seine Frau Sabrina werde aus beruflichen Gr\u00fcnden in Salzburg bleiben, berichtete die Zeitung.<\/p>\n<p><a href=\"#focus-1\" class=\"transition-colors block text-current relative\" data-sctrack=\"FocusGalleryImage.Reference\"><img   loading=\"lazy\" src=\"https:\/\/www.europesays.com\/de\/wp-content\/uploads\/2026\/07\/adolf-adi-huetter-trainer-von-eintracht-frankfurt-gibt-seinen-spielern-waehrend-des-trainings-anweis.jpeg\" alt=\"Trainer Adi H\u00fctter\" title=\"Trainer Adi H\u00fctter\" width=\"640\" height=\"360\" class=\"h-full w-full max-w-full rounded-8\" decoding=\"async\"\/><img loading=\"lazy\" src=\"https:\/\/frankfurt.t-online.de\/s\/paper\/_next\/static\/media\/zoom-in.f7dae02f.svg\" alt=\"Vergr\u00f6\u00dfern des Bildes\" title=\"Vergr\u00f6\u00dfern des Bildes\" class=\"block h-[calc(var(--height)_\/_16_*_1rem)] w-[calc(var(--width)_\/_16_*_1rem)] max-w-none absolute right-8 bottom-8 rounded-4 bg-snow p-8\" style=\"--width:32;--height:32\" decoding=\"async\"\/>Adolf &#8222;Adi&#8220; H\u00fctter, Trainer von Eintracht Frankfurt, gibt seinen Spielern w\u00e4hrend eines Trainings Anweisungen (Archivbild): Jetzt nimmt er seine Arbeit in Frankfurt wieder auf. (Quelle: Thomas Frey\/Archiv\/dpa)<\/a><\/p>\n<p class=\"text-18 leading-17 user-text-lg:text-22 user-text-xl:text-24\">Der 56-J\u00e4hrige hatte bereits Ende Juni mehrere Tage im Profi-Camp verbracht, Gespr\u00e4che mit Mitgliedern des Funktionsteams gef\u00fchrt und gemeinsam mit seinen Assistenten die Vorbereitung geplant.<\/p>\n<p>Nicht alle Profis sind schon dabei<\/p>\n<p class=\"text-18 leading-17 user-text-lg:text-22 user-text-xl:text-24\">Zum Auftakt werden zun\u00e4chst die Spieler erwartet, die weiterhin bei der Eintracht unter Vertrag stehen und nicht bei der Weltmeisterschaft im Einsatz waren. Die WM-Fahrer sollen abh\u00e4ngig vom Zeitpunkt ihres Ausscheidens sp\u00e4ter zur Mannschaft sto\u00dfen.<\/p>\n<p class=\"text-18 leading-17 user-text-lg:text-22 user-text-xl:text-24\">Laut &#8222;Bild&#8220; will H\u00fctter zun\u00e4chst allen Profis eine neue Chance geben. Entscheidungen \u00fcber Stammpl\u00e4tze, Rollen im Team oder die Zukunft einzelner Spieler sollen dem Bericht zufolge erst auf Grundlage der Trainingseindr\u00fccke fallen.<\/p>\n<p class=\"text-18 leading-17 user-text-lg:text-22 user-text-xl:text-24\">Im Kader wird es noch Bewegung geben: Sehnlichst erwartet werden von den Fans zudem Neuzug\u00e4nge, die die Abg\u00e4nge wichtiger Spieler wie Nathaniel Brown und Rasmus Kristensen abfedern sollen.<\/p>\n","protected":false},"excerpt":{"rendered":"Trainingsauftakt mit Adi H\u00fctter So startet die Eintracht in die neue Saison 10.07.2026 &#8211; 13:38 UhrLesedauer: 3 Min.&hellip;\n","protected":false},"author":2,"featured_media":1156593,"comment_status":"","ping_status":"","sticky":false,"template":"","format":"standard","meta":{"footnotes":"","_share_on_mastodon":"0"},"categories":[1829],"tags":[722,67395,2294,3307,29,460,5855,2050,2051,347,19366,485,30,2052,12862],"class_list":["post-1156592","post","type-post","status-publish","format-standard","has-post-thumbnail","category-frankfurt-am-main","tag-722","tag-adi-huetter","tag-bank","tag-deutsche-bank","tag-deutschland","tag-eintracht-frankfurt","tag-europa-league","tag-frankfurt","tag-frankfurt-am-main","tag-fussball","tag-fussball-wm","tag-fussball-bundesliga","tag-germany","tag-hessen","tag-sommerpause"],"share_on_mastodon":{"url":"https:\/\/pubeurope.com\/@de\/116895560521913676","error":""},"_links":{"self":[{"href":"https:\/\/www.europesays.com\/de\/wp-json\/wp\/v2\/posts\/1156592","targetHints":{"allow":["GET"]}}],"collection":[{"href":"https:\/\/www.europesays.com\/de\/wp-json\/wp\/v2\/posts"}],"about":[{"href":"https:\/\/www.europesays.com\/de\/wp-json\/wp\/v2\/types\/post"}],"author":[{"embeddable":true,"href":"https:\/\/www.europesays.com\/de\/wp-json\/wp\/v2\/users\/2"}],"replies":[{"embeddable":true,"href":"https:\/\/www.europesays.com\/de\/wp-json\/wp\/v2\/comments?post=1156592"}],"version-history":[{"count":0,"href":"https:\/\/www.europesays.com\/de\/wp-json\/wp\/v2\/posts\/1156592\/revisions"}],"wp:featuredmedia":[{"embeddable":true,"href":"https:\/\/www.europesays.com\/de\/wp-json\/wp\/v2\/media\/1156593"}],"wp:attachment":[{"href":"https:\/\/www.europesays.com\/de\/wp-json\/wp\/v2\/media?parent=1156592"}],"wp:term":[{"taxonomy":"category","embeddable":true,"href":"https:\/\/www.europesays.com\/de\/wp-json\/wp\/v2\/categories?post=1156592"},{"taxonomy":"post_tag","embeddable":true,"href":"https:\/\/www.europesays.com\/de\/wp-json\/wp\/v2\/tags?post=1156592"}],"curies":[{"name":"wp","href":"https:\/\/api.w.org\/{rel}","templated":true}]}}