{"id":1156600,"date":"2026-07-10T12:00:15","date_gmt":"2026-07-10T12:00:15","guid":{"rendered":"https:\/\/www.europesays.com\/de\/1156600\/"},"modified":"2026-07-10T12:00:15","modified_gmt":"2026-07-10T12:00:15","slug":"muenchen-wann-sex-im-freien-zur-anzeige-fuehren-kann-muenchen","status":"publish","type":"post","link":"https:\/\/www.europesays.com\/de\/1156600\/","title":{"rendered":"M\u00fcnchen: Wann Sex im Freien zur Anzeige f\u00fchren kann &#8211; M\u00fcnchen"},"content":{"rendered":"<p data-manual=\"paragraph\" data-schema-org-speakable=\"true\" class=\"css-1ygz9cx\">\u201eMeine Bekannte (37) und ich sind an der Isar, Pupplinger Au, markanter Sonnenschirm mit Aperol Werbung, suchen hei\u00dfe Frauen und Paare, ohne gro\u00dfe Anlaufzeit, haben auch ein Wurfzelt dabei, traut euch\u201c: Das Inserat, das ein 55-J\u00e4hriger offenherzig auf einer Sex-Kontaktb\u00f6rse im Internet ver\u00f6ffentlicht hat, ist eindeutig. Und: Der Mann hat offenbar Erfahrung. Denn im Chat verr\u00e4t er, an welchem See bei <a href=\"https:\/\/www.sueddeutsche.de\/thema\/M%C3%BCnchen\" rel=\"nofollow noopener\" target=\"_blank\">M\u00fcnchen<\/a> es gerade \u201erichtig zur Sache\u201c gehe, und er erg\u00e4nzt: \u201eExhibitionisten gibt es dort genug.\u201c<\/p>\n","protected":false},"excerpt":{"rendered":"\u201eMeine Bekannte (37) und ich sind an der Isar, Pupplinger Au, markanter Sonnenschirm mit Aperol Werbung, suchen hei\u00dfe&hellip;\n","protected":false},"author":2,"featured_media":1156601,"comment_status":"","ping_status":"","sticky":false,"template":"","format":"standard","meta":{"footnotes":"","_share_on_mastodon":"0"},"categories":[1827],"tags":[772,29,37885,16745,30,3311,1268,11336,16440,149],"class_list":["post-1156600","post","type-post","status-publish","format-standard","has-post-thumbnail","category-muenchen","tag-bayern","tag-deutschland","tag-fkk","tag-freizeit-in-muenchen","tag-germany","tag-leben-und-gesellschaft-in-muenchen","tag-muenchen","tag-polizei-und-feuerwehr-in-bayern","tag-sexualitaet","tag-sueddeutsche-zeitung"],"share_on_mastodon":{"url":"","error":""},"_links":{"self":[{"href":"https:\/\/www.europesays.com\/de\/wp-json\/wp\/v2\/posts\/1156600","targetHints":{"allow":["GET"]}}],"collection":[{"href":"https:\/\/www.europesays.com\/de\/wp-json\/wp\/v2\/posts"}],"about":[{"href":"https:\/\/www.europesays.com\/de\/wp-json\/wp\/v2\/types\/post"}],"author":[{"embeddable":true,"href":"https:\/\/www.europesays.com\/de\/wp-json\/wp\/v2\/users\/2"}],"replies":[{"embeddable":true,"href":"https:\/\/www.europesays.com\/de\/wp-json\/wp\/v2\/comments?post=1156600"}],"version-history":[{"count":0,"href":"https:\/\/www.europesays.com\/de\/wp-json\/wp\/v2\/posts\/1156600\/revisions"}],"wp:featuredmedia":[{"embeddable":true,"href":"https:\/\/www.europesays.com\/de\/wp-json\/wp\/v2\/media\/1156601"}],"wp:attachment":[{"href":"https:\/\/www.europesays.com\/de\/wp-json\/wp\/v2\/media?parent=1156600"}],"wp:term":[{"taxonomy":"category","embeddable":true,"href":"https:\/\/www.europesays.com\/de\/wp-json\/wp\/v2\/categories?post=1156600"},{"taxonomy":"post_tag","embeddable":true,"href":"https:\/\/www.europesays.com\/de\/wp-json\/wp\/v2\/tags?post=1156600"}],"curies":[{"name":"wp","href":"https:\/\/api.w.org\/{rel}","templated":true}]}}