{"id":1156612,"date":"2026-07-10T12:06:17","date_gmt":"2026-07-10T12:06:17","guid":{"rendered":"https:\/\/www.europesays.com\/de\/1156612\/"},"modified":"2026-07-10T12:06:17","modified_gmt":"2026-07-10T12:06:17","slug":"3-streetstyles-von-der-berlin-fashion-week-die-wir-jetzt-nachshoppen","status":"publish","type":"post","link":"https:\/\/www.europesays.com\/de\/1156612\/","title":{"rendered":"3 Streetstyles von der Berlin Fashion Week, die wir jetzt nachshoppen"},"content":{"rendered":"<p style=\"--affiliateIcon:url(\/shared\/images\/cart.svg)\" class=\"ParagraphText_copy__UrR6V tokens_instyle_body__yjQ5G ParagraphText_instyle_copy__3n6sI paragraph-splittext-entityType_not_set ab-splittext-entityType_not_set\">Nach wie vor ein Sommer-Favorit: <a data-product-link=\"\" class=\"Link_link__8O7yy paragraph-splittext-entityType_not_set ab-splittext-entityType_not_set\" rel=\"nofollow noopener\" href=\"https:\/\/td.oo34.net\/cl\/?aaid=a404166872b94121&amp;ein=vcd5ogpx12yeitsf&amp;paid=A1RFFaUGrH9YEbRJ&amp;subid=vcd5ogpx12yeitsf-NewsArticle-146294-textlink-ecom-web\" target=\"_blank\"><strong>Bermuda-Shorts<\/strong><\/a>. Ihr l\u00e4ngerer, lockerer Schnitt ist es, der ihnen Coolness und gleichzeitig Eleganz verleiht. Besonders Modelle aus Denim oder Anzugstoffen waren in Berlin zu sehen, weil sie sowohl l\u00e4ssig als auch schick wirken. Gestylt werden sie mit Oversize-Hemden oder flie\u00dfenden Blusen, die locker \u00fcber die Hose fallen. Mesh-Ballerinas oder Sandaletten runden die Ensembles der Mode-Profis ab.\u00a0<\/p>\n","protected":false},"excerpt":{"rendered":"Nach wie vor ein Sommer-Favorit: Bermuda-Shorts. Ihr l\u00e4ngerer, lockerer Schnitt ist es, der ihnen Coolness und gleichzeitig Eleganz&hellip;\n","protected":false},"author":2,"featured_media":1156613,"comment_status":"","ping_status":"","sticky":false,"template":"","format":"standard","meta":{"footnotes":"","_share_on_mastodon":"0"},"categories":[1825],"tags":[296,29,23883,21521,30,80246,280,191654,242660,242661],"class_list":["post-1156612","post","type-post","status-publish","format-standard","has-post-thumbnail","category-berlin","tag-berlin","tag-deutschland","tag-fashion","tag-fashion-week","tag-germany","tag-inspiration","tag-modetrends","tag-modetrends-fruehjahr-sommer-2026","tag-street-style","tag-styling-tipps-outfit-ideen"],"share_on_mastodon":{"url":"https:\/\/pubeurope.com\/@de\/116895598996562176","error":""},"_links":{"self":[{"href":"https:\/\/www.europesays.com\/de\/wp-json\/wp\/v2\/posts\/1156612","targetHints":{"allow":["GET"]}}],"collection":[{"href":"https:\/\/www.europesays.com\/de\/wp-json\/wp\/v2\/posts"}],"about":[{"href":"https:\/\/www.europesays.com\/de\/wp-json\/wp\/v2\/types\/post"}],"author":[{"embeddable":true,"href":"https:\/\/www.europesays.com\/de\/wp-json\/wp\/v2\/users\/2"}],"replies":[{"embeddable":true,"href":"https:\/\/www.europesays.com\/de\/wp-json\/wp\/v2\/comments?post=1156612"}],"version-history":[{"count":0,"href":"https:\/\/www.europesays.com\/de\/wp-json\/wp\/v2\/posts\/1156612\/revisions"}],"wp:featuredmedia":[{"embeddable":true,"href":"https:\/\/www.europesays.com\/de\/wp-json\/wp\/v2\/media\/1156613"}],"wp:attachment":[{"href":"https:\/\/www.europesays.com\/de\/wp-json\/wp\/v2\/media?parent=1156612"}],"wp:term":[{"taxonomy":"category","embeddable":true,"href":"https:\/\/www.europesays.com\/de\/wp-json\/wp\/v2\/categories?post=1156612"},{"taxonomy":"post_tag","embeddable":true,"href":"https:\/\/www.europesays.com\/de\/wp-json\/wp\/v2\/tags?post=1156612"}],"curies":[{"name":"wp","href":"https:\/\/api.w.org\/{rel}","templated":true}]}}