{"id":1156654,"date":"2026-07-10T12:31:20","date_gmt":"2026-07-10T12:31:20","guid":{"rendered":"https:\/\/www.europesays.com\/de\/1156654\/"},"modified":"2026-07-10T12:31:20","modified_gmt":"2026-07-10T12:31:20","slug":"landesmuseum-in-mainz-in-den-sommerferien-fuer-menschen-unter-18-jahren-kostenlos-auch-burgen-und-schloesser-im-land-gratis","status":"publish","type":"post","link":"https:\/\/www.europesays.com\/de\/1156654\/","title":{"rendered":"Landesmuseum in Mainz in den Sommerferien f\u00fcr Menschen unter 18 Jahren kostenlos &#8211; Auch Burgen und Schl\u00f6sser im Land gratis"},"content":{"rendered":"<p>Sommerferien, und Langeweile? Wie w\u00e4re es dann mal mit einem Trip auf eine der Burgen im Mittelrheintal oder dem Besuch im Mainzer Landesmuseum? Dort lockt immerhin noch die gro\u00dfe Fu\u00dfball-Ausstellung neben den vielen historischen Sch\u00e4tzen, und das jetzt f\u00fcr einige Wochen auch noch kostenlos: Vom 26. Juni bis zum 9. August 2026 ist der Besuch in den Burgen, Schl\u00f6ssern und eben auch Landesmuseen des Landes Rheinland-Pfalz f\u00fcr Kinder und Jugendliche unter 18 Jahren kostenlos.<\/p>\n<p><img fetchpriority=\"high\" decoding=\"async\" class=\"wp-image-60294\" src=\"https:\/\/www.europesays.com\/de\/wp-content\/uploads\/2026\/07\/Minister-Sven-Teuber-in-Ausstellugn-Fussballfieber-von-hinten-kleiner-300x230.jpg\" alt=\"Kulturminister Sven Teuber (SPD) im Fu\u00dfballtrikot bei der Er\u00f6ffnung der Ausstellung &quot;Fu\u00dfballfieber&quot; im Mainzer Landesmuseum. - Foto: gik\" width=\"380\" height=\"291\"  \/>Kulturminister Sven Teuber (SPD) im Fu\u00dfballtrikot bei der Er\u00f6ffnung der Ausstellung \u201eFu\u00dfballfieber\u201c im Mainzer Landesmuseum. \u2013 Foto: gik<\/p>\n<p>\u201eKultur auf die 1\u201c hei\u00dft das neue Landesprogramm, damit wolle man kulturelle Teilhabe gerade f\u00fcr junge Menschen erm\u00f6glichen, sagte der neue Kulturminister Sven Teuber (SPD) bei der Vorstellung Ende Juni, und betonte: \u201eKultur darf kein Luxus sein, schon gar nicht f\u00fcr junge Menschen.\u201c Das Programm sei ein Pilotversuch, sagte Teuber weiter, man wolle damit \u201eschauen, wie das Angebot bei jungen Menschen und Familien ankommt.\u201c<\/p>\n<p>In Mainz ist in dem Programm das Landesmuseum in der Gro\u00dfen Bleiche dabei, hier kostet der Eintritt regul\u00e4r 6,- Euro f\u00fcr Erwachsene, Kinder und Jugendliche zwischen 6 und 17 Jahren zahlen normalerweise 3,- Euro. Die Stadt Mainz hingegen hatte erst 2025 im Zuge des Haushalts-Sparprogramms die Eintrittspreise f\u00fcr ihr kombiniertes Gutenberg- und Naturhistorisches Museum drastisch auf 10,- Euro erh\u00f6ht.<\/p>\n<p>&#8211; Werbung &#8211; <a href=\"https:\/\/mainzund.de\/werben-auf-mainzund\/\/\" target=\"_blank\" rel=\"noopener nofollow\"><img loading=\"lazy\" decoding=\"async\" class=\"alignnone\" src=\"https:\/\/www.europesays.com\/de\/wp-content\/uploads\/2025\/04\/Banner-Tulpen-Text-neu-1068.jpg\" alt=\"Werben auf Mainz&amp;\" width=\"468\" height=\"60\"\/><\/a><\/p>\n<p>\u00a0<\/p>\n<p>Pilotprojekt freier Eintritt soll junge Menschen ins Museum locken<\/p>\n<p>Rheinland-Pfalz hat aktuell die Pr\u00e4sidentschaft der Kulturministerkonferenz inne, im Mittelpunkt der Pr\u00e4sidentschaft steht das Ziel, jungen Menschen noch mehr Zugang zu Kultur und kulturelle Teilhabe zu erm\u00f6glichen \u2013 vor diesem Hintergrund l\u00e4uft die aktuelle Aktion. Rheinland-Pfalz wolle so zeigen, wie man die Rolle mit eigenen Impulsen f\u00fclle, und zugleich Erkenntnisse auch f\u00fcr andere Bundesl\u00e4nder liefern.<\/p>\n<p><img loading=\"lazy\" decoding=\"async\" class=\"wp-image-38419\" src=\"https:\/\/www.europesays.com\/de\/wp-content\/uploads\/2026\/07\/Mainzer-Landesmuseum-vorne-kleiner-300x228.jpg\" alt=\"Das Mainzer Landesmuseum in der Gro\u00dfen Bleiche bietet in der Ferienzeit freien Eintritt f\u00fcr alle unter 18 Jahren. - Foto: gik \" width=\"380\" height=\"289\"  \/>Das Mainzer Landesmuseum in der Gro\u00dfen Bleiche bietet in der Ferienzeit freien Eintritt f\u00fcr alle unter 18 Jahren. \u2013 Foto: gik<\/p>\n<p>\u201eWir freuen uns, das reiche kulturelle Erbe des Landes so noch niedrigschwelliger \u00f6ffnen, und Kindern und Jugendlichen Geschichte lebendig vermitteln zu k\u00f6nnen\u201c, sagte die Direktorin der Generaldirektion f\u00fcr Kulturelles Erbe, Heike Otto. An dem Programm nehmen insgesamt 15 Liegenschaften des Landes Teil, von Mainz aus ist neben dem Landesmuseum in Mainz nur ein weiteres in unmittelbarer N\u00e4he: Auch die Burg Pfalzgrafenstein bei Kaub bietet kostenlosen Eintritt unter 18 Jahren.<\/p>\n<p>Die ganze Liste der mitmachenden Kulturdenkm\u00e4ler findet Ihr unten \u2013 auch ein Ausflug nach Koblenz oder Trier kann ja lohnend sein. Beim Land betont man noch, dass Sonderprogramme, F\u00fchrungen und Gruppenangebote kein Bestandteil des Programms sind, und regul\u00e4r gezahlt werden m\u00fcssen.<\/p>\n<p><strong>Info&amp; auf Mainz&amp;: <\/strong>Das Programm \u201eKultur auf die 1\u201c mit freiem Eintritt f\u00fcr alle unter 18 Jahren gilt vom Vom 26. Juni bis zum 9. August 2026.\u00a0<\/p>\n<p>Folgende Museen, Burgen und Schl\u00f6sser des Landes machen bei dem Pilotprojekt mit:<\/p>\n<ul>\n<li>Landesmuseum Mainz<\/li>\n<li>Landesmuseum Koblenz<\/li>\n<li>Rheinisches Landesmuseum Trier<\/li>\n<li>Kulturzentrum Festung Ehrenbreitstein (ohne Seilbahn Koblenz)<\/li>\n<li>Zentrum der Antike Trier mit Porta Nigra, Kaiserthermen, Amphitheater sowie Thermen am Viehmarkt<\/li>\n<li>Schloss Stolzenfels \/ Koblenz<\/li>\n<li>Schloss B\u00fcrresheim \/ Mayen-Koblenz<\/li>\n<li>Burg Pfalzgrafenstein \/ Kaub<\/li>\n<li>Schloss- und Festungsruine Hardenburg \/ Bad D\u00fcrkheim<\/li>\n<li>Schloss Villa Ludwigsh\u00f6he \/ Edenkoben<\/li>\n<li>Reichsburg Trifels \/ Annweiler<\/li>\n<li>Burg Nanstein \/ Landstuhl<\/li>\n<li>N\u00fcrburg \/ N\u00fcrburg<\/li>\n<li>Burg Sooneck \/ Niederheimbach<\/li>\n<li>Klause Kastel \/ Kastel-Staadt<\/li>\n<li>Arp Museum Bahnhof Rolandseck \/ Remagen<\/li>\n<\/ul>\n<p>\u00a0<\/p>\n","protected":false},"excerpt":{"rendered":"Sommerferien, und Langeweile? Wie w\u00e4re es dann mal mit einem Trip auf eine der Burgen im Mittelrheintal oder&hellip;\n","protected":false},"author":2,"featured_media":1156655,"comment_status":"","ping_status":"","sticky":false,"template":"","format":"standard","meta":{"footnotes":"","_share_on_mastodon":"0"},"categories":[1847],"tags":[3364,29,548,663,3934,242664,242665,30,13,2052,209127,14,15,12,242666,162759,4544],"class_list":["post-1156654","post","type-post","status-publish","format-standard","has-post-thumbnail","category-wiesbaden","tag-de","tag-deutschland","tag-eu","tag-europa","tag-europe","tag-freier-eintritt-in-museen-fuer-kinder","tag-gdke-rheinland-pfalz","tag-germany","tag-headlines","tag-hessen","tag-landesmuseum-mainz","tag-nachrichten","tag-news","tag-schlagzeilen","tag-schloss-pfalzgrafenstein","tag-sven-teuber","tag-wiesbaden"],"share_on_mastodon":{"url":"https:\/\/pubeurope.com\/@de\/116895698802010824","error":""},"_links":{"self":[{"href":"https:\/\/www.europesays.com\/de\/wp-json\/wp\/v2\/posts\/1156654","targetHints":{"allow":["GET"]}}],"collection":[{"href":"https:\/\/www.europesays.com\/de\/wp-json\/wp\/v2\/posts"}],"about":[{"href":"https:\/\/www.europesays.com\/de\/wp-json\/wp\/v2\/types\/post"}],"author":[{"embeddable":true,"href":"https:\/\/www.europesays.com\/de\/wp-json\/wp\/v2\/users\/2"}],"replies":[{"embeddable":true,"href":"https:\/\/www.europesays.com\/de\/wp-json\/wp\/v2\/comments?post=1156654"}],"version-history":[{"count":0,"href":"https:\/\/www.europesays.com\/de\/wp-json\/wp\/v2\/posts\/1156654\/revisions"}],"wp:featuredmedia":[{"embeddable":true,"href":"https:\/\/www.europesays.com\/de\/wp-json\/wp\/v2\/media\/1156655"}],"wp:attachment":[{"href":"https:\/\/www.europesays.com\/de\/wp-json\/wp\/v2\/media?parent=1156654"}],"wp:term":[{"taxonomy":"category","embeddable":true,"href":"https:\/\/www.europesays.com\/de\/wp-json\/wp\/v2\/categories?post=1156654"},{"taxonomy":"post_tag","embeddable":true,"href":"https:\/\/www.europesays.com\/de\/wp-json\/wp\/v2\/tags?post=1156654"}],"curies":[{"name":"wp","href":"https:\/\/api.w.org\/{rel}","templated":true}]}}