{"id":1156671,"date":"2026-07-10T12:40:15","date_gmt":"2026-07-10T12:40:15","guid":{"rendered":"https:\/\/www.europesays.com\/de\/1156671\/"},"modified":"2026-07-10T12:40:15","modified_gmt":"2026-07-10T12:40:15","slug":"pina-bauschs-tanztheater-wuppertal-gastiert-in-frankreich","status":"publish","type":"post","link":"https:\/\/www.europesays.com\/de\/1156671\/","title":{"rendered":"Pina Bauschs Tanztheater Wuppertal gastiert in Frankreich"},"content":{"rendered":"<p class=\"text_ohne_einzug richtext text-em-55 !leading-serif mx-6 desktop:mx-0\">Ein Meer aus Nelken. Fast 10.000 St\u00fcck. Es erstreckt sich bis zum B\u00fchnenhintergrund, der hier nicht von einer schwarzen Brandmauer ges\u00e4umt wird, sondern von einem Wald aus Pinien. Auf der B\u00fchne wirken die Nelken wie Fremdk\u00f6rper, deplatziert, aber wundersch\u00f6n. Hier, in dieser von Trockenheit gepr\u00e4gten Mittelmeerkulisse ebenso entr\u00fcckt. Das Meer und die Lichter von Toulon sieht man noch durch die Zweige der Pinien im B\u00fchnenhintergrund hindurchblitzen. Das Tanztheater <a href=\"https:\/\/rp-online.de\/thema\/wuppertal\/\" rel=\"nofollow noopener\" target=\"_blank\">Wuppertal<\/a> <a href=\"https:\/\/rp-online.de\/thema\/pina-bausch\/\" rel=\"nofollow noopener\" target=\"_blank\">Pina Bausch<\/a> gastiert in S\u00fcdfrankreich. Die Auff\u00fchrung von \u201eNelken\u201c, einem Tanztheaterklassiker von 1982, bildet den H\u00f6hepunkt des Festivals von Ch\u00e2teauvallon-Libert\u00e9.<\/p>\n<p class=\"richtext text-em-55 !leading-serif mx-6 desktop:mx-0\">Die Zikaden haben p\u00fcnktlich um 22 Uhr ihren Gesang eingestellt. Jetzt herrscht Stille in den Bergen oberhalb von Toulon. Nur ein paar Fr\u00f6sche quaken, als g\u00e4ben sie ihren Kommentar ab zu jenen merkw\u00fcrdigen Damen und Herren in Abendgarderobe, die hier durch ein Meer aus Nelken rennen, staksen, in Reihe mal stehend, mal sitzend, mal liegend tanzen. Seltsam aus der Zeit gefallen wirken sie hier in Ch\u00e2teauvallon, einem Amphitheater aus Sandstein. Trotz 1200 Pl\u00e4tzen, nat\u00fcrlich ausverkauft, wirkt die Auff\u00fchrung fast intim, so nah sitzt man am Geschehen.<\/p>\n<p class=\"richtext text-em-55 !leading-serif mx-6 desktop:mx-0\">Pina Bauschs St\u00fcck von 1982 hat sich eine junge Generation von T\u00e4nzerinnen und T\u00e4nzern erobert, kein Wunder, ist es doch heiter und bedrohlich, verspielt, \u00fcberreich an szenischen Ideen, dabei bildgewaltig und ein tolles Ensemblest\u00fcck mit Bauschs ber\u00fchmten Reihent\u00e4nzen. Etwa die \u201eNelkenline\u201c, eine gestische Darstellung der vier Jahreszeiten, die von Laien auf der ganzen Welt getanzt wird. Es ist eines der wenigen St\u00fccke von Pina Bausch, die sich f\u00fcr eine Open-Air-Auff\u00fchrung eignen, denn nichts kommt von oben, kein Wasser, keine Bl\u00fctenbl\u00e4tter. Ein Exportschlager des Tanztheater Wuppertal, immer noch.<\/p>\n<p class=\"richtext text-em-55 !leading-serif mx-6 desktop:mx-0\">Am Ende des eindr\u00fccklichen Abends liegen die Nelken zertrampelt auf dem Boden. Und es regnet doch noch: pinke Sitzkissen. Das ist eine Besonderheit in Ch\u00e2teauvallon: Wem es gefallen hat, wirft sein Kissen auf die B\u00fchne als Zeichen der Anerkennung.<\/p>\n<p class=\"richtext text-em-55 !leading-serif mx-6 desktop:mx-0\">99 Prozent Auslastung konnte das Tanztheater Wuppertal f\u00fcr die vergangene Spielzeit vermelden. Die Nachfrage nach St\u00fccken ist ungebrochen. Hier, in S\u00fcdfrankreich, bekommt man einen Eindruck, warum. Gespielt wird eine franz\u00f6sische Fassung, alle Texte werden auf Franz\u00f6sisch gesprochen \u2013 und das ist in \u201eNelken\u201c nicht gerade wenig. Ein T\u00e4nzer fordert die anderen auf, ihren \u201epasseporte\u201c zu zeigen. Ein Mann soll einen Hund nachahmen und auf vier Beinen laufen, solche Szenen sind universell verst\u00e4ndlich, zeitlos.<\/p>\n<p class=\"richtext text-em-55 !leading-serif mx-6 desktop:mx-0\">In <a href=\"https:\/\/rp-online.de\/thema\/frankreich\/\" rel=\"nofollow noopener\" target=\"_blank\">Frankreich<\/a> gastiert das Tanztheater regelm\u00e4\u00dfig, das war schon zu Pina Bauschs Zeiten \u2013 die T\u00e4nzerin und Choreografin starb 2009 \u2013 so. Von den 83 Vorstellungen, die f\u00fcr die n\u00e4chste Spielzeit angek\u00fcndigt sind, finden 51 in aller Welt statt.<\/p>\n<p class=\"richtext text-em-55 !leading-serif mx-6 desktop:mx-0\">Das Interesse an Pina Bauschs Werken scheint ungebrochen. Dazu passt auch die j\u00fcngste Werkstatistik des Deutschen B\u00fchnenvereins. Danach steht Pina Bausch als Choreografin in der Besucherstatistik in Deutschland, \u00d6sterreich und der Schweiz auf Platz 4, hinter John Neumeier, Hans van Manen und William Forsythe \u2013 noch vor Sharon Eyal. N\u00e4chste Saison zeigt das Tanztheater elf Werke aus vier Jahrzehnten von Pina Bausch. Erstmals seit 2015 sind wieder \u201eDanzon\u201c und \u201eDer Fensterputzer\u201c zu sehen \u2013 Highlights. Gastieren wird das Ensemble in London, New York, Madrid, Brest, Athen, Ludwigshafen und Wien.<\/p>\n<p class=\"richtext text-em-55 !leading-serif mx-6 desktop:mx-0\">Und vermutlich werden auch dann die Zuschauer am Ende jubeln, wie hier in Ch\u00e2teauvallon.<\/p>\n","protected":false},"excerpt":{"rendered":"Ein Meer aus Nelken. Fast 10.000 St\u00fcck. Es erstreckt sich bis zum B\u00fchnenhintergrund, der hier nicht von einer&hellip;\n","protected":false},"author":2,"featured_media":1156672,"comment_status":"","ping_status":"","sticky":false,"template":"","format":"standard","meta":{"footnotes":"","_share_on_mastodon":"0"},"categories":[1840],"tags":[14142,61619,96,242669,242674,242668,3364,29,30,14367,242671,235459,242673,1209,14141,242670,28244,242672,4418],"class_list":["post-1156671","post","type-post","status-publish","format-standard","has-post-thumbnail","category-wuppertal","tag-bausch","tag-bauschs","tag-buehne","tag-buehnenhintergrund","tag-buehnenvereins","tag-chateauvallon","tag-de","tag-deutschland","tag-germany","tag-meer","tag-mittelmeerkulisse","tag-nelken","tag-nelkenline","tag-nordrhein-westfalen","tag-pina","tag-pinien","tag-tanztheater","tag-tanztheaterklassiker","tag-wuppertal"],"share_on_mastodon":{"url":"https:\/\/pubeurope.com\/@de\/116895732667772177","error":""},"_links":{"self":[{"href":"https:\/\/www.europesays.com\/de\/wp-json\/wp\/v2\/posts\/1156671","targetHints":{"allow":["GET"]}}],"collection":[{"href":"https:\/\/www.europesays.com\/de\/wp-json\/wp\/v2\/posts"}],"about":[{"href":"https:\/\/www.europesays.com\/de\/wp-json\/wp\/v2\/types\/post"}],"author":[{"embeddable":true,"href":"https:\/\/www.europesays.com\/de\/wp-json\/wp\/v2\/users\/2"}],"replies":[{"embeddable":true,"href":"https:\/\/www.europesays.com\/de\/wp-json\/wp\/v2\/comments?post=1156671"}],"version-history":[{"count":0,"href":"https:\/\/www.europesays.com\/de\/wp-json\/wp\/v2\/posts\/1156671\/revisions"}],"wp:featuredmedia":[{"embeddable":true,"href":"https:\/\/www.europesays.com\/de\/wp-json\/wp\/v2\/media\/1156672"}],"wp:attachment":[{"href":"https:\/\/www.europesays.com\/de\/wp-json\/wp\/v2\/media?parent=1156671"}],"wp:term":[{"taxonomy":"category","embeddable":true,"href":"https:\/\/www.europesays.com\/de\/wp-json\/wp\/v2\/categories?post=1156671"},{"taxonomy":"post_tag","embeddable":true,"href":"https:\/\/www.europesays.com\/de\/wp-json\/wp\/v2\/tags?post=1156671"}],"curies":[{"name":"wp","href":"https:\/\/api.w.org\/{rel}","templated":true}]}}