{"id":1156686,"date":"2026-07-10T12:48:16","date_gmt":"2026-07-10T12:48:16","guid":{"rendered":"https:\/\/www.europesays.com\/de\/1156686\/"},"modified":"2026-07-10T12:48:16","modified_gmt":"2026-07-10T12:48:16","slug":"extreme-hitze-frankreich-aktiviert-hitze-notfallplan","status":"publish","type":"post","link":"https:\/\/www.europesays.com\/de\/1156686\/","title":{"rendered":"Extreme Hitze: Frankreich aktiviert Hitze-Notfallplan"},"content":{"rendered":"<p class=\"paragraph article__item\">Die franz\u00f6sische Regierung hat wegen der starken <a class=\"rtr-entity\" href=\"https:\/\/www.zeit.de\/thema\/hitze\" rel=\"nofollow noopener\" target=\"_blank\">Hitze<\/a> in Frankreich einen bisher einmaligen Hitze-Notfallplan veranlasst. Der Plan sehe unter anderem die Einrichtung von Abk\u00fchlungszentren f\u00fcr gef\u00e4hrdete Menschen vor, teilte die Regierungssprecherin Maud Bregeon im Sender TF1 mit. Dazu geh\u00f6rten vor allem \u00e4ltere Menschen, aber auch etwa Obdachlose.\u00a0\n<\/p>\n<p class=\"paragraph article__item\">In den klimatisierten Zentren k\u00f6nnten sich die Menschen f\u00fcr einige Stunden aufhalten oder auch \u00fcbernachten, sagte der Direktor des franz\u00f6sischen Zivilschutzes, Julien Marion, beim Sender BFMTV. Das B\u00fcro des Premierministers S\u00e9bastien Lecornu best\u00e4tigte den Start der Ma\u00dfnahme.\n<\/p>\n<p class=\"paragraph article__item\">Der Plan gilt demnach auch f\u00fcr D\u00e9partements mit der h\u00f6chsten Hitzewarnstufe. Laut dem franz\u00f6sischen Wetterdienst M\u00e9t\u00e9o France sind derzeit neun D\u00e9partements im Westen Frankreichs betroffen. Am Samstag soll sich das Gebiet ausweiten, dann gilt auch f\u00fcr den Gro\u00dfraum Paris die Alarmstufe rot. Es werden Temperaturen bis an die 40-Grad-Marke erwartet.\n<\/p>\n<p class=\"paragraph article__item\">Dieser Artikel wird weiter aktualisiert.<\/p>\n","protected":false},"excerpt":{"rendered":"Die franz\u00f6sische Regierung hat wegen der starken Hitze in Frankreich einen bisher einmaligen Hitze-Notfallplan veranlasst. Der Plan sehe&hellip;\n","protected":false},"author":2,"featured_media":1156687,"comment_status":"","ping_status":"","sticky":false,"template":"","format":"standard","meta":{"footnotes":"","_share_on_mastodon":"0"},"categories":[3974],"tags":[331,332,548,663,3934,114583,3980,156,13,11607,18113,14,15,55675,12,242676,193],"class_list":["post-1156686","post","type-post","status-publish","format-standard","has-post-thumbnail","category-frankreich","tag-aktuelle-nachrichten","tag-aktuelle-news","tag-eu","tag-europa","tag-europe","tag-extreme-hitze","tag-france","tag-frankreich","tag-headlines","tag-hitze","tag-hitzewelle","tag-nachrichten","tag-news","tag-notfallplan","tag-schlagzeilen","tag-westen-frankreich","tag-wissenschaft"],"share_on_mastodon":{"url":"https:\/\/pubeurope.com\/@de\/116895764224582024","error":""},"_links":{"self":[{"href":"https:\/\/www.europesays.com\/de\/wp-json\/wp\/v2\/posts\/1156686","targetHints":{"allow":["GET"]}}],"collection":[{"href":"https:\/\/www.europesays.com\/de\/wp-json\/wp\/v2\/posts"}],"about":[{"href":"https:\/\/www.europesays.com\/de\/wp-json\/wp\/v2\/types\/post"}],"author":[{"embeddable":true,"href":"https:\/\/www.europesays.com\/de\/wp-json\/wp\/v2\/users\/2"}],"replies":[{"embeddable":true,"href":"https:\/\/www.europesays.com\/de\/wp-json\/wp\/v2\/comments?post=1156686"}],"version-history":[{"count":0,"href":"https:\/\/www.europesays.com\/de\/wp-json\/wp\/v2\/posts\/1156686\/revisions"}],"wp:featuredmedia":[{"embeddable":true,"href":"https:\/\/www.europesays.com\/de\/wp-json\/wp\/v2\/media\/1156687"}],"wp:attachment":[{"href":"https:\/\/www.europesays.com\/de\/wp-json\/wp\/v2\/media?parent=1156686"}],"wp:term":[{"taxonomy":"category","embeddable":true,"href":"https:\/\/www.europesays.com\/de\/wp-json\/wp\/v2\/categories?post=1156686"},{"taxonomy":"post_tag","embeddable":true,"href":"https:\/\/www.europesays.com\/de\/wp-json\/wp\/v2\/tags?post=1156686"}],"curies":[{"name":"wp","href":"https:\/\/api.w.org\/{rel}","templated":true}]}}