{"id":1156714,"date":"2026-07-10T13:06:16","date_gmt":"2026-07-10T13:06:16","guid":{"rendered":"https:\/\/www.europesays.com\/de\/1156714\/"},"modified":"2026-07-10T13:06:16","modified_gmt":"2026-07-10T13:06:16","slug":"abstimmung-zu-infrastruktur-uneins-im-bundesrat-droht-koalitionskrach-in-bremen","status":"publish","type":"post","link":"https:\/\/www.europesays.com\/de\/1156714\/","title":{"rendered":"Abstimmung zu Infrastruktur: Uneins im Bundesrat &#8211; Droht Koalitionskrach in Bremen?"},"content":{"rendered":"<p class=\"paragraph article__item\">Die Bremer Landesregierung hat im <a class=\"rtr-entity\" href=\"https:\/\/www.zeit.de\/thema\/bundesrat\" rel=\"nofollow noopener\" target=\"_blank\">Bundesrat<\/a> unterschiedlich abgestimmt. Die Stimme aus Bremen ist damit ung\u00fcltig. Ein solcher Vorfall ist \u00e4u\u00dfert ungew\u00f6hnlich &#8211; und oft eine Belastungsprobe f\u00fcr eine Koalition.\u00a0\n<\/p>\n<p>Aktuelles<\/p>\n<p>                <a href=\"https:\/\/www.zeit.de\/politik\/deutschland\/2026-06\/infrastrukturgesetz-bundesregierung-genehmigungsverfahren-projekte\" data-ct-label=\"Infrastrukturgesetz: Bundestag beschlie\u00dft Gesetz f\u00fcr schnellere Verkehrsprojekte\" data-uuid=\"09ae35df-37ff-41aa-9835-87e6cdc493c3\" rel=\"nofollow noopener\" target=\"_blank\"><\/p>\n<p>                        Infrastrukturgesetz:<br \/>\n                        Bundestag beschlie\u00dft Gesetz f\u00fcr schnellere Verkehrsprojekte<\/p>\n<p>                <\/a><\/p>\n<p>                <a href=\"https:\/\/www.zeit.de\/politik\/ausland\/2026-07\/infrastruktur-zukunftsgesetz-bundesrat-sondervermoegen-bauprojekte-gxe\" data-ct-label=\"Infrastruktur-Beschleunigung: Bundesrat beschlie\u00dft Gesetz zum schnelleren Ausbau der Infrastruktur\" data-uuid=\"9d271662-c29f-435f-856f-380c67c588c5\" rel=\"nofollow noopener\" target=\"_blank\"><\/p>\n<p>                        Infrastruktur-Beschleunigung:<br \/>\n                        Bundesrat beschlie\u00dft Gesetz zum schnelleren Ausbau der Infrastruktur<\/p>\n<p>                <\/a><\/p>\n<p>                <a href=\"https:\/\/www.zeit.de\/politik\/deutschland\/2026-06\/heizungsgesetz-gebaeudemodernisierung-oel-gasheizungen-biotreppe\" data-ct-label=\"Heizungsgesetz: Linke pr\u00fcft Klage gegen Heizungsgesetz nach Debatte im Bundestag\" data-uuid=\"5b357f38-2d54-4258-918e-efd91edbb425\" rel=\"nofollow noopener\" target=\"_blank\"><\/p>\n<p>                        Heizungsgesetz:<br \/>\n                        Linke pr\u00fcft Klage gegen Heizungsgesetz nach Debatte im Bundestag<\/p>\n<p>                <\/a><\/p>\n<p>                    Ein Land, zwei Stimmen            <\/p>\n<p class=\"paragraph article__item\">Bei der Abstimmung ging es um das sogenannte Infrastruktur-Zukunftsgesetz. <a class=\"rtr-entity\" href=\"https:\/\/www.zeit.de\/thema\/bremen\" rel=\"nofollow noopener\" target=\"_blank\">Bremens<\/a> Regierungschef Andreas Bovenschulte (SPD) betonte, das Gesetz sei von au\u00dferordentlicher Bedeutung. Finanzsenator Bj\u00f6rn Fecker (Gr\u00fcne) lehnte die Pl\u00e4ne jedoch ab. Im Bundesrat m\u00fcssen L\u00e4nder einheitlich abstimmen, ansonsten z\u00e4hlt ihre Stimme nicht.\u00a0\n<\/p>\n<p class=\"paragraph article__item\">Bremens Bau- und Verkehrssenatorin \u00d6zlem \u00dcnsal bedauert die Unstimmigkeiten. \u00abEs ist entt\u00e4uschend, dass Bremen sich nicht zu einem klaren Bekenntnis f\u00fcr dieses wichtige Infrastrukturgesetz durchringen konnte &#8211; gerade, weil es die Projekte beschleunigt, die f\u00fcr unser Bundesland entscheidend sind\u00bb, betonte die SPD-Politikerin. Bremen habe selbst daf\u00fcr gek\u00e4mpft, dass etwa die Br\u00fccken \u00fcber die Weser schneller ersetzt und der Hafen schneller ausgebaut werden k\u00f6nne. \u00abUmso unverst\u00e4ndlicher bleibt es, dass es am Ende aufgrund der Vorbehalte des gr\u00fcnen Koalitionspartners gegen den Ausbau der H\u00e4fen keine Zustimmung gab.\u00bb\n<\/p>\n<p>            Worum es in dem Gesetz geht            <\/p>\n<p class=\"paragraph article__item\">Am Ende beschloss der Bundesrat das neue Gesetz. Es soll f\u00fcr mehr Tempo bei Bauprojekten von Autobahnen, Schienen und Wasserwegen sorgen. Mehrere Verfahrens-, Planungs- und Umweltvorschriften werden ge\u00e4ndert. Wenn Projekte etwa als besonders zentral eingeordnet werden, sollen n\u00f6tige Genehmigungen schneller erteilt werden.\n<\/p>\n<p class=\"paragraph article__item\">\u00a9 dpa-infocom, dpa:260710-930-364354\/2<\/p>\n","protected":false},"excerpt":{"rendered":"Die Bremer Landesregierung hat im Bundesrat unterschiedlich abgestimmt. Die Stimme aus Bremen ist damit ung\u00fcltig. Ein solcher Vorfall&hellip;\n","protected":false},"author":2,"featured_media":1156715,"comment_status":"","ping_status":"","sticky":false,"template":"","format":"standard","meta":{"footnotes":"","_share_on_mastodon":"0"},"categories":[1824],"tags":[12408,242682,2420,4029,3364,29,30,5544,44,139962,15],"class_list":["post-1156714","post","type-post","status-publish","format-standard","has-post-thumbnail","category-bremen","tag-abstimmung","tag-abstimmung-zu-infrastruktur","tag-bremen","tag-bundesrat","tag-de","tag-deutschland","tag-germany","tag-infrastruktur","tag-koalition","tag-koalitionskrach","tag-news"],"share_on_mastodon":{"url":"https:\/\/pubeurope.com\/@de\/116895835001627005","error":""},"_links":{"self":[{"href":"https:\/\/www.europesays.com\/de\/wp-json\/wp\/v2\/posts\/1156714","targetHints":{"allow":["GET"]}}],"collection":[{"href":"https:\/\/www.europesays.com\/de\/wp-json\/wp\/v2\/posts"}],"about":[{"href":"https:\/\/www.europesays.com\/de\/wp-json\/wp\/v2\/types\/post"}],"author":[{"embeddable":true,"href":"https:\/\/www.europesays.com\/de\/wp-json\/wp\/v2\/users\/2"}],"replies":[{"embeddable":true,"href":"https:\/\/www.europesays.com\/de\/wp-json\/wp\/v2\/comments?post=1156714"}],"version-history":[{"count":0,"href":"https:\/\/www.europesays.com\/de\/wp-json\/wp\/v2\/posts\/1156714\/revisions"}],"wp:featuredmedia":[{"embeddable":true,"href":"https:\/\/www.europesays.com\/de\/wp-json\/wp\/v2\/media\/1156715"}],"wp:attachment":[{"href":"https:\/\/www.europesays.com\/de\/wp-json\/wp\/v2\/media?parent=1156714"}],"wp:term":[{"taxonomy":"category","embeddable":true,"href":"https:\/\/www.europesays.com\/de\/wp-json\/wp\/v2\/categories?post=1156714"},{"taxonomy":"post_tag","embeddable":true,"href":"https:\/\/www.europesays.com\/de\/wp-json\/wp\/v2\/tags?post=1156714"}],"curies":[{"name":"wp","href":"https:\/\/api.w.org\/{rel}","templated":true}]}}