{"id":1156755,"date":"2026-07-10T13:29:23","date_gmt":"2026-07-10T13:29:23","guid":{"rendered":"https:\/\/www.europesays.com\/de\/1156755\/"},"modified":"2026-07-10T13:29:23","modified_gmt":"2026-07-10T13:29:23","slug":"regierender-buergermeister-ich-habe-kommunikative-fehler-gemacht-wegner-zieht-spitzenkandidatur-fuer-berlin-wahl-zurueck-video","status":"publish","type":"post","link":"https:\/\/www.europesays.com\/de\/1156755\/","title":{"rendered":"Regierender B\u00fcrgermeister: \u201eIch habe kommunikative Fehler gemacht\u201c \u2013 Wegner zieht Spitzenkandidatur f\u00fcr Berlin-Wahl zur\u00fcck &#8211; Video"},"content":{"rendered":"<p>Artikeltyp:VideoRegierender B\u00fcrgermeister<\/p>\n<p>\u201eIch habe kommunikative Fehler gemacht\u201c \u2013 Wegner zieht Spitzenkandidatur f\u00fcr Berlin-Wahl zur\u00fcckStand: 15:24 UhrDauer: 5 Minuten<img src=\"https:\/\/www.europesays.com\/de\/wp-content\/uploads\/2026\/07\/dpa-com-260709-935-1469669-jpg.jpeg\" class=\"c-picture__image\" alt=\"\" loading=\"eager\" decoding=\"sync\" fetchpriority=\"high\"\/><\/p>\n<p>Berlins Regierender B\u00fcrgermeister Kai Wegner (CDU) hat seine Spitzenkandidatur f\u00fcr die Wahl des Abgeordnetenhauses im September zur\u00fcckgezogen. Sehen Sie hier sein Statement in voller L\u00e4nge.<\/p>\n<p>\u00a9 Axel Springer Deutschland GmbH. Alle Rechte vorbehalten.<\/p>\n","protected":false},"excerpt":{"rendered":"Artikeltyp:VideoRegierender B\u00fcrgermeister \u201eIch habe kommunikative Fehler gemacht\u201c \u2013 Wegner zieht Spitzenkandidatur f\u00fcr Berlin-Wahl zur\u00fcckStand: 15:24 UhrDauer: 5 Minuten&hellip;\n","protected":false},"author":2,"featured_media":1156756,"comment_status":"","ping_status":"","sticky":false,"template":"","format":"standard","meta":{"footnotes":"","_share_on_mastodon":"0"},"categories":[1825],"tags":[296,29,30,3124,3123],"class_list":["post-1156755","post","type-post","status-publish","format-standard","has-post-thumbnail","category-berlin","tag-berlin","tag-deutschland","tag-germany","tag-kai","tag-wegner"],"share_on_mastodon":{"url":"https:\/\/pubeurope.com\/@de\/116895926938586883","error":""},"_links":{"self":[{"href":"https:\/\/www.europesays.com\/de\/wp-json\/wp\/v2\/posts\/1156755","targetHints":{"allow":["GET"]}}],"collection":[{"href":"https:\/\/www.europesays.com\/de\/wp-json\/wp\/v2\/posts"}],"about":[{"href":"https:\/\/www.europesays.com\/de\/wp-json\/wp\/v2\/types\/post"}],"author":[{"embeddable":true,"href":"https:\/\/www.europesays.com\/de\/wp-json\/wp\/v2\/users\/2"}],"replies":[{"embeddable":true,"href":"https:\/\/www.europesays.com\/de\/wp-json\/wp\/v2\/comments?post=1156755"}],"version-history":[{"count":0,"href":"https:\/\/www.europesays.com\/de\/wp-json\/wp\/v2\/posts\/1156755\/revisions"}],"wp:featuredmedia":[{"embeddable":true,"href":"https:\/\/www.europesays.com\/de\/wp-json\/wp\/v2\/media\/1156756"}],"wp:attachment":[{"href":"https:\/\/www.europesays.com\/de\/wp-json\/wp\/v2\/media?parent=1156755"}],"wp:term":[{"taxonomy":"category","embeddable":true,"href":"https:\/\/www.europesays.com\/de\/wp-json\/wp\/v2\/categories?post=1156755"},{"taxonomy":"post_tag","embeddable":true,"href":"https:\/\/www.europesays.com\/de\/wp-json\/wp\/v2\/tags?post=1156755"}],"curies":[{"name":"wp","href":"https:\/\/api.w.org\/{rel}","templated":true}]}}